{"id":139,"date":"2022-11-18T14:03:05","date_gmt":"2022-11-18T14:03:05","guid":{"rendered":"https:\/\/www.madeirasradial.com.br\/blog\/?p=139"},"modified":"2022-11-18T14:05:57","modified_gmt":"2022-11-18T14:05:57","slug":"onde-comprar-compensados-de-madeira-na-zona-sul","status":"publish","type":"post","link":"https:\/\/www.madeirasradial.com.br\/blog\/compensados\/onde-comprar-compensados-de-madeira-na-zona-sul\/","title":{"rendered":"Onde comprar compensados de madeira na zona sul?\u00a0"},"content":{"rendered":"<span class=\"rt-reading-time\" style=\"display: block;\"><span class=\"rt-label rt-prefix\">Tempo de leitura<\/span> <span class=\"rt-time\">2<\/span> <span class=\"rt-label rt-postfix\">minutos<\/span><\/span>\n<p style=\"font-size:23px\"><strong><em>Saiba qual empresa escolher para comprar compensados de madeira na zona sul de S\u00e3o Paulo<\/em><\/strong><\/p>\n\n\n\n<p>Os compensados de madeiras s\u00e3o itens muito buscados no mercado como um material essencial no desenvolvimento dos mais diversos projetos, atendendo \u00e0s necessidades de diferentes aplica\u00e7\u00f5es.&nbsp;<\/p>\n\n\n\n<p>O compensado de madeira, tamb\u00e9m conhecido como madeirite, consiste em uma folha fina de madeira sobreposta \u00e0s outras, criando, assim, v\u00e1rias camadas de madeira sobrepostas que unidas formam uma placa resistente.<\/p>\n\n\n\n<p>Tenha em mente que os compensados podem ser compostos por mais de um tipo de madeira. A grande vantagem em utilizar esse material \u00e9 a alta resist\u00eancia que ele possui em rela\u00e7\u00e3o a encolhimentos, tor\u00e7\u00f5es e rachaduras.<\/p>\n\n\n\n<p>Por conta de todas essas caracter\u00edsticas, os compensados s\u00e3o bastante solicitados no mercado, fazendo com que seja primordial escolher o fornecedor ideal.&nbsp;<\/p>\n\n\n\n<p>Que tal conhecer, ent\u00e3o, o lugar certo para comprar compensados de madeira na zona sul, Diadema e regi\u00f5es pr\u00f3ximas?&nbsp;<\/p>\n\n\n\n<p>Nesse caso, conhe\u00e7a a Madeiras Radial, refer\u00eancia no mercado quando se fala em compensados de madeiras.&nbsp;<\/p>\n\n\n\n<ul class=\"wp-block-list\">\n<li><a href=\"https:\/\/www.madeirasradial.com.br\/blog\/mdf\/descubra-onde-encontrar-chapa-de-mdf-em-diadema\/\" target=\"_blank\" rel=\"noreferrer noopener\">Descubra onde encontrar chapa de MDF em Diadema<\/a><\/li>\n\n\n\n<li><a href=\"https:\/\/www.madeirasradial.com.br\/blog\/mdf\/loja-de-madeiras-em-sao-paulo-onde-encontrar-uma\/\">Loja de made<\/a><a href=\"https:\/\/www.madeirasradial.com.br\/blog\/mdf\/loja-de-madeiras-em-sao-paulo-onde-encontrar-uma\/\" target=\"_blank\" rel=\"noreferrer noopener\">i<\/a><a href=\"https:\/\/www.madeirasradial.com.br\/blog\/mdf\/loja-de-madeiras-em-sao-paulo-onde-encontrar-uma\/\">ras em S\u00e3o Paulo: onde encontrar uma?<\/a><\/li>\n<\/ul>\n\n\n\n<div id=\"ez-toc-container\" class=\"ez-toc-v2_0_67_1 counter-hierarchy ez-toc-counter ez-toc-grey ez-toc-container-direction\">\n<div class=\"ez-toc-title-container\">\n<p class=\"ez-toc-title \" >T&oacute;picos do artigo<\/p>\n<span class=\"ez-toc-title-toggle\"><a href=\"#\" class=\"ez-toc-pull-right ez-toc-btn ez-toc-btn-xs ez-toc-btn-default ez-toc-toggle\" aria-label=\"Toggle Table of Content\"><span class=\"ez-toc-js-icon-con\"><span class=\"\"><span class=\"eztoc-hide\" style=\"display:none;\">Toggle<\/span><span class=\"ez-toc-icon-toggle-span\"><svg style=\"fill: #999;color:#999\" xmlns=\"http:\/\/www.w3.org\/2000\/svg\" class=\"list-377408\" width=\"20px\" height=\"20px\" viewBox=\"0 0 24 24\" fill=\"none\"><path d=\"M6 6H4v2h2V6zm14 0H8v2h12V6zM4 11h2v2H4v-2zm16 0H8v2h12v-2zM4 16h2v2H4v-2zm16 0H8v2h12v-2z\" fill=\"currentColor\"><\/path><\/svg><svg style=\"fill: #999;color:#999\" class=\"arrow-unsorted-368013\" xmlns=\"http:\/\/www.w3.org\/2000\/svg\" width=\"10px\" height=\"10px\" viewBox=\"0 0 24 24\" version=\"1.2\" baseProfile=\"tiny\"><path d=\"M18.2 9.3l-6.2-6.3-6.2 6.3c-.2.2-.3.4-.3.7s.1.5.3.7c.2.2.4.3.7.3h11c.3 0 .5-.1.7-.3.2-.2.3-.5.3-.7s-.1-.5-.3-.7zM5.8 14.7l6.2 6.3 6.2-6.3c.2-.2.3-.5.3-.7s-.1-.5-.3-.7c-.2-.2-.4-.3-.7-.3h-11c-.3 0-.5.1-.7.3-.2.2-.3.5-.3.7s.1.5.3.7z\"\/><\/svg><\/span><\/span><\/span><\/a><\/span><\/div>\n<nav><ul class='ez-toc-list ez-toc-list-level-1 ' ><li class='ez-toc-page-1 ez-toc-heading-level-2'><a class=\"ez-toc-link ez-toc-heading-1\" href=\"https:\/\/www.madeirasradial.com.br\/blog\/compensados\/onde-comprar-compensados-de-madeira-na-zona-sul\/#Madeiras_Radial_seu_lugar_certo_para_comprar_compensados_de_madeira_na_zona_sul\" title=\"Madeiras Radial, seu lugar certo para comprar compensados de madeira na zona sul\">Madeiras Radial, seu lugar certo para comprar compensados de madeira na zona sul<\/a><ul class='ez-toc-list-level-3' ><li class='ez-toc-heading-level-3'><a class=\"ez-toc-link ez-toc-heading-2\" href=\"https:\/\/www.madeirasradial.com.br\/blog\/compensados\/onde-comprar-compensados-de-madeira-na-zona-sul\/#Precisou_de_compensados_de_madeira_em_Diadema_e_na_zona_sul_de_Sao_Paulo_Conte_com_a_Madeiras_Radial\" title=\"Precisou de compensados de madeira em Diadema e na zona sul de S\u00e3o Paulo? Conte com a Madeiras Radial\">Precisou de compensados de madeira em Diadema e na zona sul de S\u00e3o Paulo? Conte com a Madeiras Radial<\/a><\/li><\/ul><\/li><\/ul><\/nav><\/div>\n<h2 class=\"wp-block-heading\"><span class=\"ez-toc-section\" id=\"Madeiras_Radial_seu_lugar_certo_para_comprar_compensados_de_madeira_na_zona_sul\"><\/span>Madeiras Radial, seu lugar certo para comprar compensados de madeira na zona sul<span class=\"ez-toc-section-end\"><\/span><\/h2>\n\n\n<div class=\"wp-block-image is-style-rounded\">\n<figure class=\"alignright size-full is-resized\"><img loading=\"lazy\" decoding=\"async\" src=\"https:\/\/www.madeirasradial.com.br\/blog\/wp-content\/uploads\/2022\/11\/compensado-pinus-1.jpg\" alt=\"\" class=\"wp-image-143\" width=\"309\" height=\"193\"\/><\/figure>\n<\/div>\n\n\n<p>Localizada na avenida Cupec\u00ea, uma das mais importantes da capital paulista, a Madeiras Radial surge como uma empresa completa, oferecendo o que h\u00e1 de melhor em compensados de madeiras na zona sul, Diadema e regi\u00f5es pr\u00f3ximas.&nbsp;<\/p>\n\n\n\n<p>Tenha em mente que a Madeiras Radial oferece produtos de alta qualidade, fornecendo materiais \u00e0 altura dos projetos onde ser\u00e3o utilizados.&nbsp;<\/p>\n\n\n\n<p>A Madeiras Radial oferece madeira compensada para as mais diversas aplica\u00e7\u00f5es, como na constru\u00e7\u00e3o civil, na confec\u00e7\u00e3o de m\u00f3veis, na arquitetura e muito mais.<\/p>\n\n\n\n<p>Por fim, saiba que a Madeiras Radial \u00e9 uma empresa que conta com uma infraestrutura ampla e moderna, capaz de atender perfeitamente \u00e0s demandas de cada cliente.&nbsp;<\/p>\n\n\n\n<ul class=\"wp-block-list\">\n<li><a href=\"https:\/\/www.madeirasradial.com.br\/blog\/mdf\/mdf-cortado-sob-medida-onde-encontrar\/\" target=\"_blank\" rel=\"noreferrer noopener\">MDF cortado sob medida: onde encontrar?<\/a><\/li>\n\n\n\n<li><a href=\"https:\/\/www.madeirasradial.com.br\/blog\/mdf\/onde-comprar-chapas-de-mdf\/\" target=\"_blank\" rel=\"noreferrer noopener\">Onde comprar chapas de MDF?<\/a><\/li>\n<\/ul>\n\n\n\n<h3 class=\"wp-block-heading\"><span class=\"ez-toc-section\" id=\"Precisou_de_compensados_de_madeira_em_Diadema_e_na_zona_sul_de_Sao_Paulo_Conte_com_a_Madeiras_Radial\"><\/span>Precisou de compensados de madeira em Diadema e na zona sul de S\u00e3o Paulo? Conte com a Madeiras Radial<span class=\"ez-toc-section-end\"><\/span><\/h3>\n\n\n\n<p>Agora que conhece melhor a Madeiras Radial, com certeza fica mais f\u00e1cil saber onde comprar compensados de madeira em Diadema, na zona sul e em muitas outras regi\u00f5es da capital.&nbsp;<\/p>\n\n\n\n<p>Gostou de saber onde comprar compensados de madeira na zona sul? Ent\u00e3o, acompanhe o <a href=\"https:\/\/madeirasradial.com.br\/blog\/\" target=\"_blank\" rel=\"noreferrer noopener\">blog <\/a>da Madeiras Radial para ler mais conte\u00fado como este. At\u00e9 a pr\u00f3xima!&nbsp;<\/p>\n\n\n\n<ul class=\"wp-block-list\">\n<li><a href=\"https:\/\/www.madeirasradial.com.br\/blog\/loja-de-madeira\/loja-de-madeiras-na-zona-sul\/\" target=\"_blank\" rel=\"noreferrer noopener\">Loja de madeiras na zona sul<\/a><\/li>\n<\/ul>\n\n\n\n<p>.&nbsp;<\/p>\n","protected":false},"excerpt":{"rendered":"<p><span class=\"rt-reading-time\" style=\"display: block;\"><span class=\"rt-label rt-prefix\">Tempo de leitura<\/span> <span class=\"rt-time\">2<\/span> <span class=\"rt-label rt-postfix\">minutos<\/span><\/span> Saiba qual empresa escolher para comprar compensados de madeira na zona sul de S\u00e3o Paulo Os compensados de madeiras s\u00e3o itens muito buscados no mercado como um material essencial no desenvolvimento dos mais diversos projetos, atendendo \u00e0s necessidades de diferentes&#8230;<\/p>\n","protected":false},"author":1,"featured_media":140,"comment_status":"open","ping_status":"open","sticky":false,"template":"","format":"standard","meta":{"footnotes":""},"categories":[33],"tags":[216,215,213,214,219,218,217,212,211],"class_list":["post-139","post","type-post","status-publish","format-standard","has-post-thumbnail","hentry","category-compensados","tag-compensados-de-madeira-cupece","tag-compensados-de-madeira-em-diadema","tag-compensados-de-madeira-na-zona-sul","tag-compensados-de-madeira-zona-sul","tag-comprar-compensados-de-madeira-em-diadema","tag-onde-comprar-compensados-de-madeira-diadema","tag-onde-comprar-compensados-de-madeira-em-diadema","tag-onde-comprar-compensados-de-madeira-na-zona-sul-2","tag-onde-comprar-compensados-de-madeira-na-zona-sul"],"yoast_head":"<!-- This site is optimized with the Yoast SEO plugin v23.0 - https:\/\/yoast.com\/wordpress\/plugins\/seo\/ -->\n<title>Onde comprar compensados de madeira na zona sul?\u00a0 - Madeiras Radial<\/title>\n<meta name=\"robots\" content=\"index, follow, max-snippet:-1, max-image-preview:large, max-video-preview:-1\" \/>\n<link rel=\"canonical\" href=\"https:\/\/www.madeirasradial.com.br\/blog\/compensados\/onde-comprar-compensados-de-madeira-na-zona-sul\/\" \/>\n<meta property=\"og:locale\" content=\"pt_BR\" \/>\n<meta property=\"og:type\" content=\"article\" \/>\n<meta property=\"og:title\" content=\"Onde comprar compensados de madeira na zona sul?\u00a0 - Madeiras Radial\" \/>\n<meta property=\"og:description\" content=\"Tempo de leitura 2 minutos Saiba qual empresa escolher para comprar compensados de madeira na zona sul de S\u00e3o Paulo Os compensados de madeiras s\u00e3o itens muito buscados no mercado como um material essencial no desenvolvimento dos mais diversos projetos, atendendo \u00e0s necessidades de diferentes...\" \/>\n<meta property=\"og:url\" content=\"https:\/\/www.madeirasradial.com.br\/blog\/compensados\/onde-comprar-compensados-de-madeira-na-zona-sul\/\" \/>\n<meta property=\"og:site_name\" content=\"Madeiras Radial\" \/>\n<meta property=\"article:published_time\" content=\"2022-11-18T14:03:05+00:00\" \/>\n<meta property=\"article:modified_time\" content=\"2022-11-18T14:05:57+00:00\" \/>\n<meta property=\"og:image\" content=\"https:\/\/www.madeirasradial.com.br\/blog\/wp-content\/uploads\/2022\/11\/tipos-de-compensados-chapas-de-madeira.jpg\" \/>\n\t<meta property=\"og:image:width\" content=\"1024\" \/>\n\t<meta property=\"og:image:height\" content=\"683\" \/>\n\t<meta property=\"og:image:type\" content=\"image\/jpeg\" \/>\n<meta name=\"author\" content=\"admin\" \/>\n<meta name=\"twitter:card\" content=\"summary_large_image\" \/>\n<meta name=\"twitter:label1\" content=\"Escrito por\" \/>\n\t<meta name=\"twitter:data1\" content=\"admin\" \/>\n\t<meta name=\"twitter:label2\" content=\"Est. tempo de leitura\" \/>\n\t<meta name=\"twitter:data2\" content=\"2 minutos\" \/>\n<script type=\"application\/ld+json\" class=\"yoast-schema-graph\">{\"@context\":\"https:\/\/schema.org\",\"@graph\":[{\"@type\":\"Article\",\"@id\":\"https:\/\/www.madeirasradial.com.br\/blog\/compensados\/onde-comprar-compensados-de-madeira-na-zona-sul\/#article\",\"isPartOf\":{\"@id\":\"https:\/\/www.madeirasradial.com.br\/blog\/compensados\/onde-comprar-compensados-de-madeira-na-zona-sul\/\"},\"author\":{\"name\":\"admin\",\"@id\":\"https:\/\/www.madeirasradial.com.br\/blog\/#\/schema\/person\/112c22676c0df61d87d28e82ec250e9e\"},\"headline\":\"Onde comprar compensados de madeira na zona sul?\u00a0\",\"datePublished\":\"2022-11-18T14:03:05+00:00\",\"dateModified\":\"2022-11-18T14:05:57+00:00\",\"mainEntityOfPage\":{\"@id\":\"https:\/\/www.madeirasradial.com.br\/blog\/compensados\/onde-comprar-compensados-de-madeira-na-zona-sul\/\"},\"wordCount\":443,\"commentCount\":0,\"publisher\":{\"@id\":\"https:\/\/www.madeirasradial.com.br\/blog\/#organization\"},\"image\":{\"@id\":\"https:\/\/www.madeirasradial.com.br\/blog\/compensados\/onde-comprar-compensados-de-madeira-na-zona-sul\/#primaryimage\"},\"thumbnailUrl\":\"https:\/\/www.madeirasradial.com.br\/blog\/wp-content\/uploads\/2022\/11\/tipos-de-compensados-chapas-de-madeira.jpg\",\"keywords\":[\"compensados de madeira cupec\u00ea\",\"compensados de madeira em diadema\",\"compensados de madeira na zona sul\",\"compensados de madeira zona sul\",\"comprar compensados de madeira em Diadema\",\"onde comprar compensados de madeira Diadema\",\"onde comprar compensados de madeira em Diadema\",\"Onde comprar compensados de madeira na zona sul\",\"Onde comprar compensados de madeira na zona sul?\"],\"articleSection\":[\"Compensados\"],\"inLanguage\":\"pt-BR\",\"potentialAction\":[{\"@type\":\"CommentAction\",\"name\":\"Comment\",\"target\":[\"https:\/\/www.madeirasradial.com.br\/blog\/compensados\/onde-comprar-compensados-de-madeira-na-zona-sul\/#respond\"]}]},{\"@type\":\"WebPage\",\"@id\":\"https:\/\/www.madeirasradial.com.br\/blog\/compensados\/onde-comprar-compensados-de-madeira-na-zona-sul\/\",\"url\":\"https:\/\/www.madeirasradial.com.br\/blog\/compensados\/onde-comprar-compensados-de-madeira-na-zona-sul\/\",\"name\":\"Onde comprar compensados de madeira na zona sul?\u00a0 - Madeiras Radial\",\"isPartOf\":{\"@id\":\"https:\/\/www.madeirasradial.com.br\/blog\/#website\"},\"primaryImageOfPage\":{\"@id\":\"https:\/\/www.madeirasradial.com.br\/blog\/compensados\/onde-comprar-compensados-de-madeira-na-zona-sul\/#primaryimage\"},\"image\":{\"@id\":\"https:\/\/www.madeirasradial.com.br\/blog\/compensados\/onde-comprar-compensados-de-madeira-na-zona-sul\/#primaryimage\"},\"thumbnailUrl\":\"https:\/\/www.madeirasradial.com.br\/blog\/wp-content\/uploads\/2022\/11\/tipos-de-compensados-chapas-de-madeira.jpg\",\"datePublished\":\"2022-11-18T14:03:05+00:00\",\"dateModified\":\"2022-11-18T14:05:57+00:00\",\"breadcrumb\":{\"@id\":\"https:\/\/www.madeirasradial.com.br\/blog\/compensados\/onde-comprar-compensados-de-madeira-na-zona-sul\/#breadcrumb\"},\"inLanguage\":\"pt-BR\",\"potentialAction\":[{\"@type\":\"ReadAction\",\"target\":[\"https:\/\/www.madeirasradial.com.br\/blog\/compensados\/onde-comprar-compensados-de-madeira-na-zona-sul\/\"]}]},{\"@type\":\"ImageObject\",\"inLanguage\":\"pt-BR\",\"@id\":\"https:\/\/www.madeirasradial.com.br\/blog\/compensados\/onde-comprar-compensados-de-madeira-na-zona-sul\/#primaryimage\",\"url\":\"https:\/\/www.madeirasradial.com.br\/blog\/wp-content\/uploads\/2022\/11\/tipos-de-compensados-chapas-de-madeira.jpg\",\"contentUrl\":\"https:\/\/www.madeirasradial.com.br\/blog\/wp-content\/uploads\/2022\/11\/tipos-de-compensados-chapas-de-madeira.jpg\",\"width\":1024,\"height\":683,\"caption\":\"Onde comprar compensados de madeira na zona sul?\u00a0\"},{\"@type\":\"BreadcrumbList\",\"@id\":\"https:\/\/www.madeirasradial.com.br\/blog\/compensados\/onde-comprar-compensados-de-madeira-na-zona-sul\/#breadcrumb\",\"itemListElement\":[{\"@type\":\"ListItem\",\"position\":1,\"name\":\"In\u00edcio\",\"item\":\"https:\/\/www.madeirasradial.com.br\/blog\/\"},{\"@type\":\"ListItem\",\"position\":2,\"name\":\"Onde comprar compensados de madeira na zona sul?\u00a0\"}]},{\"@type\":\"WebSite\",\"@id\":\"https:\/\/www.madeirasradial.com.br\/blog\/#website\",\"url\":\"https:\/\/www.madeirasradial.com.br\/blog\/\",\"name\":\"Madeiras Radial\",\"description\":\"Blog\",\"publisher\":{\"@id\":\"https:\/\/www.madeirasradial.com.br\/blog\/#organization\"},\"potentialAction\":[{\"@type\":\"SearchAction\",\"target\":{\"@type\":\"EntryPoint\",\"urlTemplate\":\"https:\/\/www.madeirasradial.com.br\/blog\/?s={search_term_string}\"},\"query-input\":\"required name=search_term_string\"}],\"inLanguage\":\"pt-BR\"},{\"@type\":\"Organization\",\"@id\":\"https:\/\/www.madeirasradial.com.br\/blog\/#organization\",\"name\":\"Madeiras Radial\",\"url\":\"https:\/\/www.madeirasradial.com.br\/blog\/\",\"logo\":{\"@type\":\"ImageObject\",\"inLanguage\":\"pt-BR\",\"@id\":\"https:\/\/www.madeirasradial.com.br\/blog\/#\/schema\/logo\/image\/\",\"url\":\"https:\/\/www.madeirasradial.com.br\/blog\/wp-content\/uploads\/2022\/04\/logo-sas.png\",\"contentUrl\":\"https:\/\/www.madeirasradial.com.br\/blog\/wp-content\/uploads\/2022\/04\/logo-sas.png\",\"width\":640,\"height\":123,\"caption\":\"Madeiras Radial\"},\"image\":{\"@id\":\"https:\/\/www.madeirasradial.com.br\/blog\/#\/schema\/logo\/image\/\"}},{\"@type\":\"Person\",\"@id\":\"https:\/\/www.madeirasradial.com.br\/blog\/#\/schema\/person\/112c22676c0df61d87d28e82ec250e9e\",\"name\":\"admin\",\"image\":{\"@type\":\"ImageObject\",\"inLanguage\":\"pt-BR\",\"@id\":\"https:\/\/www.madeirasradial.com.br\/blog\/#\/schema\/person\/image\/\",\"url\":\"https:\/\/secure.gravatar.com\/avatar\/3813f53848958b8842eeafda91666185a90010f65ed554379b78794cde6f234a?s=96&d=mm&r=g\",\"contentUrl\":\"https:\/\/secure.gravatar.com\/avatar\/3813f53848958b8842eeafda91666185a90010f65ed554379b78794cde6f234a?s=96&d=mm&r=g\",\"caption\":\"admin\"},\"sameAs\":[\"https:\/\/madeirasradial.com.br\/blog\"],\"url\":\"https:\/\/www.madeirasradial.com.br\/blog\/author\/admin\/\"}]}<\/script>\n<!-- \/ Yoast SEO plugin. -->","yoast_head_json":{"title":"Onde comprar compensados de madeira na zona sul?\u00a0 - Madeiras Radial","robots":{"index":"index","follow":"follow","max-snippet":"max-snippet:-1","max-image-preview":"max-image-preview:large","max-video-preview":"max-video-preview:-1"},"canonical":"https:\/\/www.madeirasradial.com.br\/blog\/compensados\/onde-comprar-compensados-de-madeira-na-zona-sul\/","og_locale":"pt_BR","og_type":"article","og_title":"Onde comprar compensados de madeira na zona sul?\u00a0 - Madeiras Radial","og_description":"Tempo de leitura 2 minutos Saiba qual empresa escolher para comprar compensados de madeira na zona sul de S\u00e3o Paulo Os compensados de madeiras s\u00e3o itens muito buscados no mercado como um material essencial no desenvolvimento dos mais diversos projetos, atendendo \u00e0s necessidades de diferentes...","og_url":"https:\/\/www.madeirasradial.com.br\/blog\/compensados\/onde-comprar-compensados-de-madeira-na-zona-sul\/","og_site_name":"Madeiras Radial","article_published_time":"2022-11-18T14:03:05+00:00","article_modified_time":"2022-11-18T14:05:57+00:00","og_image":[{"width":1024,"height":683,"url":"https:\/\/www.madeirasradial.com.br\/blog\/wp-content\/uploads\/2022\/11\/tipos-de-compensados-chapas-de-madeira.jpg","type":"image\/jpeg"}],"author":"admin","twitter_card":"summary_large_image","twitter_misc":{"Escrito por":"admin","Est. tempo de leitura":"2 minutos"},"schema":{"@context":"https:\/\/schema.org","@graph":[{"@type":"Article","@id":"https:\/\/www.madeirasradial.com.br\/blog\/compensados\/onde-comprar-compensados-de-madeira-na-zona-sul\/#article","isPartOf":{"@id":"https:\/\/www.madeirasradial.com.br\/blog\/compensados\/onde-comprar-compensados-de-madeira-na-zona-sul\/"},"author":{"name":"admin","@id":"https:\/\/www.madeirasradial.com.br\/blog\/#\/schema\/person\/112c22676c0df61d87d28e82ec250e9e"},"headline":"Onde comprar compensados de madeira na zona sul?\u00a0","datePublished":"2022-11-18T14:03:05+00:00","dateModified":"2022-11-18T14:05:57+00:00","mainEntityOfPage":{"@id":"https:\/\/www.madeirasradial.com.br\/blog\/compensados\/onde-comprar-compensados-de-madeira-na-zona-sul\/"},"wordCount":443,"commentCount":0,"publisher":{"@id":"https:\/\/www.madeirasradial.com.br\/blog\/#organization"},"image":{"@id":"https:\/\/www.madeirasradial.com.br\/blog\/compensados\/onde-comprar-compensados-de-madeira-na-zona-sul\/#primaryimage"},"thumbnailUrl":"https:\/\/www.madeirasradial.com.br\/blog\/wp-content\/uploads\/2022\/11\/tipos-de-compensados-chapas-de-madeira.jpg","keywords":["compensados de madeira cupec\u00ea","compensados de madeira em diadema","compensados de madeira na zona sul","compensados de madeira zona sul","comprar compensados de madeira em Diadema","onde comprar compensados de madeira Diadema","onde comprar compensados de madeira em Diadema","Onde comprar compensados de madeira na zona sul","Onde comprar compensados de madeira na zona sul?"],"articleSection":["Compensados"],"inLanguage":"pt-BR","potentialAction":[{"@type":"CommentAction","name":"Comment","target":["https:\/\/www.madeirasradial.com.br\/blog\/compensados\/onde-comprar-compensados-de-madeira-na-zona-sul\/#respond"]}]},{"@type":"WebPage","@id":"https:\/\/www.madeirasradial.com.br\/blog\/compensados\/onde-comprar-compensados-de-madeira-na-zona-sul\/","url":"https:\/\/www.madeirasradial.com.br\/blog\/compensados\/onde-comprar-compensados-de-madeira-na-zona-sul\/","name":"Onde comprar compensados de madeira na zona sul?\u00a0 - Madeiras Radial","isPartOf":{"@id":"https:\/\/www.madeirasradial.com.br\/blog\/#website"},"primaryImageOfPage":{"@id":"https:\/\/www.madeirasradial.com.br\/blog\/compensados\/onde-comprar-compensados-de-madeira-na-zona-sul\/#primaryimage"},"image":{"@id":"https:\/\/www.madeirasradial.com.br\/blog\/compensados\/onde-comprar-compensados-de-madeira-na-zona-sul\/#primaryimage"},"thumbnailUrl":"https:\/\/www.madeirasradial.com.br\/blog\/wp-content\/uploads\/2022\/11\/tipos-de-compensados-chapas-de-madeira.jpg","datePublished":"2022-11-18T14:03:05+00:00","dateModified":"2022-11-18T14:05:57+00:00","breadcrumb":{"@id":"https:\/\/www.madeirasradial.com.br\/blog\/compensados\/onde-comprar-compensados-de-madeira-na-zona-sul\/#breadcrumb"},"inLanguage":"pt-BR","potentialAction":[{"@type":"ReadAction","target":["https:\/\/www.madeirasradial.com.br\/blog\/compensados\/onde-comprar-compensados-de-madeira-na-zona-sul\/"]}]},{"@type":"ImageObject","inLanguage":"pt-BR","@id":"https:\/\/www.madeirasradial.com.br\/blog\/compensados\/onde-comprar-compensados-de-madeira-na-zona-sul\/#primaryimage","url":"https:\/\/www.madeirasradial.com.br\/blog\/wp-content\/uploads\/2022\/11\/tipos-de-compensados-chapas-de-madeira.jpg","contentUrl":"https:\/\/www.madeirasradial.com.br\/blog\/wp-content\/uploads\/2022\/11\/tipos-de-compensados-chapas-de-madeira.jpg","width":1024,"height":683,"caption":"Onde comprar compensados de madeira na zona sul?\u00a0"},{"@type":"BreadcrumbList","@id":"https:\/\/www.madeirasradial.com.br\/blog\/compensados\/onde-comprar-compensados-de-madeira-na-zona-sul\/#breadcrumb","itemListElement":[{"@type":"ListItem","position":1,"name":"In\u00edcio","item":"https:\/\/www.madeirasradial.com.br\/blog\/"},{"@type":"ListItem","position":2,"name":"Onde comprar compensados de madeira na zona sul?\u00a0"}]},{"@type":"WebSite","@id":"https:\/\/www.madeirasradial.com.br\/blog\/#website","url":"https:\/\/www.madeirasradial.com.br\/blog\/","name":"Madeiras Radial","description":"Blog","publisher":{"@id":"https:\/\/www.madeirasradial.com.br\/blog\/#organization"},"potentialAction":[{"@type":"SearchAction","target":{"@type":"EntryPoint","urlTemplate":"https:\/\/www.madeirasradial.com.br\/blog\/?s={search_term_string}"},"query-input":"required name=search_term_string"}],"inLanguage":"pt-BR"},{"@type":"Organization","@id":"https:\/\/www.madeirasradial.com.br\/blog\/#organization","name":"Madeiras Radial","url":"https:\/\/www.madeirasradial.com.br\/blog\/","logo":{"@type":"ImageObject","inLanguage":"pt-BR","@id":"https:\/\/www.madeirasradial.com.br\/blog\/#\/schema\/logo\/image\/","url":"https:\/\/www.madeirasradial.com.br\/blog\/wp-content\/uploads\/2022\/04\/logo-sas.png","contentUrl":"https:\/\/www.madeirasradial.com.br\/blog\/wp-content\/uploads\/2022\/04\/logo-sas.png","width":640,"height":123,"caption":"Madeiras Radial"},"image":{"@id":"https:\/\/www.madeirasradial.com.br\/blog\/#\/schema\/logo\/image\/"}},{"@type":"Person","@id":"https:\/\/www.madeirasradial.com.br\/blog\/#\/schema\/person\/112c22676c0df61d87d28e82ec250e9e","name":"admin","image":{"@type":"ImageObject","inLanguage":"pt-BR","@id":"https:\/\/www.madeirasradial.com.br\/blog\/#\/schema\/person\/image\/","url":"https:\/\/secure.gravatar.com\/avatar\/3813f53848958b8842eeafda91666185a90010f65ed554379b78794cde6f234a?s=96&d=mm&r=g","contentUrl":"https:\/\/secure.gravatar.com\/avatar\/3813f53848958b8842eeafda91666185a90010f65ed554379b78794cde6f234a?s=96&d=mm&r=g","caption":"admin"},"sameAs":["https:\/\/madeirasradial.com.br\/blog"],"url":"https:\/\/www.madeirasradial.com.br\/blog\/author\/admin\/"}]}},"_links":{"self":[{"href":"https:\/\/www.madeirasradial.com.br\/blog\/wp-json\/wp\/v2\/posts\/139","targetHints":{"allow":["GET"]}}],"collection":[{"href":"https:\/\/www.madeirasradial.com.br\/blog\/wp-json\/wp\/v2\/posts"}],"about":[{"href":"https:\/\/www.madeirasradial.com.br\/blog\/wp-json\/wp\/v2\/types\/post"}],"author":[{"embeddable":true,"href":"https:\/\/www.madeirasradial.com.br\/blog\/wp-json\/wp\/v2\/users\/1"}],"replies":[{"embeddable":true,"href":"https:\/\/www.madeirasradial.com.br\/blog\/wp-json\/wp\/v2\/comments?post=139"}],"version-history":[{"count":3,"href":"https:\/\/www.madeirasradial.com.br\/blog\/wp-json\/wp\/v2\/posts\/139\/revisions"}],"predecessor-version":[{"id":145,"href":"https:\/\/www.madeirasradial.com.br\/blog\/wp-json\/wp\/v2\/posts\/139\/revisions\/145"}],"wp:featuredmedia":[{"embeddable":true,"href":"https:\/\/www.madeirasradial.com.br\/blog\/wp-json\/wp\/v2\/media\/140"}],"wp:attachment":[{"href":"https:\/\/www.madeirasradial.com.br\/blog\/wp-json\/wp\/v2\/media?parent=139"}],"wp:term":[{"taxonomy":"category","embeddable":true,"href":"https:\/\/www.madeirasradial.com.br\/blog\/wp-json\/wp\/v2\/categories?post=139"},{"taxonomy":"post_tag","embeddable":true,"href":"https:\/\/www.madeirasradial.com.br\/blog\/wp-json\/wp\/v2\/tags?post=139"}],"curies":[{"name":"wp","href":"https:\/\/api.w.org\/{rel}","templated":true}]}}