{"id":186,"date":"2026-03-16T17:57:33","date_gmt":"2026-03-16T17:57:33","guid":{"rendered":"https:\/\/www.madeirasradial.com.br\/blog\/?p=186"},"modified":"2026-03-16T17:57:34","modified_gmt":"2026-03-16T17:57:34","slug":"placa-de-mdf-na-zona-sul-onde-comprar","status":"publish","type":"post","link":"https:\/\/www.madeirasradial.com.br\/blog\/mdf\/placa-de-mdf-na-zona-sul-onde-comprar\/","title":{"rendered":"Placa de MDF na zona sul: onde comprar?"},"content":{"rendered":"<span class=\"rt-reading-time\" style=\"display: block;\"><span class=\"rt-label rt-prefix\">Tempo de leitura<\/span> <span class=\"rt-time\">4<\/span> <span class=\"rt-label rt-postfix\">minutos<\/span><\/span>\n<p class=\"has-medium-font-size\"><em><strong>Saiba agora como encontrar uma boa fornecedora\/loja de placa de MDF na zona sul de S\u00e3o Paulo<\/strong><\/em><\/p>\n\n\n\n<p>Placa de MDF \u00e9 um tipo de painel de madeira fabricado a partir de fibras de madeira e resinas sint\u00e9ticas. As fibras de madeira s\u00e3o prensadas e coladas sob alta press\u00e3o e temperatura, de modo a obter uma placa lisa e homog\u00eanea.<\/p>\n\n\n\n<p>Tenha em mente que o MDF \u00e9 amplamente utilizado na ind\u00fastria moveleira e de constru\u00e7\u00e3o civil, em aplica\u00e7\u00f5es como portas, m\u00f3veis, prateleiras, revestimentos, entre outros. \u00c9 um material vers\u00e1til, resistente, de f\u00e1cil usinagem e acabamento, e possui boa estabilidade dimensional.<\/p>\n\n\n\n<p>Existem diferentes tipos de MDF no mercado, com caracter\u00edsticas variadas em rela\u00e7\u00e3o \u00e0 densidade, resist\u00eancia, acabamento superficial, cor, entre outros aspectos. A escolha do tipo de MDF mais adequado depende da finalidade e das especifica\u00e7\u00f5es do projeto em quest\u00e3o.<\/p>\n\n\n\n<ul class=\"wp-block-list\">\n<li><a href=\"https:\/\/www.madeirasradial.com.br\/blog\/mdf\/para-que-serve-o-mdf-e-como-aplica-lo\/\" target=\"_blank\" rel=\"noreferrer noopener\">Para que serve o MDF e como aplic\u00e1-lo?<\/a><\/li>\n<\/ul>\n\n\n\n<div id=\"ez-toc-container\" class=\"ez-toc-v2_0_67_1 counter-hierarchy ez-toc-counter ez-toc-grey ez-toc-container-direction\">\n<div class=\"ez-toc-title-container\">\n<p class=\"ez-toc-title \" >T&oacute;picos do artigo<\/p>\n<span class=\"ez-toc-title-toggle\"><a href=\"#\" class=\"ez-toc-pull-right ez-toc-btn ez-toc-btn-xs ez-toc-btn-default ez-toc-toggle\" aria-label=\"Toggle Table of Content\"><span class=\"ez-toc-js-icon-con\"><span class=\"\"><span class=\"eztoc-hide\" style=\"display:none;\">Toggle<\/span><span class=\"ez-toc-icon-toggle-span\"><svg style=\"fill: #999;color:#999\" xmlns=\"http:\/\/www.w3.org\/2000\/svg\" class=\"list-377408\" width=\"20px\" height=\"20px\" viewBox=\"0 0 24 24\" fill=\"none\"><path d=\"M6 6H4v2h2V6zm14 0H8v2h12V6zM4 11h2v2H4v-2zm16 0H8v2h12v-2zM4 16h2v2H4v-2zm16 0H8v2h12v-2z\" fill=\"currentColor\"><\/path><\/svg><svg style=\"fill: #999;color:#999\" class=\"arrow-unsorted-368013\" xmlns=\"http:\/\/www.w3.org\/2000\/svg\" width=\"10px\" height=\"10px\" viewBox=\"0 0 24 24\" version=\"1.2\" baseProfile=\"tiny\"><path d=\"M18.2 9.3l-6.2-6.3-6.2 6.3c-.2.2-.3.4-.3.7s.1.5.3.7c.2.2.4.3.7.3h11c.3 0 .5-.1.7-.3.2-.2.3-.5.3-.7s-.1-.5-.3-.7zM5.8 14.7l6.2 6.3 6.2-6.3c.2-.2.3-.5.3-.7s-.1-.5-.3-.7c-.2-.2-.4-.3-.7-.3h-11c-.3 0-.5.1-.7.3-.2.2-.3.5-.3.7s.1.5.3.7z\"\/><\/svg><\/span><\/span><\/span><\/a><\/span><\/div>\n<nav><ul class='ez-toc-list ez-toc-list-level-1 ' ><li class='ez-toc-page-1 ez-toc-heading-level-2'><a class=\"ez-toc-link ez-toc-heading-1\" href=\"https:\/\/www.madeirasradial.com.br\/blog\/mdf\/placa-de-mdf-na-zona-sul-onde-comprar\/#Como_escolher_a_placa_de_MDF_ideal_para_o_seu_projeto\" title=\"Como escolher a placa de MDF ideal para o seu projeto\">Como escolher a placa de MDF ideal para o seu projeto<\/a><\/li><li class='ez-toc-page-1 ez-toc-heading-level-2'><a class=\"ez-toc-link ez-toc-heading-2\" href=\"https:\/\/www.madeirasradial.com.br\/blog\/mdf\/placa-de-mdf-na-zona-sul-onde-comprar\/#Conheca_algumas_das_vantagens_da_placa_de_MDF_antes_de_compra-las\" title=\"Conhe\u00e7a algumas das vantagens da placa de MDF antes de compr\u00e1-las\">Conhe\u00e7a algumas das vantagens da placa de MDF antes de compr\u00e1-las<\/a><\/li><li class='ez-toc-page-1 ez-toc-heading-level-2'><a class=\"ez-toc-link ez-toc-heading-3\" href=\"https:\/\/www.madeirasradial.com.br\/blog\/mdf\/placa-de-mdf-na-zona-sul-onde-comprar\/#Onde_comprar_placa_de_MDF_na_zona_sul\" title=\"Onde comprar placa de MDF na zona sul?\">Onde comprar placa de MDF na zona sul?<\/a><ul class='ez-toc-list-level-3' ><li class='ez-toc-heading-level-3'><a class=\"ez-toc-link ez-toc-heading-4\" href=\"https:\/\/www.madeirasradial.com.br\/blog\/mdf\/placa-de-mdf-na-zona-sul-onde-comprar\/#Madeiras_Radial_referencia_como_fornecedora_de_placa_de_MDF_na_zona_sul_de_Sao_Paulo\" title=\"Madeiras Radial: refer\u00eancia como fornecedora de placa de MDF na zona sul de S\u00e3o Paulo\">Madeiras Radial: refer\u00eancia como fornecedora de placa de MDF na zona sul de S\u00e3o Paulo<\/a><\/li><\/ul><\/li><\/ul><\/nav><\/div>\n<h2 class=\"wp-block-heading\"><span class=\"ez-toc-section\" id=\"Como_escolher_a_placa_de_MDF_ideal_para_o_seu_projeto\"><\/span>Como escolher a placa de MDF ideal para o seu projeto<span class=\"ez-toc-section-end\"><\/span><\/h2>\n\n\n\n<p>Na hora de comprar placa de MDF na zona sul, vale observar mais do que o pre\u00e7o. O tipo de uso faz diferen\u00e7a na escolha da chapa, j\u00e1 que m\u00f3veis residenciais, pain\u00e9is decorativos, nichos, prateleiras e pe\u00e7as de marcenaria exigem caracter\u00edsticas diferentes.<\/p>\n\n\n\n<p>Tamb\u00e9m \u00e9 importante avaliar a espessura da placa, o padr\u00e3o de acabamento e a necessidade de corte sob medida. Quando o fornecedor orienta corretamente sobre essas especifica\u00e7\u00f5es, o cliente evita desperd\u00edcios, melhora o resultado final e ganha mais agilidade na execu\u00e7\u00e3o do projeto.<\/p>\n\n\n\n<p>Para quem compra MDF com frequ\u00eancia, contar com uma loja que ofere\u00e7a variedade e apoio t\u00e9cnico no atendimento costuma fazer diferen\u00e7a no dia a dia. <strong>Essa etapa reduz erros de compra e ajuda a encontrar uma solu\u00e7\u00e3o mais alinhada ao or\u00e7amento e \u00e0 aplica\u00e7\u00e3o.<\/strong><\/p>\n\n\n\n<h2 class=\"wp-block-heading\"><span class=\"ez-toc-section\" id=\"Conheca_algumas_das_vantagens_da_placa_de_MDF_antes_de_compra-las\"><\/span>Conhe\u00e7a algumas das vantagens da placa de MDF antes de compr\u00e1-las<span class=\"ez-toc-section-end\"><\/span><\/h2>\n\n\n\n<p>As placas de MDF oferecem uma s\u00e9rie de vantagens Confira agora alguns dos principais pontos desse masterial!<\/p>\n\n\n\n<p><strong>Versatilidade<\/strong>: O MDF \u00e9 um material muito vers\u00e1til e pode ser utilizado em diversas aplica\u00e7\u00f5es, desde m\u00f3veis at\u00e9 revestimentos de paredes e tetos.<\/p>\n\n\n\n<p><strong>F\u00e1cil usinagem<\/strong>: O MDF \u00e9 um material f\u00e1cil de ser cortado, perfurado, fresado, lixado e pintado, permitindo uma grande variedade de acabamentos e formas.<\/p>\n\n\n\n<p><strong>Resist\u00eancia<\/strong>: O MDF \u00e9 um material resistente e dur\u00e1vel, que n\u00e3o racha, empena ou deforma com facilidade. \u00c9 menos suscet\u00edvel a varia\u00e7\u00f5es de temperatura e umidade do que a madeira maci\u00e7a.<\/p>\n\n\n<div class=\"wp-block-image is-style-rounded\">\n<figure class=\"alignright size-full is-resized\"><img loading=\"lazy\" decoding=\"async\" width=\"1000\" height=\"667\" src=\"https:\/\/www.madeirasradial.com.br\/blog\/wp-content\/uploads\/2023\/11\/amostras-de-laminado-ou-parquet-com-um-padrao-e-textura-de-madeira-para-pisos-e-design-de-interiores-producao-de-pisos-de-madeira-1.jpg\" alt=\"\" class=\"wp-image-271\" style=\"width:302px;height:auto\"\/><\/figure>\n<\/div>\n\n\n<p><strong>Estabilidade dimensional<\/strong>: O MDF tem uma baixa taxa de expans\u00e3o e contra\u00e7\u00e3o, o que o torna um material est\u00e1vel e adequado para a produ\u00e7\u00e3o de m\u00f3veis e objetos que precisam manter as suas dimens\u00f5es e formas inalteradas ao longo do tempo.<\/p>\n\n\n\n<p><strong>Acabamento<\/strong>: O MDF possui uma superf\u00edcie uniforme e lisa, que permite um excelente acabamento com pinturas, vernizes, laminados, entre outros revestimentos.<\/p>\n\n\n\n<p><strong>Sustentabilidade<\/strong>: O MDF \u00e9 um material produzido a partir de fibras de madeira de reflorestamento, o que o torna uma op\u00e7\u00e3o mais sustent\u00e1vel do que a madeira maci\u00e7a. Al\u00e9m disso, o processo de produ\u00e7\u00e3o do MDF utiliza menos \u00e1gua e energia do que o processo de produ\u00e7\u00e3o da madeira maci\u00e7a.<\/p>\n\n\n\n<p>Podemos dizer, de modo geral, que as vantagens da placa de MDF incluem a versatilidade, facilidade de usinagem, resist\u00eancia, estabilidade dimensional, acabamento e sustentabilidade.<\/p>\n\n\n\n<p>Nem toda placa atende da mesma forma todos os projetos. No mercado, \u00e9 comum encontrar op\u00e7\u00f5es voltadas para diferentes propostas est\u00e9ticas e funcionais, o que influencia diretamente no acabamento e no desempenho do material.<\/p>\n\n\n\n<ul class=\"wp-block-list\">\n<li><a href=\"https:\/\/www.madeirasradial.com.br\/blog\/loja-de-madeira\/madeira-pinus-caracteristicas-e-vantagens\/\" target=\"_blank\" rel=\"noreferrer noopener\">Madeira pinus: caracter\u00edsticas e vantagens<\/a><\/li>\n\n\n\n<li><a href=\"https:\/\/www.madeirasradial.com.br\/blog\/ferragens-para-marcenaria\/ferragens-para-marcenaria-em-sp-saiba-qual-o-lugar-ideal-para-comprar\/\" target=\"_blank\" rel=\"noreferrer noopener\">Ferragens para marcenaria em SP: saiba qual o lugar ideal para comprar<\/a><\/li>\n<\/ul>\n\n\n\n<h2 class=\"wp-block-heading\"><span class=\"ez-toc-section\" id=\"Onde_comprar_placa_de_MDF_na_zona_sul\"><\/span>Onde comprar placa de MDF na zona sul?<span class=\"ez-toc-section-end\"><\/span><\/h2>\n\n\n\n<p>Ao escolher uma empresa que fornece placas de MDF, existem alguns fatores que voc\u00ea pode avaliar para garantir que est\u00e1 fazendo a escolha certa. Aqui est\u00e3o algumas coisas que voc\u00ea pode considerar:<\/p>\n\n\n\n<ul class=\"wp-block-list\">\n<li>Verifique se a empresa fornece MDF de alta qualidade, que \u00e9 uniforme, resistente e com boa apar\u00eancia. Pe\u00e7a informa\u00e7\u00f5es sobre a densidade do MDF, resist\u00eancia \u00e0 umidade e outras especifica\u00e7\u00f5es.<\/li>\n<\/ul>\n\n\n\n<ul class=\"wp-block-list\">\n<li>Verifique se a empresa oferece uma variedade de op\u00e7\u00f5es de placas de MDF, como diferentes tamanhos, espessuras, acabamentos e cores. Isso pode ajud\u00e1-lo a encontrar a placa perfeita para o seu projeto.<\/li>\n<\/ul>\n\n\n\n<ul class=\"wp-block-list\">\n<li>Compare os pre\u00e7os da empresa com outras empresas para verificar se est\u00e3o dentro da m\u00e9dia do mercado. Lembre-se de que o pre\u00e7o n\u00e3o deve ser o \u00fanico fator decisivo, pois qualidade e servi\u00e7o tamb\u00e9m s\u00e3o importantes.<\/li>\n<\/ul>\n\n\n\n<ul class=\"wp-block-list\">\n<li>Algumas empresas oferecem servi\u00e7os adicionais, como corte personalizado, acabamento e entrega. Verifique se a empresa oferece esses servi\u00e7os e se s\u00e3o de qualidade.<\/li>\n<\/ul>\n\n\n\n<ul class=\"wp-block-list\">\n<li>Verifique a reputa\u00e7\u00e3o da empresa por meio de avalia\u00e7\u00f5es de clientes, f\u00f3runs de discuss\u00e3o e outras fontes confi\u00e1veis. Isso pode ajud\u00e1-lo a evitar empresas com hist\u00f3rico de fornecer MDF de baixa qualidade ou servi\u00e7os ruins.<\/li>\n<\/ul>\n\n\n\n<ul class=\"wp-block-list\">\n<li>Avalie o atendimento ao cliente da empresa, verificando se a empresa responde rapidamente \u00e0s suas d\u00favidas e se oferece suporte ao cliente de qualidade.<\/li>\n<\/ul>\n\n\n\n<h3 class=\"wp-block-heading\"><span class=\"ez-toc-section\" id=\"Madeiras_Radial_referencia_como_fornecedora_de_placa_de_MDF_na_zona_sul_de_Sao_Paulo\"><\/span>Madeiras Radial: refer\u00eancia como fornecedora de placa de MDF na zona sul de S\u00e3o Paulo<span class=\"ez-toc-section-end\"><\/span><\/h3>\n\n\n\n<p>A Madeiras Radial est\u00e1 h\u00e1 anos no mercado oferecendo solu\u00e7\u00f5es completas para quem busca por placas de MDF de qualidade na zona sul de S\u00e3o Paulo.&nbsp;<\/p>\n\n\n\n<p>Colocamos \u00e0 disposi\u00e7\u00e3o dos clientes somente materiais de qualidade, visando atender suas respectivas necessidades e demandas.&nbsp;<\/p>\n\n\n\n<p>Por conta do trabalho realizado, a Madeiras Radial se tornou uma refer\u00eancia no ramo, consolidando-se como um fornecedor renomado de placa de MDF em S\u00e3o Paulo, sobretudo na zona sul da capital, Diadema e regi\u00f5es pr\u00f3ximas!<\/p>\n\n\n\n<p>Gostou do artigo? Ent\u00e3o, acompanhe o blog da Madeiras Radial para ler mais conte\u00fado como este. At\u00e9 a pr\u00f3xima!&nbsp;<\/p>\n\n\n\n<p class=\"has-medium-font-size\"><strong><em>Entre em contato com a Madeiras Radial, conhe\u00e7a as op\u00e7\u00f5es dispon\u00edveis e encontre a solu\u00e7\u00e3o ideal para o seu projeto com um atendimento especializado.<\/em><\/strong><\/p>\n\n\n\n<ul class=\"wp-block-list\">\n<li><a href=\"https:\/\/www.madeirasradial.com.br\/blog\/loja-de-madeira\/fornecedor-de-tabuas-de-pinus-saiba-onde-encontrar-um\/\" target=\"_blank\" rel=\"noreferrer noopener\">Fornecedor de t\u00e1buas de pinus: saiba onde encontrar um?<\/a><\/li>\n<\/ul>\n","protected":false},"excerpt":{"rendered":"<p><span class=\"rt-reading-time\" style=\"display: block;\"><span class=\"rt-label rt-prefix\">Tempo de leitura<\/span> <span class=\"rt-time\">4<\/span> <span class=\"rt-label rt-postfix\">minutos<\/span><\/span> Saiba agora como encontrar uma boa fornecedora\/loja de placa de MDF na zona sul de S\u00e3o Paulo Placa de MDF \u00e9 um tipo de painel de madeira fabricado a partir de fibras de madeira e resinas sint\u00e9ticas. As fibras de&#8230;<\/p>\n","protected":false},"author":1,"featured_media":270,"comment_status":"open","ping_status":"open","sticky":false,"template":"","format":"standard","meta":{"footnotes":""},"categories":[203,137,24],"tags":[358,367,340,347,342,357,350,363,368,369,346,348,341,360,343,364,371,339,365,354,355,353,362,345,338,366,352,344,359,356,9,349,13,361,351,370],"class_list":["post-186","post","type-post","status-publish","format-standard","has-post-thumbnail","hentry","category-chapa-de-mdf","category-loja-de-madeira","category-mdf","tag-comprar-placa-de-mdf","tag-comprar-placas-de-mdf","tag-distribuidor-de-placa-de-mdf","tag-distribuidor-de-placas-de-mdf","tag-distribuidora-de-placa-de-mdf","tag-distribuidora-de-placas-de-mdf","tag-empresa-de-placa-de-mdf","tag-empresa-de-placas-de-mdf","tag-fabrica-de-placa-de-mdf","tag-fabrica-de-placas-de-mdf","tag-fabricante-de-placa-de-mdf","tag-fabricante-de-placas-de-mdf","tag-fornecedor-de-placa-de-mdf","tag-fornecedor-de-placas-de-mdf","tag-loja-de-placa-de-mdf","tag-loja-de-placas-de-mdf","tag-onde-comprar-placa-de-mdf","tag-onde-encontrar-placa-de-mdf","tag-placa-de-mdf-direto-da-fabrica","tag-placa-de-mdf-em-diadema","tag-placa-de-mdf-em-promocao","tag-placa-de-mdf-em-sao-paulo","tag-placa-de-mdf-em-sp","tag-placa-de-mdf-na-zona-sul","tag-placa-de-mdf-na-zona-sul-onde-comprar","tag-placa-de-mdf-preco","tag-placas-de-mdf-direto-da-fabrica","tag-placas-de-mdf-em-diadema","tag-placas-de-mdf-em-promocao","tag-placas-de-mdf-em-sao-paulo","tag-placas-de-mdf-em-sp","tag-placas-de-mdf-na-zona-sul","tag-placas-de-mdf-preco","tag-revendedor-de-placa-de-mdf","tag-revendedor-de-placas-de-mdf","tag-vantagens-da-placa-de-mdf"],"yoast_head":"<!-- This site is optimized with the Yoast SEO plugin v23.0 - https:\/\/yoast.com\/wordpress\/plugins\/seo\/ -->\n<title>Placa de MDF na zona sul: onde comprar? - Madeiras Radial<\/title>\n<meta name=\"description\" content=\"Saiba agora como encontrar uma boa fornecedora\/loja de placa de MDF na zona sul de S\u00e3o Paulo. venha conhecer.\" \/>\n<meta name=\"robots\" content=\"index, follow, max-snippet:-1, max-image-preview:large, max-video-preview:-1\" \/>\n<link rel=\"canonical\" href=\"https:\/\/www.madeirasradial.com.br\/blog\/mdf\/placa-de-mdf-na-zona-sul-onde-comprar\/\" \/>\n<meta property=\"og:locale\" content=\"pt_BR\" \/>\n<meta property=\"og:type\" content=\"article\" \/>\n<meta property=\"og:title\" content=\"Placa de MDF na zona sul: onde comprar? - Madeiras Radial\" \/>\n<meta property=\"og:description\" content=\"Saiba agora como encontrar uma boa fornecedora\/loja de placa de MDF na zona sul de S\u00e3o Paulo. venha conhecer.\" \/>\n<meta property=\"og:url\" content=\"https:\/\/www.madeirasradial.com.br\/blog\/mdf\/placa-de-mdf-na-zona-sul-onde-comprar\/\" \/>\n<meta property=\"og:site_name\" content=\"Madeiras Radial\" \/>\n<meta property=\"article:published_time\" content=\"2026-03-16T17:57:33+00:00\" \/>\n<meta property=\"article:modified_time\" content=\"2026-03-16T17:57:34+00:00\" \/>\n<meta property=\"og:image\" content=\"https:\/\/www.madeirasradial.com.br\/blog\/wp-content\/uploads\/2023\/04\/amostras-laminadas-para-parquete-isolado-1.jpg\" \/>\n\t<meta property=\"og:image:width\" content=\"1000\" \/>\n\t<meta property=\"og:image:height\" content=\"667\" \/>\n\t<meta property=\"og:image:type\" content=\"image\/jpeg\" \/>\n<meta name=\"author\" content=\"admin\" \/>\n<meta name=\"twitter:card\" content=\"summary_large_image\" \/>\n<meta name=\"twitter:label1\" content=\"Escrito por\" \/>\n\t<meta name=\"twitter:data1\" content=\"admin\" \/>\n\t<meta name=\"twitter:label2\" content=\"Est. tempo de leitura\" \/>\n\t<meta name=\"twitter:data2\" content=\"6 minutos\" \/>\n<script type=\"application\/ld+json\" class=\"yoast-schema-graph\">{\"@context\":\"https:\/\/schema.org\",\"@graph\":[{\"@type\":\"Article\",\"@id\":\"https:\/\/www.madeirasradial.com.br\/blog\/mdf\/placa-de-mdf-na-zona-sul-onde-comprar\/#article\",\"isPartOf\":{\"@id\":\"https:\/\/www.madeirasradial.com.br\/blog\/mdf\/placa-de-mdf-na-zona-sul-onde-comprar\/\"},\"author\":{\"name\":\"admin\",\"@id\":\"https:\/\/www.madeirasradial.com.br\/blog\/#\/schema\/person\/112c22676c0df61d87d28e82ec250e9e\"},\"headline\":\"Placa de MDF na zona sul: onde comprar?\",\"datePublished\":\"2026-03-16T17:57:33+00:00\",\"dateModified\":\"2026-03-16T17:57:34+00:00\",\"mainEntityOfPage\":{\"@id\":\"https:\/\/www.madeirasradial.com.br\/blog\/mdf\/placa-de-mdf-na-zona-sul-onde-comprar\/\"},\"wordCount\":1053,\"commentCount\":0,\"publisher\":{\"@id\":\"https:\/\/www.madeirasradial.com.br\/blog\/#organization\"},\"image\":{\"@id\":\"https:\/\/www.madeirasradial.com.br\/blog\/mdf\/placa-de-mdf-na-zona-sul-onde-comprar\/#primaryimage\"},\"thumbnailUrl\":\"https:\/\/www.madeirasradial.com.br\/blog\/wp-content\/uploads\/2023\/04\/amostras-laminadas-para-parquete-isolado-1.jpg\",\"keywords\":[\"comprar placa de MDF\",\"comprar placas de MDF\",\"distribuidor de placa de MDF\",\"distribuidor de placas de MDF\",\"distribuidora de placa de MDF\",\"distribuidora de placas de MDF\",\"empresa de placa de MDF\",\"empresa de placas de MDF\",\"f\u00e1brica de placa de MDF\",\"f\u00e1brica de placas de MDF\",\"fabricante de placa de MDF\",\"fabricante de placas de MDF\",\"fornecedor de placa de MDF\",\"fornecedor de placas de MDF\",\"loja de placa de MDF\",\"loja de placas de MDF\",\"Onde comprar Placa de MDF\",\"onde encontrar placa de MDF\",\"placa de MDF direto da fabrica\",\"placa de MDF em Diadema\",\"placa de MDF em promo\u00e7\u00e3o\",\"placa de MDF em s\u00e3o paulo\",\"placa de MDF em sp\",\"placa de MDF na zona sul\",\"Placa de MDF na zona sul: onde comprar?\",\"placa de MDF pre\u00e7o\",\"placas de MDF direto da fabrica\",\"placas de MDF em Diadema\",\"placas de MDF em promo\u00e7\u00e3o\",\"placas de MDF em s\u00e3o paulo\",\"Placas de MDF em sp\",\"placas de MDF na zona sul\",\"Placas de MDF pre\u00e7o\",\"revendedor de placa de MDF\",\"revendedor de placas de MDF\",\"vantagens da placa de MDF\"],\"articleSection\":[\"Chapa de MDF\",\"Loja de madeira\",\"MDF\"],\"inLanguage\":\"pt-BR\",\"potentialAction\":[{\"@type\":\"CommentAction\",\"name\":\"Comment\",\"target\":[\"https:\/\/www.madeirasradial.com.br\/blog\/mdf\/placa-de-mdf-na-zona-sul-onde-comprar\/#respond\"]}]},{\"@type\":\"WebPage\",\"@id\":\"https:\/\/www.madeirasradial.com.br\/blog\/mdf\/placa-de-mdf-na-zona-sul-onde-comprar\/\",\"url\":\"https:\/\/www.madeirasradial.com.br\/blog\/mdf\/placa-de-mdf-na-zona-sul-onde-comprar\/\",\"name\":\"Placa de MDF na zona sul: onde comprar? - Madeiras Radial\",\"isPartOf\":{\"@id\":\"https:\/\/www.madeirasradial.com.br\/blog\/#website\"},\"primaryImageOfPage\":{\"@id\":\"https:\/\/www.madeirasradial.com.br\/blog\/mdf\/placa-de-mdf-na-zona-sul-onde-comprar\/#primaryimage\"},\"image\":{\"@id\":\"https:\/\/www.madeirasradial.com.br\/blog\/mdf\/placa-de-mdf-na-zona-sul-onde-comprar\/#primaryimage\"},\"thumbnailUrl\":\"https:\/\/www.madeirasradial.com.br\/blog\/wp-content\/uploads\/2023\/04\/amostras-laminadas-para-parquete-isolado-1.jpg\",\"datePublished\":\"2026-03-16T17:57:33+00:00\",\"dateModified\":\"2026-03-16T17:57:34+00:00\",\"description\":\"Saiba agora como encontrar uma boa fornecedora\/loja de placa de MDF na zona sul de S\u00e3o Paulo. venha conhecer.\",\"breadcrumb\":{\"@id\":\"https:\/\/www.madeirasradial.com.br\/blog\/mdf\/placa-de-mdf-na-zona-sul-onde-comprar\/#breadcrumb\"},\"inLanguage\":\"pt-BR\",\"potentialAction\":[{\"@type\":\"ReadAction\",\"target\":[\"https:\/\/www.madeirasradial.com.br\/blog\/mdf\/placa-de-mdf-na-zona-sul-onde-comprar\/\"]}]},{\"@type\":\"ImageObject\",\"inLanguage\":\"pt-BR\",\"@id\":\"https:\/\/www.madeirasradial.com.br\/blog\/mdf\/placa-de-mdf-na-zona-sul-onde-comprar\/#primaryimage\",\"url\":\"https:\/\/www.madeirasradial.com.br\/blog\/wp-content\/uploads\/2023\/04\/amostras-laminadas-para-parquete-isolado-1.jpg\",\"contentUrl\":\"https:\/\/www.madeirasradial.com.br\/blog\/wp-content\/uploads\/2023\/04\/amostras-laminadas-para-parquete-isolado-1.jpg\",\"width\":1000,\"height\":667,\"caption\":\"Placa de MDF na zona sul: onde comprar?\"},{\"@type\":\"BreadcrumbList\",\"@id\":\"https:\/\/www.madeirasradial.com.br\/blog\/mdf\/placa-de-mdf-na-zona-sul-onde-comprar\/#breadcrumb\",\"itemListElement\":[{\"@type\":\"ListItem\",\"position\":1,\"name\":\"In\u00edcio\",\"item\":\"https:\/\/www.madeirasradial.com.br\/blog\/\"},{\"@type\":\"ListItem\",\"position\":2,\"name\":\"Placa de MDF na zona sul: onde comprar?\"}]},{\"@type\":\"WebSite\",\"@id\":\"https:\/\/www.madeirasradial.com.br\/blog\/#website\",\"url\":\"https:\/\/www.madeirasradial.com.br\/blog\/\",\"name\":\"Madeiras Radial\",\"description\":\"Blog\",\"publisher\":{\"@id\":\"https:\/\/www.madeirasradial.com.br\/blog\/#organization\"},\"potentialAction\":[{\"@type\":\"SearchAction\",\"target\":{\"@type\":\"EntryPoint\",\"urlTemplate\":\"https:\/\/www.madeirasradial.com.br\/blog\/?s={search_term_string}\"},\"query-input\":\"required name=search_term_string\"}],\"inLanguage\":\"pt-BR\"},{\"@type\":\"Organization\",\"@id\":\"https:\/\/www.madeirasradial.com.br\/blog\/#organization\",\"name\":\"Madeiras Radial\",\"url\":\"https:\/\/www.madeirasradial.com.br\/blog\/\",\"logo\":{\"@type\":\"ImageObject\",\"inLanguage\":\"pt-BR\",\"@id\":\"https:\/\/www.madeirasradial.com.br\/blog\/#\/schema\/logo\/image\/\",\"url\":\"https:\/\/www.madeirasradial.com.br\/blog\/wp-content\/uploads\/2022\/04\/logo-sas.png\",\"contentUrl\":\"https:\/\/www.madeirasradial.com.br\/blog\/wp-content\/uploads\/2022\/04\/logo-sas.png\",\"width\":640,\"height\":123,\"caption\":\"Madeiras Radial\"},\"image\":{\"@id\":\"https:\/\/www.madeirasradial.com.br\/blog\/#\/schema\/logo\/image\/\"}},{\"@type\":\"Person\",\"@id\":\"https:\/\/www.madeirasradial.com.br\/blog\/#\/schema\/person\/112c22676c0df61d87d28e82ec250e9e\",\"name\":\"admin\",\"image\":{\"@type\":\"ImageObject\",\"inLanguage\":\"pt-BR\",\"@id\":\"https:\/\/www.madeirasradial.com.br\/blog\/#\/schema\/person\/image\/\",\"url\":\"https:\/\/secure.gravatar.com\/avatar\/3813f53848958b8842eeafda91666185a90010f65ed554379b78794cde6f234a?s=96&d=mm&r=g\",\"contentUrl\":\"https:\/\/secure.gravatar.com\/avatar\/3813f53848958b8842eeafda91666185a90010f65ed554379b78794cde6f234a?s=96&d=mm&r=g\",\"caption\":\"admin\"},\"sameAs\":[\"https:\/\/madeirasradial.com.br\/blog\"],\"url\":\"https:\/\/www.madeirasradial.com.br\/blog\/author\/admin\/\"}]}<\/script>\n<!-- \/ Yoast SEO plugin. -->","yoast_head_json":{"title":"Placa de MDF na zona sul: onde comprar? - Madeiras Radial","description":"Saiba agora como encontrar uma boa fornecedora\/loja de placa de MDF na zona sul de S\u00e3o Paulo. venha conhecer.","robots":{"index":"index","follow":"follow","max-snippet":"max-snippet:-1","max-image-preview":"max-image-preview:large","max-video-preview":"max-video-preview:-1"},"canonical":"https:\/\/www.madeirasradial.com.br\/blog\/mdf\/placa-de-mdf-na-zona-sul-onde-comprar\/","og_locale":"pt_BR","og_type":"article","og_title":"Placa de MDF na zona sul: onde comprar? - Madeiras Radial","og_description":"Saiba agora como encontrar uma boa fornecedora\/loja de placa de MDF na zona sul de S\u00e3o Paulo. venha conhecer.","og_url":"https:\/\/www.madeirasradial.com.br\/blog\/mdf\/placa-de-mdf-na-zona-sul-onde-comprar\/","og_site_name":"Madeiras Radial","article_published_time":"2026-03-16T17:57:33+00:00","article_modified_time":"2026-03-16T17:57:34+00:00","og_image":[{"width":1000,"height":667,"url":"https:\/\/www.madeirasradial.com.br\/blog\/wp-content\/uploads\/2023\/04\/amostras-laminadas-para-parquete-isolado-1.jpg","type":"image\/jpeg"}],"author":"admin","twitter_card":"summary_large_image","twitter_misc":{"Escrito por":"admin","Est. tempo de leitura":"6 minutos"},"schema":{"@context":"https:\/\/schema.org","@graph":[{"@type":"Article","@id":"https:\/\/www.madeirasradial.com.br\/blog\/mdf\/placa-de-mdf-na-zona-sul-onde-comprar\/#article","isPartOf":{"@id":"https:\/\/www.madeirasradial.com.br\/blog\/mdf\/placa-de-mdf-na-zona-sul-onde-comprar\/"},"author":{"name":"admin","@id":"https:\/\/www.madeirasradial.com.br\/blog\/#\/schema\/person\/112c22676c0df61d87d28e82ec250e9e"},"headline":"Placa de MDF na zona sul: onde comprar?","datePublished":"2026-03-16T17:57:33+00:00","dateModified":"2026-03-16T17:57:34+00:00","mainEntityOfPage":{"@id":"https:\/\/www.madeirasradial.com.br\/blog\/mdf\/placa-de-mdf-na-zona-sul-onde-comprar\/"},"wordCount":1053,"commentCount":0,"publisher":{"@id":"https:\/\/www.madeirasradial.com.br\/blog\/#organization"},"image":{"@id":"https:\/\/www.madeirasradial.com.br\/blog\/mdf\/placa-de-mdf-na-zona-sul-onde-comprar\/#primaryimage"},"thumbnailUrl":"https:\/\/www.madeirasradial.com.br\/blog\/wp-content\/uploads\/2023\/04\/amostras-laminadas-para-parquete-isolado-1.jpg","keywords":["comprar placa de MDF","comprar placas de MDF","distribuidor de placa de MDF","distribuidor de placas de MDF","distribuidora de placa de MDF","distribuidora de placas de MDF","empresa de placa de MDF","empresa de placas de MDF","f\u00e1brica de placa de MDF","f\u00e1brica de placas de MDF","fabricante de placa de MDF","fabricante de placas de MDF","fornecedor de placa de MDF","fornecedor de placas de MDF","loja de placa de MDF","loja de placas de MDF","Onde comprar Placa de MDF","onde encontrar placa de MDF","placa de MDF direto da fabrica","placa de MDF em Diadema","placa de MDF em promo\u00e7\u00e3o","placa de MDF em s\u00e3o paulo","placa de MDF em sp","placa de MDF na zona sul","Placa de MDF na zona sul: onde comprar?","placa de MDF pre\u00e7o","placas de MDF direto da fabrica","placas de MDF em Diadema","placas de MDF em promo\u00e7\u00e3o","placas de MDF em s\u00e3o paulo","Placas de MDF em sp","placas de MDF na zona sul","Placas de MDF pre\u00e7o","revendedor de placa de MDF","revendedor de placas de MDF","vantagens da placa de MDF"],"articleSection":["Chapa de MDF","Loja de madeira","MDF"],"inLanguage":"pt-BR","potentialAction":[{"@type":"CommentAction","name":"Comment","target":["https:\/\/www.madeirasradial.com.br\/blog\/mdf\/placa-de-mdf-na-zona-sul-onde-comprar\/#respond"]}]},{"@type":"WebPage","@id":"https:\/\/www.madeirasradial.com.br\/blog\/mdf\/placa-de-mdf-na-zona-sul-onde-comprar\/","url":"https:\/\/www.madeirasradial.com.br\/blog\/mdf\/placa-de-mdf-na-zona-sul-onde-comprar\/","name":"Placa de MDF na zona sul: onde comprar? - Madeiras Radial","isPartOf":{"@id":"https:\/\/www.madeirasradial.com.br\/blog\/#website"},"primaryImageOfPage":{"@id":"https:\/\/www.madeirasradial.com.br\/blog\/mdf\/placa-de-mdf-na-zona-sul-onde-comprar\/#primaryimage"},"image":{"@id":"https:\/\/www.madeirasradial.com.br\/blog\/mdf\/placa-de-mdf-na-zona-sul-onde-comprar\/#primaryimage"},"thumbnailUrl":"https:\/\/www.madeirasradial.com.br\/blog\/wp-content\/uploads\/2023\/04\/amostras-laminadas-para-parquete-isolado-1.jpg","datePublished":"2026-03-16T17:57:33+00:00","dateModified":"2026-03-16T17:57:34+00:00","description":"Saiba agora como encontrar uma boa fornecedora\/loja de placa de MDF na zona sul de S\u00e3o Paulo. venha conhecer.","breadcrumb":{"@id":"https:\/\/www.madeirasradial.com.br\/blog\/mdf\/placa-de-mdf-na-zona-sul-onde-comprar\/#breadcrumb"},"inLanguage":"pt-BR","potentialAction":[{"@type":"ReadAction","target":["https:\/\/www.madeirasradial.com.br\/blog\/mdf\/placa-de-mdf-na-zona-sul-onde-comprar\/"]}]},{"@type":"ImageObject","inLanguage":"pt-BR","@id":"https:\/\/www.madeirasradial.com.br\/blog\/mdf\/placa-de-mdf-na-zona-sul-onde-comprar\/#primaryimage","url":"https:\/\/www.madeirasradial.com.br\/blog\/wp-content\/uploads\/2023\/04\/amostras-laminadas-para-parquete-isolado-1.jpg","contentUrl":"https:\/\/www.madeirasradial.com.br\/blog\/wp-content\/uploads\/2023\/04\/amostras-laminadas-para-parquete-isolado-1.jpg","width":1000,"height":667,"caption":"Placa de MDF na zona sul: onde comprar?"},{"@type":"BreadcrumbList","@id":"https:\/\/www.madeirasradial.com.br\/blog\/mdf\/placa-de-mdf-na-zona-sul-onde-comprar\/#breadcrumb","itemListElement":[{"@type":"ListItem","position":1,"name":"In\u00edcio","item":"https:\/\/www.madeirasradial.com.br\/blog\/"},{"@type":"ListItem","position":2,"name":"Placa de MDF na zona sul: onde comprar?"}]},{"@type":"WebSite","@id":"https:\/\/www.madeirasradial.com.br\/blog\/#website","url":"https:\/\/www.madeirasradial.com.br\/blog\/","name":"Madeiras Radial","description":"Blog","publisher":{"@id":"https:\/\/www.madeirasradial.com.br\/blog\/#organization"},"potentialAction":[{"@type":"SearchAction","target":{"@type":"EntryPoint","urlTemplate":"https:\/\/www.madeirasradial.com.br\/blog\/?s={search_term_string}"},"query-input":"required name=search_term_string"}],"inLanguage":"pt-BR"},{"@type":"Organization","@id":"https:\/\/www.madeirasradial.com.br\/blog\/#organization","name":"Madeiras Radial","url":"https:\/\/www.madeirasradial.com.br\/blog\/","logo":{"@type":"ImageObject","inLanguage":"pt-BR","@id":"https:\/\/www.madeirasradial.com.br\/blog\/#\/schema\/logo\/image\/","url":"https:\/\/www.madeirasradial.com.br\/blog\/wp-content\/uploads\/2022\/04\/logo-sas.png","contentUrl":"https:\/\/www.madeirasradial.com.br\/blog\/wp-content\/uploads\/2022\/04\/logo-sas.png","width":640,"height":123,"caption":"Madeiras Radial"},"image":{"@id":"https:\/\/www.madeirasradial.com.br\/blog\/#\/schema\/logo\/image\/"}},{"@type":"Person","@id":"https:\/\/www.madeirasradial.com.br\/blog\/#\/schema\/person\/112c22676c0df61d87d28e82ec250e9e","name":"admin","image":{"@type":"ImageObject","inLanguage":"pt-BR","@id":"https:\/\/www.madeirasradial.com.br\/blog\/#\/schema\/person\/image\/","url":"https:\/\/secure.gravatar.com\/avatar\/3813f53848958b8842eeafda91666185a90010f65ed554379b78794cde6f234a?s=96&d=mm&r=g","contentUrl":"https:\/\/secure.gravatar.com\/avatar\/3813f53848958b8842eeafda91666185a90010f65ed554379b78794cde6f234a?s=96&d=mm&r=g","caption":"admin"},"sameAs":["https:\/\/madeirasradial.com.br\/blog"],"url":"https:\/\/www.madeirasradial.com.br\/blog\/author\/admin\/"}]}},"_links":{"self":[{"href":"https:\/\/www.madeirasradial.com.br\/blog\/wp-json\/wp\/v2\/posts\/186","targetHints":{"allow":["GET"]}}],"collection":[{"href":"https:\/\/www.madeirasradial.com.br\/blog\/wp-json\/wp\/v2\/posts"}],"about":[{"href":"https:\/\/www.madeirasradial.com.br\/blog\/wp-json\/wp\/v2\/types\/post"}],"author":[{"embeddable":true,"href":"https:\/\/www.madeirasradial.com.br\/blog\/wp-json\/wp\/v2\/users\/1"}],"replies":[{"embeddable":true,"href":"https:\/\/www.madeirasradial.com.br\/blog\/wp-json\/wp\/v2\/comments?post=186"}],"version-history":[{"count":5,"href":"https:\/\/www.madeirasradial.com.br\/blog\/wp-json\/wp\/v2\/posts\/186\/revisions"}],"predecessor-version":[{"id":419,"href":"https:\/\/www.madeirasradial.com.br\/blog\/wp-json\/wp\/v2\/posts\/186\/revisions\/419"}],"wp:featuredmedia":[{"embeddable":true,"href":"https:\/\/www.madeirasradial.com.br\/blog\/wp-json\/wp\/v2\/media\/270"}],"wp:attachment":[{"href":"https:\/\/www.madeirasradial.com.br\/blog\/wp-json\/wp\/v2\/media?parent=186"}],"wp:term":[{"taxonomy":"category","embeddable":true,"href":"https:\/\/www.madeirasradial.com.br\/blog\/wp-json\/wp\/v2\/categories?post=186"},{"taxonomy":"post_tag","embeddable":true,"href":"https:\/\/www.madeirasradial.com.br\/blog\/wp-json\/wp\/v2\/tags?post=186"}],"curies":[{"name":"wp","href":"https:\/\/api.w.org\/{rel}","templated":true}]}}