{"id":193,"date":"2023-05-03T17:28:01","date_gmt":"2023-05-03T17:28:01","guid":{"rendered":"https:\/\/www.madeirasradial.com.br\/blog\/?p=193"},"modified":"2023-06-19T14:40:58","modified_gmt":"2023-06-19T14:40:58","slug":"descubra-onde-encontrar-uma-madeireira-em-diadema","status":"publish","type":"post","link":"https:\/\/www.madeirasradial.com.br\/blog\/marcenaria\/descubra-onde-encontrar-uma-madeireira-em-diadema\/","title":{"rendered":"Descubra onde encontrar uma madeireira em Diadema"},"content":{"rendered":"<span class=\"rt-reading-time\" style=\"display: block;\"><span class=\"rt-label rt-prefix\">Tempo de leitura<\/span> <span class=\"rt-time\">2<\/span> <span class=\"rt-label rt-postfix\">minutos<\/span><\/span>\n<p class=\"has-medium-font-size\"><em><strong>Saiba agora com encontrar uma madeireira em Diadema confi\u00e1vel e que ofere\u00e7a bons produtos<\/strong><\/em><\/p>\n\n\n\n<p>Uma madeireira se dedica ao processamento da madeira, geralmente visando produzir e colocar \u00e0 disposi\u00e7\u00e3o produtos e materiais \u00e0 base de madeira para uso em diferentes aplica\u00e7\u00f5es, como constru\u00e7\u00e3o, mobili\u00e1rio, artesanato, decora\u00e7\u00e3o e outros fins.<\/p>\n\n\n\n<p>Saiba ainda que as madeireiras podem adquirir a madeira de diversas fontes, incluindo florestas plantadas ou nativas, opera\u00e7\u00f5es de manejo florestal sustent\u00e1vel e empresas de reflorestamento.&nbsp;<\/p>\n\n\n\n<p>Al\u00e9m da venda de madeira, as madeireiras e lojas especializadas nesse tipo de material podem realizar v\u00e1rios outros servi\u00e7os, como, por exemplo, corte e filetamento.&nbsp;<\/p>\n\n\n\n<p>Os produtos que voc\u00ea encontra nas madeireiras variam conforme a demanda do mercado e das especialidades da empresa, podendo incluir MDF, compensados, chapas de madeira e at\u00e9 mesmo ferragens para marcenaria e acess\u00f3rios relacionados.&nbsp;<\/p>\n\n\n\n<ul class=\"wp-block-list\">\n<li><a href=\"https:\/\/www.madeirasradial.com.br\/blog\/mdf\/placa-de-mdf-na-zona-sul-onde-comprar\/\" target=\"_blank\" rel=\"noreferrer noopener\">Placa de MDF na zona sul: onde comprar?<\/a><\/li>\n<\/ul>\n\n\n\n<div id=\"ez-toc-container\" class=\"ez-toc-v2_0_67_1 counter-hierarchy ez-toc-counter ez-toc-grey ez-toc-container-direction\">\n<div class=\"ez-toc-title-container\">\n<p class=\"ez-toc-title \" >T&oacute;picos do artigo<\/p>\n<span class=\"ez-toc-title-toggle\"><a href=\"#\" class=\"ez-toc-pull-right ez-toc-btn ez-toc-btn-xs ez-toc-btn-default ez-toc-toggle\" aria-label=\"Toggle Table of Content\"><span class=\"ez-toc-js-icon-con\"><span class=\"\"><span class=\"eztoc-hide\" style=\"display:none;\">Toggle<\/span><span class=\"ez-toc-icon-toggle-span\"><svg style=\"fill: #999;color:#999\" xmlns=\"http:\/\/www.w3.org\/2000\/svg\" class=\"list-377408\" width=\"20px\" height=\"20px\" viewBox=\"0 0 24 24\" fill=\"none\"><path d=\"M6 6H4v2h2V6zm14 0H8v2h12V6zM4 11h2v2H4v-2zm16 0H8v2h12v-2zM4 16h2v2H4v-2zm16 0H8v2h12v-2z\" fill=\"currentColor\"><\/path><\/svg><svg style=\"fill: #999;color:#999\" class=\"arrow-unsorted-368013\" xmlns=\"http:\/\/www.w3.org\/2000\/svg\" width=\"10px\" height=\"10px\" viewBox=\"0 0 24 24\" version=\"1.2\" baseProfile=\"tiny\"><path d=\"M18.2 9.3l-6.2-6.3-6.2 6.3c-.2.2-.3.4-.3.7s.1.5.3.7c.2.2.4.3.7.3h11c.3 0 .5-.1.7-.3.2-.2.3-.5.3-.7s-.1-.5-.3-.7zM5.8 14.7l6.2 6.3 6.2-6.3c.2-.2.3-.5.3-.7s-.1-.5-.3-.7c-.2-.2-.4-.3-.7-.3h-11c-.3 0-.5.1-.7.3-.2.2-.3.5-.3.7s.1.5.3.7z\"\/><\/svg><\/span><\/span><\/span><\/a><\/span><\/div>\n<nav><ul class='ez-toc-list ez-toc-list-level-1 ' ><li class='ez-toc-page-1 ez-toc-heading-level-2'><a class=\"ez-toc-link ez-toc-heading-1\" href=\"https:\/\/www.madeirasradial.com.br\/blog\/marcenaria\/descubra-onde-encontrar-uma-madeireira-em-diadema\/#Onde_encontrar_uma_madeireira_em_Diadema\" title=\"Onde encontrar uma madeireira em Diadema?\">Onde encontrar uma madeireira em Diadema?<\/a><ul class='ez-toc-list-level-3' ><li class='ez-toc-heading-level-3'><a class=\"ez-toc-link ez-toc-heading-2\" href=\"https:\/\/www.madeirasradial.com.br\/blog\/marcenaria\/descubra-onde-encontrar-uma-madeireira-em-diadema\/#Madeiras_Radial_a_madeireira_em_Diadema_ideal_para_atende-lo\" title=\"Madeiras Radial: a madeireira em Diadema ideal para atend\u00ea-lo\">Madeiras Radial: a madeireira em Diadema ideal para atend\u00ea-lo<\/a><\/li><\/ul><\/li><\/ul><\/nav><\/div>\n<h2 class=\"wp-block-heading\"><span class=\"ez-toc-section\" id=\"Onde_encontrar_uma_madeireira_em_Diadema\"><\/span>Onde encontrar uma madeireira em Diadema?<span class=\"ez-toc-section-end\"><\/span><\/h2>\n\n\n\n<p>Uma madeireira \u00e9 fundamental para atender a demanda de clientes com os mais diversos perfis, desde pessoas f\u00edsicas a pessoas jur\u00eddicas.<\/p>\n\n\n\n<p>Independentemente da sua necessidade, \u00e9 fundamental escolher uma empresa experiente, bem avaliada e de boa infraestrutura. Isso porque empresas com esse perfil tendem a ser mais confi\u00e1veis, tornando-se uma escolha mais segura.&nbsp;<\/p>\n\n\n\n<p>Nesse caso, conhe\u00e7a a Madeiras Radial, refer\u00eancia como loja de madeira e madeireira em Diadema!<\/p>\n\n\n\n<ul class=\"wp-block-list\">\n<li><a href=\"https:\/\/www.madeirasradial.com.br\/blog\/mdf\/para-que-serve-o-mdf-e-como-aplica-lo\/\" target=\"_blank\" rel=\"noreferrer noopener\">Para que serve o MDF e como aplic\u00e1-lo?<\/a><\/li>\n\n\n\n<li><a href=\"https:\/\/www.madeirasradial.com.br\/blog\/ferragens-para-marcenaria\/ferragens-para-marcenaria-em-sp-saiba-qual-o-lugar-ideal-para-comprar\/\" target=\"_blank\" rel=\"noreferrer noopener\">Ferragens para marcenaria em SP: saiba qual o lugar ideal para comprar<\/a><\/li>\n<\/ul>\n\n\n\n<h3 class=\"wp-block-heading\"><span class=\"ez-toc-section\" id=\"Madeiras_Radial_a_madeireira_em_Diadema_ideal_para_atende-lo\"><\/span>Madeiras Radial: a madeireira em Diadema ideal para atend\u00ea-lo<span class=\"ez-toc-section-end\"><\/span><\/h3>\n\n\n\n<p>A <a href=\"https:\/\/madeirasradial.com.br\/\" target=\"_blank\" rel=\"noreferrer noopener\">Madeiras Radial<\/a> \u00e9 uma empresa tida como refer\u00eancia no mercado quando se dala em madeireira em Diadema.&nbsp;<\/p>\n\n\n\n<p>Saiba que a Madeiras Radial foi inaugurada em 1964, tendo sua sede na Av. Cupec\u00e8, e conta com um dep\u00f3sito de 800m\u00b2, contando com amplo estacionamento para melhor atender seus clientes.&nbsp;<\/p>\n\n\n\n<p>Trabalhamos com uma grande diversidade de produtos, sempre orientados para o segmento de marcenaria.<\/p>\n\n\n\n<p>Confira com o que trabalhamos:<\/p>\n\n\n<div class=\"wp-block-image is-style-rounded\">\n<figure class=\"alignright size-full is-resized\"><img loading=\"lazy\" decoding=\"async\" src=\"https:\/\/www.madeirasradial.com.br\/blog\/wp-content\/uploads\/2023\/05\/madei.jpg\" alt=\"Descubra onde encontrar uma madeireira em Diadema\" class=\"wp-image-195\" width=\"362\" height=\"204\"\/><\/figure>\n<\/div>\n\n\n<ul class=\"wp-block-list\">\n<li>Chapas de MDF;<\/li>\n\n\n\n<li>Compensados de madeira;<\/li>\n\n\n\n<li>Rod\u00edzio de silicone;<\/li>\n\n\n\n<li>Trilhos;<\/li>\n\n\n\n<li>Sistemas de Correr;<\/li>\n\n\n\n<li>Perfil Puxador;<\/li>\n\n\n\n<li>Tapa furo;<\/li>\n\n\n\n<li>Colas de Contato;<\/li>\n\n\n\n<li>Seladoras;<\/li>\n\n\n\n<li>Tingidores;<\/li>\n\n\n\n<li>Verniz;<\/li>\n\n\n\n<li>Thinner;<\/li>\n\n\n\n<li>Silicone.<\/li>\n<\/ul>\n\n\n\n<p>Entre em contato, fa\u00e7a um or\u00e7amento e visite a Madeiras Radial. Temos a certeza de que somos a solu\u00e7\u00e3o que voc\u00ea busca.&nbsp;<\/p>\n\n\n\n<p>Gostou de saber onde encontrar uma madeireira em Diadema? Ent\u00e3o, acompanhe o <a href=\"https:\/\/www.madeirasradial.com.br\/blog\/\" target=\"_blank\" rel=\"noreferrer noopener\">blog <\/a>da Madeiras Radial para ler mais conte\u00fado como este. At\u00e9 a pr\u00f3xima!&nbsp;<\/p>\n\n\n\n<ul class=\"wp-block-list\">\n<li><a href=\"https:\/\/www.madeirasradial.com.br\/blog\/loja-de-madeira\/madeira-pinus-caracteristicas-e-vantagens\/\" target=\"_blank\" rel=\"noreferrer noopener\">Madeira pinus: caracter\u00edsticas e vantagens<\/a><\/li>\n<\/ul>\n","protected":false},"excerpt":{"rendered":"<p><span class=\"rt-reading-time\" style=\"display: block;\"><span class=\"rt-label rt-prefix\">Tempo de leitura<\/span> <span class=\"rt-time\">2<\/span> <span class=\"rt-label rt-postfix\">minutos<\/span><\/span> Saiba agora com encontrar uma madeireira em Diadema confi\u00e1vel e que ofere\u00e7a bons produtos Uma madeireira se dedica ao processamento da madeira, geralmente visando produzir e colocar \u00e0 disposi\u00e7\u00e3o produtos e materiais \u00e0 base de madeira para uso em diferentes&#8230;<\/p>\n","protected":false},"author":1,"featured_media":194,"comment_status":"open","ping_status":"open","sticky":false,"template":"","format":"standard","meta":{"footnotes":""},"categories":[137,85],"tags":[372,384,378,376,374,382,383,373],"class_list":["post-193","post","type-post","status-publish","format-standard","has-post-thumbnail","hentry","category-loja-de-madeira","category-marcenaria","tag-descubra-onde-encontrar-uma-madeireira-em-diadema","tag-loja-de-madeireira","tag-madeireira-em-diadema","tag-madeireira-em-sao-paulo","tag-madeireira-em-sp","tag-madeireira-na-zona-sul","tag-madeireira-preco","tag-onde-encontrar-madeireira"],"yoast_head":"<!-- This site is optimized with the Yoast SEO plugin v23.0 - https:\/\/yoast.com\/wordpress\/plugins\/seo\/ -->\n<title>Descubra onde encontrar uma madeireira em Diadema - Madeiras Radial<\/title>\n<meta name=\"robots\" content=\"index, follow, max-snippet:-1, max-image-preview:large, max-video-preview:-1\" \/>\n<link rel=\"canonical\" href=\"https:\/\/www.madeirasradial.com.br\/blog\/marcenaria\/descubra-onde-encontrar-uma-madeireira-em-diadema\/\" \/>\n<meta property=\"og:locale\" content=\"pt_BR\" \/>\n<meta property=\"og:type\" content=\"article\" \/>\n<meta property=\"og:title\" content=\"Descubra onde encontrar uma madeireira em Diadema - Madeiras Radial\" \/>\n<meta property=\"og:description\" content=\"Tempo de leitura 2 minutos Saiba agora com encontrar uma madeireira em Diadema confi\u00e1vel e que ofere\u00e7a bons produtos Uma madeireira se dedica ao processamento da madeira, geralmente visando produzir e colocar \u00e0 disposi\u00e7\u00e3o produtos e materiais \u00e0 base de madeira para uso em diferentes...\" \/>\n<meta property=\"og:url\" content=\"https:\/\/www.madeirasradial.com.br\/blog\/marcenaria\/descubra-onde-encontrar-uma-madeireira-em-diadema\/\" \/>\n<meta property=\"og:site_name\" content=\"Madeiras Radial\" \/>\n<meta property=\"article:published_time\" content=\"2023-05-03T17:28:01+00:00\" \/>\n<meta property=\"article:modified_time\" content=\"2023-06-19T14:40:58+00:00\" \/>\n<meta property=\"og:image\" content=\"https:\/\/www.madeirasradial.com.br\/blog\/wp-content\/uploads\/2023\/05\/pexels-cleyder-duque-3637836-718x350-1.jpg\" \/>\n\t<meta property=\"og:image:width\" content=\"718\" \/>\n\t<meta property=\"og:image:height\" content=\"350\" \/>\n\t<meta property=\"og:image:type\" content=\"image\/jpeg\" \/>\n<meta name=\"author\" content=\"admin\" \/>\n<meta name=\"twitter:card\" content=\"summary_large_image\" \/>\n<meta name=\"twitter:label1\" content=\"Escrito por\" \/>\n\t<meta name=\"twitter:data1\" content=\"admin\" \/>\n\t<meta name=\"twitter:label2\" content=\"Est. tempo de leitura\" \/>\n\t<meta name=\"twitter:data2\" content=\"2 minutos\" \/>\n<script type=\"application\/ld+json\" class=\"yoast-schema-graph\">{\"@context\":\"https:\/\/schema.org\",\"@graph\":[{\"@type\":\"Article\",\"@id\":\"https:\/\/www.madeirasradial.com.br\/blog\/marcenaria\/descubra-onde-encontrar-uma-madeireira-em-diadema\/#article\",\"isPartOf\":{\"@id\":\"https:\/\/www.madeirasradial.com.br\/blog\/marcenaria\/descubra-onde-encontrar-uma-madeireira-em-diadema\/\"},\"author\":{\"name\":\"admin\",\"@id\":\"https:\/\/www.madeirasradial.com.br\/blog\/#\/schema\/person\/112c22676c0df61d87d28e82ec250e9e\"},\"headline\":\"Descubra onde encontrar uma madeireira em Diadema\",\"datePublished\":\"2023-05-03T17:28:01+00:00\",\"dateModified\":\"2023-06-19T14:40:58+00:00\",\"mainEntityOfPage\":{\"@id\":\"https:\/\/www.madeirasradial.com.br\/blog\/marcenaria\/descubra-onde-encontrar-uma-madeireira-em-diadema\/\"},\"wordCount\":429,\"commentCount\":0,\"publisher\":{\"@id\":\"https:\/\/www.madeirasradial.com.br\/blog\/#organization\"},\"image\":{\"@id\":\"https:\/\/www.madeirasradial.com.br\/blog\/marcenaria\/descubra-onde-encontrar-uma-madeireira-em-diadema\/#primaryimage\"},\"thumbnailUrl\":\"https:\/\/www.madeirasradial.com.br\/blog\/wp-content\/uploads\/2023\/05\/pexels-cleyder-duque-3637836-718x350-1.jpg\",\"keywords\":[\"Descubra onde encontrar uma madeireira em Diadema\",\"loja de madeireira\",\"madeireira em Diadema\",\"madeireira em s\u00e3o paulo\",\"madeireira em sp\",\"madeireira na zona sul\",\"madeireira pre\u00e7o\",\"onde encontrar madeireira\"],\"articleSection\":[\"Loja de madeira\",\"Marcenaria\"],\"inLanguage\":\"pt-BR\",\"potentialAction\":[{\"@type\":\"CommentAction\",\"name\":\"Comment\",\"target\":[\"https:\/\/www.madeirasradial.com.br\/blog\/marcenaria\/descubra-onde-encontrar-uma-madeireira-em-diadema\/#respond\"]}]},{\"@type\":\"WebPage\",\"@id\":\"https:\/\/www.madeirasradial.com.br\/blog\/marcenaria\/descubra-onde-encontrar-uma-madeireira-em-diadema\/\",\"url\":\"https:\/\/www.madeirasradial.com.br\/blog\/marcenaria\/descubra-onde-encontrar-uma-madeireira-em-diadema\/\",\"name\":\"Descubra onde encontrar uma madeireira em Diadema - Madeiras Radial\",\"isPartOf\":{\"@id\":\"https:\/\/www.madeirasradial.com.br\/blog\/#website\"},\"primaryImageOfPage\":{\"@id\":\"https:\/\/www.madeirasradial.com.br\/blog\/marcenaria\/descubra-onde-encontrar-uma-madeireira-em-diadema\/#primaryimage\"},\"image\":{\"@id\":\"https:\/\/www.madeirasradial.com.br\/blog\/marcenaria\/descubra-onde-encontrar-uma-madeireira-em-diadema\/#primaryimage\"},\"thumbnailUrl\":\"https:\/\/www.madeirasradial.com.br\/blog\/wp-content\/uploads\/2023\/05\/pexels-cleyder-duque-3637836-718x350-1.jpg\",\"datePublished\":\"2023-05-03T17:28:01+00:00\",\"dateModified\":\"2023-06-19T14:40:58+00:00\",\"breadcrumb\":{\"@id\":\"https:\/\/www.madeirasradial.com.br\/blog\/marcenaria\/descubra-onde-encontrar-uma-madeireira-em-diadema\/#breadcrumb\"},\"inLanguage\":\"pt-BR\",\"potentialAction\":[{\"@type\":\"ReadAction\",\"target\":[\"https:\/\/www.madeirasradial.com.br\/blog\/marcenaria\/descubra-onde-encontrar-uma-madeireira-em-diadema\/\"]}]},{\"@type\":\"ImageObject\",\"inLanguage\":\"pt-BR\",\"@id\":\"https:\/\/www.madeirasradial.com.br\/blog\/marcenaria\/descubra-onde-encontrar-uma-madeireira-em-diadema\/#primaryimage\",\"url\":\"https:\/\/www.madeirasradial.com.br\/blog\/wp-content\/uploads\/2023\/05\/pexels-cleyder-duque-3637836-718x350-1.jpg\",\"contentUrl\":\"https:\/\/www.madeirasradial.com.br\/blog\/wp-content\/uploads\/2023\/05\/pexels-cleyder-duque-3637836-718x350-1.jpg\",\"width\":718,\"height\":350},{\"@type\":\"BreadcrumbList\",\"@id\":\"https:\/\/www.madeirasradial.com.br\/blog\/marcenaria\/descubra-onde-encontrar-uma-madeireira-em-diadema\/#breadcrumb\",\"itemListElement\":[{\"@type\":\"ListItem\",\"position\":1,\"name\":\"In\u00edcio\",\"item\":\"https:\/\/www.madeirasradial.com.br\/blog\/\"},{\"@type\":\"ListItem\",\"position\":2,\"name\":\"Descubra onde encontrar uma madeireira em Diadema\"}]},{\"@type\":\"WebSite\",\"@id\":\"https:\/\/www.madeirasradial.com.br\/blog\/#website\",\"url\":\"https:\/\/www.madeirasradial.com.br\/blog\/\",\"name\":\"Madeiras Radial\",\"description\":\"Blog\",\"publisher\":{\"@id\":\"https:\/\/www.madeirasradial.com.br\/blog\/#organization\"},\"potentialAction\":[{\"@type\":\"SearchAction\",\"target\":{\"@type\":\"EntryPoint\",\"urlTemplate\":\"https:\/\/www.madeirasradial.com.br\/blog\/?s={search_term_string}\"},\"query-input\":\"required name=search_term_string\"}],\"inLanguage\":\"pt-BR\"},{\"@type\":\"Organization\",\"@id\":\"https:\/\/www.madeirasradial.com.br\/blog\/#organization\",\"name\":\"Madeiras Radial\",\"url\":\"https:\/\/www.madeirasradial.com.br\/blog\/\",\"logo\":{\"@type\":\"ImageObject\",\"inLanguage\":\"pt-BR\",\"@id\":\"https:\/\/www.madeirasradial.com.br\/blog\/#\/schema\/logo\/image\/\",\"url\":\"https:\/\/www.madeirasradial.com.br\/blog\/wp-content\/uploads\/2022\/04\/logo-sas.png\",\"contentUrl\":\"https:\/\/www.madeirasradial.com.br\/blog\/wp-content\/uploads\/2022\/04\/logo-sas.png\",\"width\":640,\"height\":123,\"caption\":\"Madeiras Radial\"},\"image\":{\"@id\":\"https:\/\/www.madeirasradial.com.br\/blog\/#\/schema\/logo\/image\/\"}},{\"@type\":\"Person\",\"@id\":\"https:\/\/www.madeirasradial.com.br\/blog\/#\/schema\/person\/112c22676c0df61d87d28e82ec250e9e\",\"name\":\"admin\",\"image\":{\"@type\":\"ImageObject\",\"inLanguage\":\"pt-BR\",\"@id\":\"https:\/\/www.madeirasradial.com.br\/blog\/#\/schema\/person\/image\/\",\"url\":\"https:\/\/secure.gravatar.com\/avatar\/3813f53848958b8842eeafda91666185a90010f65ed554379b78794cde6f234a?s=96&d=mm&r=g\",\"contentUrl\":\"https:\/\/secure.gravatar.com\/avatar\/3813f53848958b8842eeafda91666185a90010f65ed554379b78794cde6f234a?s=96&d=mm&r=g\",\"caption\":\"admin\"},\"sameAs\":[\"https:\/\/madeirasradial.com.br\/blog\"],\"url\":\"https:\/\/www.madeirasradial.com.br\/blog\/author\/admin\/\"}]}<\/script>\n<!-- \/ Yoast SEO plugin. -->","yoast_head_json":{"title":"Descubra onde encontrar uma madeireira em Diadema - Madeiras Radial","robots":{"index":"index","follow":"follow","max-snippet":"max-snippet:-1","max-image-preview":"max-image-preview:large","max-video-preview":"max-video-preview:-1"},"canonical":"https:\/\/www.madeirasradial.com.br\/blog\/marcenaria\/descubra-onde-encontrar-uma-madeireira-em-diadema\/","og_locale":"pt_BR","og_type":"article","og_title":"Descubra onde encontrar uma madeireira em Diadema - Madeiras Radial","og_description":"Tempo de leitura 2 minutos Saiba agora com encontrar uma madeireira em Diadema confi\u00e1vel e que ofere\u00e7a bons produtos Uma madeireira se dedica ao processamento da madeira, geralmente visando produzir e colocar \u00e0 disposi\u00e7\u00e3o produtos e materiais \u00e0 base de madeira para uso em diferentes...","og_url":"https:\/\/www.madeirasradial.com.br\/blog\/marcenaria\/descubra-onde-encontrar-uma-madeireira-em-diadema\/","og_site_name":"Madeiras Radial","article_published_time":"2023-05-03T17:28:01+00:00","article_modified_time":"2023-06-19T14:40:58+00:00","og_image":[{"width":718,"height":350,"url":"https:\/\/www.madeirasradial.com.br\/blog\/wp-content\/uploads\/2023\/05\/pexels-cleyder-duque-3637836-718x350-1.jpg","type":"image\/jpeg"}],"author":"admin","twitter_card":"summary_large_image","twitter_misc":{"Escrito por":"admin","Est. tempo de leitura":"2 minutos"},"schema":{"@context":"https:\/\/schema.org","@graph":[{"@type":"Article","@id":"https:\/\/www.madeirasradial.com.br\/blog\/marcenaria\/descubra-onde-encontrar-uma-madeireira-em-diadema\/#article","isPartOf":{"@id":"https:\/\/www.madeirasradial.com.br\/blog\/marcenaria\/descubra-onde-encontrar-uma-madeireira-em-diadema\/"},"author":{"name":"admin","@id":"https:\/\/www.madeirasradial.com.br\/blog\/#\/schema\/person\/112c22676c0df61d87d28e82ec250e9e"},"headline":"Descubra onde encontrar uma madeireira em Diadema","datePublished":"2023-05-03T17:28:01+00:00","dateModified":"2023-06-19T14:40:58+00:00","mainEntityOfPage":{"@id":"https:\/\/www.madeirasradial.com.br\/blog\/marcenaria\/descubra-onde-encontrar-uma-madeireira-em-diadema\/"},"wordCount":429,"commentCount":0,"publisher":{"@id":"https:\/\/www.madeirasradial.com.br\/blog\/#organization"},"image":{"@id":"https:\/\/www.madeirasradial.com.br\/blog\/marcenaria\/descubra-onde-encontrar-uma-madeireira-em-diadema\/#primaryimage"},"thumbnailUrl":"https:\/\/www.madeirasradial.com.br\/blog\/wp-content\/uploads\/2023\/05\/pexels-cleyder-duque-3637836-718x350-1.jpg","keywords":["Descubra onde encontrar uma madeireira em Diadema","loja de madeireira","madeireira em Diadema","madeireira em s\u00e3o paulo","madeireira em sp","madeireira na zona sul","madeireira pre\u00e7o","onde encontrar madeireira"],"articleSection":["Loja de madeira","Marcenaria"],"inLanguage":"pt-BR","potentialAction":[{"@type":"CommentAction","name":"Comment","target":["https:\/\/www.madeirasradial.com.br\/blog\/marcenaria\/descubra-onde-encontrar-uma-madeireira-em-diadema\/#respond"]}]},{"@type":"WebPage","@id":"https:\/\/www.madeirasradial.com.br\/blog\/marcenaria\/descubra-onde-encontrar-uma-madeireira-em-diadema\/","url":"https:\/\/www.madeirasradial.com.br\/blog\/marcenaria\/descubra-onde-encontrar-uma-madeireira-em-diadema\/","name":"Descubra onde encontrar uma madeireira em Diadema - Madeiras Radial","isPartOf":{"@id":"https:\/\/www.madeirasradial.com.br\/blog\/#website"},"primaryImageOfPage":{"@id":"https:\/\/www.madeirasradial.com.br\/blog\/marcenaria\/descubra-onde-encontrar-uma-madeireira-em-diadema\/#primaryimage"},"image":{"@id":"https:\/\/www.madeirasradial.com.br\/blog\/marcenaria\/descubra-onde-encontrar-uma-madeireira-em-diadema\/#primaryimage"},"thumbnailUrl":"https:\/\/www.madeirasradial.com.br\/blog\/wp-content\/uploads\/2023\/05\/pexels-cleyder-duque-3637836-718x350-1.jpg","datePublished":"2023-05-03T17:28:01+00:00","dateModified":"2023-06-19T14:40:58+00:00","breadcrumb":{"@id":"https:\/\/www.madeirasradial.com.br\/blog\/marcenaria\/descubra-onde-encontrar-uma-madeireira-em-diadema\/#breadcrumb"},"inLanguage":"pt-BR","potentialAction":[{"@type":"ReadAction","target":["https:\/\/www.madeirasradial.com.br\/blog\/marcenaria\/descubra-onde-encontrar-uma-madeireira-em-diadema\/"]}]},{"@type":"ImageObject","inLanguage":"pt-BR","@id":"https:\/\/www.madeirasradial.com.br\/blog\/marcenaria\/descubra-onde-encontrar-uma-madeireira-em-diadema\/#primaryimage","url":"https:\/\/www.madeirasradial.com.br\/blog\/wp-content\/uploads\/2023\/05\/pexels-cleyder-duque-3637836-718x350-1.jpg","contentUrl":"https:\/\/www.madeirasradial.com.br\/blog\/wp-content\/uploads\/2023\/05\/pexels-cleyder-duque-3637836-718x350-1.jpg","width":718,"height":350},{"@type":"BreadcrumbList","@id":"https:\/\/www.madeirasradial.com.br\/blog\/marcenaria\/descubra-onde-encontrar-uma-madeireira-em-diadema\/#breadcrumb","itemListElement":[{"@type":"ListItem","position":1,"name":"In\u00edcio","item":"https:\/\/www.madeirasradial.com.br\/blog\/"},{"@type":"ListItem","position":2,"name":"Descubra onde encontrar uma madeireira em Diadema"}]},{"@type":"WebSite","@id":"https:\/\/www.madeirasradial.com.br\/blog\/#website","url":"https:\/\/www.madeirasradial.com.br\/blog\/","name":"Madeiras Radial","description":"Blog","publisher":{"@id":"https:\/\/www.madeirasradial.com.br\/blog\/#organization"},"potentialAction":[{"@type":"SearchAction","target":{"@type":"EntryPoint","urlTemplate":"https:\/\/www.madeirasradial.com.br\/blog\/?s={search_term_string}"},"query-input":"required name=search_term_string"}],"inLanguage":"pt-BR"},{"@type":"Organization","@id":"https:\/\/www.madeirasradial.com.br\/blog\/#organization","name":"Madeiras Radial","url":"https:\/\/www.madeirasradial.com.br\/blog\/","logo":{"@type":"ImageObject","inLanguage":"pt-BR","@id":"https:\/\/www.madeirasradial.com.br\/blog\/#\/schema\/logo\/image\/","url":"https:\/\/www.madeirasradial.com.br\/blog\/wp-content\/uploads\/2022\/04\/logo-sas.png","contentUrl":"https:\/\/www.madeirasradial.com.br\/blog\/wp-content\/uploads\/2022\/04\/logo-sas.png","width":640,"height":123,"caption":"Madeiras Radial"},"image":{"@id":"https:\/\/www.madeirasradial.com.br\/blog\/#\/schema\/logo\/image\/"}},{"@type":"Person","@id":"https:\/\/www.madeirasradial.com.br\/blog\/#\/schema\/person\/112c22676c0df61d87d28e82ec250e9e","name":"admin","image":{"@type":"ImageObject","inLanguage":"pt-BR","@id":"https:\/\/www.madeirasradial.com.br\/blog\/#\/schema\/person\/image\/","url":"https:\/\/secure.gravatar.com\/avatar\/3813f53848958b8842eeafda91666185a90010f65ed554379b78794cde6f234a?s=96&d=mm&r=g","contentUrl":"https:\/\/secure.gravatar.com\/avatar\/3813f53848958b8842eeafda91666185a90010f65ed554379b78794cde6f234a?s=96&d=mm&r=g","caption":"admin"},"sameAs":["https:\/\/madeirasradial.com.br\/blog"],"url":"https:\/\/www.madeirasradial.com.br\/blog\/author\/admin\/"}]}},"_links":{"self":[{"href":"https:\/\/www.madeirasradial.com.br\/blog\/wp-json\/wp\/v2\/posts\/193","targetHints":{"allow":["GET"]}}],"collection":[{"href":"https:\/\/www.madeirasradial.com.br\/blog\/wp-json\/wp\/v2\/posts"}],"about":[{"href":"https:\/\/www.madeirasradial.com.br\/blog\/wp-json\/wp\/v2\/types\/post"}],"author":[{"embeddable":true,"href":"https:\/\/www.madeirasradial.com.br\/blog\/wp-json\/wp\/v2\/users\/1"}],"replies":[{"embeddable":true,"href":"https:\/\/www.madeirasradial.com.br\/blog\/wp-json\/wp\/v2\/comments?post=193"}],"version-history":[{"count":2,"href":"https:\/\/www.madeirasradial.com.br\/blog\/wp-json\/wp\/v2\/posts\/193\/revisions"}],"predecessor-version":[{"id":197,"href":"https:\/\/www.madeirasradial.com.br\/blog\/wp-json\/wp\/v2\/posts\/193\/revisions\/197"}],"wp:featuredmedia":[{"embeddable":true,"href":"https:\/\/www.madeirasradial.com.br\/blog\/wp-json\/wp\/v2\/media\/194"}],"wp:attachment":[{"href":"https:\/\/www.madeirasradial.com.br\/blog\/wp-json\/wp\/v2\/media?parent=193"}],"wp:term":[{"taxonomy":"category","embeddable":true,"href":"https:\/\/www.madeirasradial.com.br\/blog\/wp-json\/wp\/v2\/categories?post=193"},{"taxonomy":"post_tag","embeddable":true,"href":"https:\/\/www.madeirasradial.com.br\/blog\/wp-json\/wp\/v2\/tags?post=193"}],"curies":[{"name":"wp","href":"https:\/\/api.w.org\/{rel}","templated":true}]}}