{"id":206,"date":"2023-07-10T18:05:08","date_gmt":"2023-07-10T18:05:08","guid":{"rendered":"https:\/\/www.madeirasradial.com.br\/blog\/?p=206"},"modified":"2023-07-10T18:05:08","modified_gmt":"2023-07-10T18:05:08","slug":"descubra-como-e-feito-o-mdf","status":"publish","type":"post","link":"https:\/\/www.madeirasradial.com.br\/blog\/mdf\/descubra-como-e-feito-o-mdf\/","title":{"rendered":"Descubra como \u00e9 feito o MDF"},"content":{"rendered":"<span class=\"rt-reading-time\" style=\"display: block;\"><span class=\"rt-label rt-prefix\">Tempo de leitura<\/span> <span class=\"rt-time\">3<\/span> <span class=\"rt-label rt-postfix\">minutos<\/span><\/span>\n<p class=\"has-medium-font-size\"><em><strong>Descubra como \u00e9 feito o MDF e veja tamb\u00e9m quais s\u00e3o suas principais caracter\u00edsticas, vantagens e aplica\u00e7\u00f5es<\/strong><\/em><\/p>\n\n\n\n<p>O MDF (Medium Density Fiberboard), ou Placa de Fibra de M\u00e9dia Densidade, \u00e9 um material amplamente utilizado na ind\u00fastria do mobili\u00e1rio e da constru\u00e7\u00e3o civil. \u00c9 um tipo de painel de madeira reconstitu\u00edda que possui uma composi\u00e7\u00e3o \u00fanica e processos espec\u00edficos para sua fabrica\u00e7\u00e3o.&nbsp;<\/p>\n\n\n\n<p>Saiba que ao longo deste artigo exploraremos em detalhes como o MDF \u00e9 feito, desde a sele\u00e7\u00e3o da mat\u00e9ria-prima at\u00e9 as etapas de processamento e acabamento.&nbsp;<\/p>\n\n\n\n<p>\u00c9 importante compreender que saber o processo de fabrica\u00e7\u00e3o do MDF \u00e9 fundamental para apreciar suas caracter\u00edsticas e benef\u00edcios, bem como para avaliar suas aplica\u00e7\u00f5es e limita\u00e7\u00f5es.<\/p>\n\n\n\n<div id=\"ez-toc-container\" class=\"ez-toc-v2_0_67_1 counter-hierarchy ez-toc-counter ez-toc-grey ez-toc-container-direction\">\n<div class=\"ez-toc-title-container\">\n<p class=\"ez-toc-title \" >T&oacute;picos do artigo<\/p>\n<span class=\"ez-toc-title-toggle\"><a href=\"#\" class=\"ez-toc-pull-right ez-toc-btn ez-toc-btn-xs ez-toc-btn-default ez-toc-toggle\" aria-label=\"Toggle Table of Content\"><span class=\"ez-toc-js-icon-con\"><span class=\"\"><span class=\"eztoc-hide\" style=\"display:none;\">Toggle<\/span><span class=\"ez-toc-icon-toggle-span\"><svg style=\"fill: #999;color:#999\" xmlns=\"http:\/\/www.w3.org\/2000\/svg\" class=\"list-377408\" width=\"20px\" height=\"20px\" viewBox=\"0 0 24 24\" fill=\"none\"><path d=\"M6 6H4v2h2V6zm14 0H8v2h12V6zM4 11h2v2H4v-2zm16 0H8v2h12v-2zM4 16h2v2H4v-2zm16 0H8v2h12v-2z\" fill=\"currentColor\"><\/path><\/svg><svg style=\"fill: #999;color:#999\" class=\"arrow-unsorted-368013\" xmlns=\"http:\/\/www.w3.org\/2000\/svg\" width=\"10px\" height=\"10px\" viewBox=\"0 0 24 24\" version=\"1.2\" baseProfile=\"tiny\"><path d=\"M18.2 9.3l-6.2-6.3-6.2 6.3c-.2.2-.3.4-.3.7s.1.5.3.7c.2.2.4.3.7.3h11c.3 0 .5-.1.7-.3.2-.2.3-.5.3-.7s-.1-.5-.3-.7zM5.8 14.7l6.2 6.3 6.2-6.3c.2-.2.3-.5.3-.7s-.1-.5-.3-.7c-.2-.2-.4-.3-.7-.3h-11c-.3 0-.5.1-.7.3-.2.2-.3.5-.3.7s.1.5.3.7z\"\/><\/svg><\/span><\/span><\/span><\/a><\/span><\/div>\n<nav><ul class='ez-toc-list ez-toc-list-level-1 ' ><li class='ez-toc-page-1 ez-toc-heading-level-2'><a class=\"ez-toc-link ez-toc-heading-1\" href=\"https:\/\/www.madeirasradial.com.br\/blog\/mdf\/descubra-como-e-feito-o-mdf\/#Afinal_o_que_e_MDF\" title=\"Afinal, o que \u00e9 MDF?\">Afinal, o que \u00e9 MDF?<\/a><\/li><li class='ez-toc-page-1 ez-toc-heading-level-2'><a class=\"ez-toc-link ez-toc-heading-2\" href=\"https:\/\/www.madeirasradial.com.br\/blog\/mdf\/descubra-como-e-feito-o-mdf\/#Entenda_como_e_feito_o_MDF_e_veja_seu_processo_de_fabricacao\" title=\"Entenda como \u00e9 feito o MDF e veja seu processo de fabrica\u00e7\u00e3o\">Entenda como \u00e9 feito o MDF e veja seu processo de fabrica\u00e7\u00e3o<\/a><\/li><li class='ez-toc-page-1 ez-toc-heading-level-2'><a class=\"ez-toc-link ez-toc-heading-3\" href=\"https:\/\/www.madeirasradial.com.br\/blog\/mdf\/descubra-como-e-feito-o-mdf\/#Conheca_as_principais_caracteristicas_do_MDF\" title=\"Conhe\u00e7a as principais caracter\u00edsticas do MDF\">Conhe\u00e7a as principais caracter\u00edsticas do MDF<\/a><\/li><li class='ez-toc-page-1 ez-toc-heading-level-2'><a class=\"ez-toc-link ez-toc-heading-4\" href=\"https:\/\/www.madeirasradial.com.br\/blog\/mdf\/descubra-como-e-feito-o-mdf\/#Confira_as_principais_aplicacoes_do_MDF\" title=\"Confira as principais aplica\u00e7\u00f5es do MDF\">Confira as principais aplica\u00e7\u00f5es do MDF<\/a><\/li><li class='ez-toc-page-1 ez-toc-heading-level-2'><a class=\"ez-toc-link ez-toc-heading-5\" href=\"https:\/\/www.madeirasradial.com.br\/blog\/mdf\/descubra-como-e-feito-o-mdf\/#Por_que_investir_em_MDF_Conheca_suas_vantagens\" title=\"Por que investir em MDF? Conhe\u00e7a suas vantagens&nbsp;\">Por que investir em MDF? Conhe\u00e7a suas vantagens&nbsp;<\/a><\/li><\/ul><\/nav><\/div>\n<h2 class=\"wp-block-heading\"><span class=\"ez-toc-section\" id=\"Afinal_o_que_e_MDF\"><\/span>Afinal, o que \u00e9 MDF?<span class=\"ez-toc-section-end\"><\/span><\/h2>\n\n\n\n<p>O MDF \u00e9 um dos materiais mais populares na ind\u00fastria do mobili\u00e1rio e da constru\u00e7\u00e3o civil. Sua versatilidade, caracter\u00edsticas \u00fanicas e processos de fabrica\u00e7\u00e3o modernos o tornam uma op\u00e7\u00e3o amplamente utilizada por profissionais e consumidores em todo o mundo.&nbsp;<\/p>\n\n\n\n<p>Tenha em mente que o MDF \u00e9 um tipo de painel de madeira reconstitu\u00edda que consiste em fibras de madeira refinadas e resinas sint\u00e9ticas. Diferentemente de outros pain\u00e9is, como o aglomerado e o compensado, o MDF n\u00e3o possui camadas de folheado ou l\u00e2minas, sendo composto exclusivamente por fibras de madeira de pequeno tamanho e uniformemente distribu\u00eddas.&nbsp;<\/p>\n\n\n\n<p>Essas fibras s\u00e3o obtidas a partir de madeiras de reflorestamento, como <a href=\"https:\/\/www.madeirasradial.com.br\/blog\/loja-de-madeira\/madeira-pinus-caracteristicas-e-vantagens\/\" data-type=\"post\" data-id=\"175\" target=\"_blank\" rel=\"noreferrer noopener\">pinus <\/a>e eucalipto, que s\u00e3o selecionadas criteriosamente para garantir a qualidade e uniformidade do produto final.<\/p>\n\n\n\n<ul class=\"wp-block-list\">\n<li><a href=\"https:\/\/www.madeirasradial.com.br\/blog\/mdf\/para-que-serve-o-mdf-e-como-aplica-lo\/\" target=\"_blank\" rel=\"noreferrer noopener\">Para que serve o MDF e como aplic\u00e1-lo?<\/a><\/li>\n<\/ul>\n\n\n\n<h2 class=\"wp-block-heading\"><span class=\"ez-toc-section\" id=\"Entenda_como_e_feito_o_MDF_e_veja_seu_processo_de_fabricacao\"><\/span>Entenda como \u00e9 feito o MDF e veja seu processo de fabrica\u00e7\u00e3o<span class=\"ez-toc-section-end\"><\/span><\/h2>\n\n\n\n<p>O processo de fabrica\u00e7\u00e3o do MDF \u00e9 altamente tecnol\u00f3gico e envolve v\u00e1rias etapas. Inicialmente, as madeiras selecionadas s\u00e3o cortadas em cavacos, que passam por um processo de desfibramento.&nbsp;<\/p>\n\n\n\n<p>Em seguida, <strong>as fibras s\u00e3o refinadas e misturadas com resinas sint\u00e9ticas, que atuam como aglutinantes.<\/strong> Essa mistura \u00e9 ent\u00e3o submetida a altas temperaturas e press\u00e3o em prensas, de maneira a formar pain\u00e9is densos e uniformes.\u00a0<\/p>\n\n\n\n<p>Ap\u00f3s o processo de prensagem, os pain\u00e9is s\u00e3o resfriados e passam por uma s\u00e9rie de tratamentos para garantir a estabilidade dimensional, como o corte em tamanhos desejados e o acabamento superficial.<\/p>\n\n\n\n<h2 class=\"wp-block-heading\"><span class=\"ez-toc-section\" id=\"Conheca_as_principais_caracteristicas_do_MDF\"><\/span>Conhe\u00e7a as principais caracter\u00edsticas do MDF<span class=\"ez-toc-section-end\"><\/span><\/h2>\n\n\n\n<p>O MDF possui uma s\u00e9rie de caracter\u00edsticas que o tornam atrativo em diversas aplica\u00e7\u00f5es. Sua densidade m\u00e9dia proporciona uma excelente estabilidade dimensional, evitando deforma\u00e7\u00f5es e garantindo uma superf\u00edcie lisa e uniforme.&nbsp;<\/p>\n\n\n\n<p>Al\u00e9m disso, <strong>sua composi\u00e7\u00e3o homog\u00eanea permite um corte preciso e a possibilidade de moldagem<\/strong> em diferentes formas e contornos.\u00a0<\/p>\n\n\n\n<p>Vale dizer ainda que o MDF tamb\u00e9m apresenta boa resist\u00eancia mec\u00e2nica, sendo capaz de suportar cargas e parafusos sem se desfazer. Sua superf\u00edcie uniforme e homog\u00eanea facilita a aplica\u00e7\u00e3o de acabamentos, como pintura, verniz e revestimentos, permitindo uma ampla variedade de estilos e designs.<\/p>\n\n\n\n<ul class=\"wp-block-list\">\n<li><a href=\"https:\/\/www.madeirasradial.com.br\/blog\/compensados\/vantagens-dos-compensados-de-madeira\/\" target=\"_blank\" rel=\"noreferrer noopener\">Vantagens dos compensados de madeira<\/a><\/li>\n<\/ul>\n\n\n\n<h2 class=\"wp-block-heading\"><span class=\"ez-toc-section\" id=\"Confira_as_principais_aplicacoes_do_MDF\"><\/span>Confira as principais aplica\u00e7\u00f5es do MDF<span class=\"ez-toc-section-end\"><\/span><\/h2>\n\n\n<div class=\"wp-block-image is-style-rounded\">\n<figure class=\"alignright size-full is-resized\"><img loading=\"lazy\" decoding=\"async\" src=\"https:\/\/www.madeirasradial.com.br\/blog\/wp-content\/uploads\/2023\/07\/homem-trabalhando-no-corte-de-placa-de-mdf-1.jpg\" alt=\"Descubra como \u00e9 feito o MDF\" class=\"wp-image-208\" width=\"310\" height=\"207\"\/><\/figure>\n<\/div>\n\n\n<p>Devido \u00e0 sua versatilidade e caracter\u00edsticas \u00fanicas, o MDF encontra uma ampla gama de aplica\u00e7\u00f5es em diversos setores. No segmento de m\u00f3veis, por exemplo, \u00e9 utilizado na fabrica\u00e7\u00e3o de arm\u00e1rios, estantes, mesas, cadeiras e outros itens de decora\u00e7\u00e3o, tanto residenciais quanto comerciais.&nbsp;<\/p>\n\n\n\n<p>Adicionalmente<strong>, o MDF \u00e9 amplamente empregado em projetos de interiores, como revestimentos de paredes, divis\u00f3rias, portas e rodap\u00e9s.\u00a0<\/strong><\/p>\n\n\n\n<p>Sua capacidade de ser moldado e receber acabamentos torna-o um material de escolha para o setor de constru\u00e7\u00e3o civil, sendo utilizado na fabrica\u00e7\u00e3o de portas, batentes e pain\u00e9is decorativos.<\/p>\n\n\n\n<ul class=\"wp-block-list\">\n<li><a href=\"https:\/\/www.madeirasradial.com.br\/blog\/marcenaria\/descubra-onde-encontrar-uma-madeireira-em-diadema\/\" target=\"_blank\" rel=\"noreferrer noopener\">Descubra onde encontrar uma madeireira em Diadema<\/a><\/li>\n<\/ul>\n\n\n\n<h2 class=\"wp-block-heading\"><span class=\"ez-toc-section\" id=\"Por_que_investir_em_MDF_Conheca_suas_vantagens\"><\/span>Por que investir em MDF? Conhe\u00e7a suas vantagens&nbsp;<span class=\"ez-toc-section-end\"><\/span><\/h2>\n\n\n\n<p>O MDF oferece v\u00e1rias vantagens em rela\u00e7\u00e3o a outros materiais. Sua composi\u00e7\u00e3o homog\u00eanea e alta densidade proporcionam maior resist\u00eancia e durabilidade em compara\u00e7\u00e3o com o aglomerado, por exemplo.&nbsp;<\/p>\n\n\n\n<p>Al\u00e9m disso, <strong>a superf\u00edcie lisa e uniforme do MDF facilita a aplica\u00e7\u00e3o de revestimentos e acabamentos<\/strong>, resultando em um aspecto est\u00e9tico superior.\u00a0<\/p>\n\n\n\n<p>Sua versatilidade permite que seja utilizado em uma ampla variedade de projetos, desde pe\u00e7as de mobili\u00e1rio simples at\u00e9 solu\u00e7\u00f5es arquitet\u00f4nicas complexas.&nbsp;<\/p>\n\n\n\n<p>O MDF tamb\u00e9m \u00e9 um material sustent\u00e1vel, uma vez que utiliza madeiras provenientes de reflorestamento, contribuindo para a preserva\u00e7\u00e3o do meio ambiente.<\/p>\n\n\n\n<p>Em linhas gerais, podemos afirmar que o MDF \u00e9 um material excepcionalmente vers\u00e1til e de grande import\u00e2ncia na ind\u00fastria do mobili\u00e1rio e da constru\u00e7\u00e3o civil.&nbsp;<\/p>\n\n\n\n<p>Seu processo de fabrica\u00e7\u00e3o sofisticado e suas caracter\u00edsticas \u00fanicas, <strong>como estabilidade dimensional, facilidade de corte e moldagem, e a possibilidade de receber diferentes acabamentos<\/strong>, fazem dele uma escolha popular para uma variedade de projetos.\u00a0<\/p>\n\n\n\n<p>Com sua resist\u00eancia, durabilidade e apelo est\u00e9tico, o MDF continua a ser uma op\u00e7\u00e3o confi\u00e1vel e inovadora para profissionais e consumidores que buscam solu\u00e7\u00f5es vers\u00e1teis e de alta qualidade em design de interiores e constru\u00e7\u00e3o.<\/p>\n\n\n\n<p>Caso queira comprar chapas de MDF, procure uma empresa especializada, como \u00e9 o caso da <a href=\"https:\/\/madeirasradial.com.br\/\" target=\"_blank\" rel=\"noreferrer noopener\">Madeiras Radial<\/a>, por exemplo.\u00a0<\/p>\n\n\n\n<p>Gostou do conte\u00fado? Ent\u00e3o, acompanhe o <a href=\"https:\/\/www.madeirasradial.com.br\/blog\/\" target=\"_blank\" rel=\"noreferrer noopener\">blog <\/a>da Madeiras Radial para ler mais conte\u00fado como este. At\u00e9 a pr\u00f3xima!\u00a0<\/p>\n\n\n\n<ul class=\"wp-block-list\">\n<li><a href=\"https:\/\/www.madeirasradial.com.br\/blog\/mdf\/placa-de-mdf-na-zona-sul-onde-comprar\/\" target=\"_blank\" rel=\"noreferrer noopener\">Placa de MDF na zona sul: onde comprar?<\/a><\/li>\n<\/ul>\n","protected":false},"excerpt":{"rendered":"<p><span class=\"rt-reading-time\" style=\"display: block;\"><span class=\"rt-label rt-prefix\">Tempo de leitura<\/span> <span class=\"rt-time\">3<\/span> <span class=\"rt-label rt-postfix\">minutos<\/span><\/span> Descubra como \u00e9 feito o MDF e veja tamb\u00e9m quais s\u00e3o suas principais caracter\u00edsticas, vantagens e aplica\u00e7\u00f5es O MDF (Medium Density Fiberboard), ou Placa de Fibra de M\u00e9dia Densidade, \u00e9 um material amplamente utilizado na ind\u00fastria do mobili\u00e1rio e da&#8230;<\/p>\n","protected":false},"author":1,"featured_media":207,"comment_status":"open","ping_status":"open","sticky":false,"template":"","format":"standard","meta":{"footnotes":""},"categories":[24],"tags":[458,460,451,450,455,454,453,73,452,457,456,459],"class_list":["post-206","post","type-post","status-publish","format-standard","has-post-thumbnail","hentry","category-mdf","tag-aplicacoes-do-mdf","tag-beneficios-do-mdf","tag-como-e-feito-o-mdf","tag-descubra-como-e-feito-o-mdf","tag-fabricacao-de-mdf","tag-mdf-caracteristicas","tag-mdf-e-suas-caracteristicas","tag-o-que-e-mdf","tag-o-que-e-mdf-e-quais-suas-caracteristicas","tag-principais-aplicacoes-do-mdf","tag-principais-caracteristicas-do-mdf","tag-vantagens-mdf"],"yoast_head":"<!-- This site is optimized with the Yoast SEO plugin v23.0 - https:\/\/yoast.com\/wordpress\/plugins\/seo\/ -->\n<title>Descubra como \u00e9 feito o MDF - Madeiras Radial<\/title>\n<meta name=\"robots\" content=\"index, follow, max-snippet:-1, max-image-preview:large, max-video-preview:-1\" \/>\n<link rel=\"canonical\" href=\"https:\/\/www.madeirasradial.com.br\/blog\/mdf\/descubra-como-e-feito-o-mdf\/\" \/>\n<meta property=\"og:locale\" content=\"pt_BR\" \/>\n<meta property=\"og:type\" content=\"article\" \/>\n<meta property=\"og:title\" content=\"Descubra como \u00e9 feito o MDF - Madeiras Radial\" \/>\n<meta property=\"og:description\" content=\"Tempo de leitura 3 minutos Descubra como \u00e9 feito o MDF e veja tamb\u00e9m quais s\u00e3o suas principais caracter\u00edsticas, vantagens e aplica\u00e7\u00f5es O MDF (Medium Density Fiberboard), ou Placa de Fibra de M\u00e9dia Densidade, \u00e9 um material amplamente utilizado na ind\u00fastria do mobili\u00e1rio e da...\" \/>\n<meta property=\"og:url\" content=\"https:\/\/www.madeirasradial.com.br\/blog\/mdf\/descubra-como-e-feito-o-mdf\/\" \/>\n<meta property=\"og:site_name\" content=\"Madeiras Radial\" \/>\n<meta property=\"article:published_time\" content=\"2023-07-10T18:05:08+00:00\" \/>\n<meta property=\"og:image\" content=\"https:\/\/www.madeirasradial.com.br\/blog\/wp-content\/uploads\/2023\/07\/amostras-de-vinil-de-madeira-com-diferentes-tipos-de-textura-de-madeira-para-design-1.jpg\" \/>\n\t<meta property=\"og:image:width\" content=\"1840\" \/>\n\t<meta property=\"og:image:height\" content=\"1228\" \/>\n\t<meta property=\"og:image:type\" content=\"image\/jpeg\" \/>\n<meta name=\"author\" content=\"admin\" \/>\n<meta name=\"twitter:card\" content=\"summary_large_image\" \/>\n<meta name=\"twitter:label1\" content=\"Escrito por\" \/>\n\t<meta name=\"twitter:data1\" content=\"admin\" \/>\n\t<meta name=\"twitter:label2\" content=\"Est. tempo de leitura\" \/>\n\t<meta name=\"twitter:data2\" content=\"5 minutos\" \/>\n<script type=\"application\/ld+json\" class=\"yoast-schema-graph\">{\"@context\":\"https:\/\/schema.org\",\"@graph\":[{\"@type\":\"Article\",\"@id\":\"https:\/\/www.madeirasradial.com.br\/blog\/mdf\/descubra-como-e-feito-o-mdf\/#article\",\"isPartOf\":{\"@id\":\"https:\/\/www.madeirasradial.com.br\/blog\/mdf\/descubra-como-e-feito-o-mdf\/\"},\"author\":{\"name\":\"admin\",\"@id\":\"https:\/\/www.madeirasradial.com.br\/blog\/#\/schema\/person\/112c22676c0df61d87d28e82ec250e9e\"},\"headline\":\"Descubra como \u00e9 feito o MDF\",\"datePublished\":\"2023-07-10T18:05:08+00:00\",\"dateModified\":\"2023-07-10T18:05:08+00:00\",\"mainEntityOfPage\":{\"@id\":\"https:\/\/www.madeirasradial.com.br\/blog\/mdf\/descubra-como-e-feito-o-mdf\/\"},\"wordCount\":914,\"commentCount\":0,\"publisher\":{\"@id\":\"https:\/\/www.madeirasradial.com.br\/blog\/#organization\"},\"image\":{\"@id\":\"https:\/\/www.madeirasradial.com.br\/blog\/mdf\/descubra-como-e-feito-o-mdf\/#primaryimage\"},\"thumbnailUrl\":\"https:\/\/www.madeirasradial.com.br\/blog\/wp-content\/uploads\/2023\/07\/amostras-de-vinil-de-madeira-com-diferentes-tipos-de-textura-de-madeira-para-design-1.jpg\",\"keywords\":[\"aplica\u00e7\u00f5es do MDF\",\"Benef\u00edcios do MDF\",\"como \u00e9 feito o MDF\",\"Descubra como \u00e9 feito o MDF\",\"fabrica\u00e7\u00e3o de MDF\",\"MDF caracter\u00edsticas\",\"MDF e suas caracter\u00edsticas\",\"O que \u00e9 MDF\",\"o que \u00e9 MDF e quais suas caracter\u00edsticas\",\"principais aplica\u00e7\u00f5es do MDF\",\"principais caracter\u00edsticas do MDF\",\"vantagens MDF\"],\"articleSection\":[\"MDF\"],\"inLanguage\":\"pt-BR\",\"potentialAction\":[{\"@type\":\"CommentAction\",\"name\":\"Comment\",\"target\":[\"https:\/\/www.madeirasradial.com.br\/blog\/mdf\/descubra-como-e-feito-o-mdf\/#respond\"]}]},{\"@type\":\"WebPage\",\"@id\":\"https:\/\/www.madeirasradial.com.br\/blog\/mdf\/descubra-como-e-feito-o-mdf\/\",\"url\":\"https:\/\/www.madeirasradial.com.br\/blog\/mdf\/descubra-como-e-feito-o-mdf\/\",\"name\":\"Descubra como \u00e9 feito o MDF - Madeiras Radial\",\"isPartOf\":{\"@id\":\"https:\/\/www.madeirasradial.com.br\/blog\/#website\"},\"primaryImageOfPage\":{\"@id\":\"https:\/\/www.madeirasradial.com.br\/blog\/mdf\/descubra-como-e-feito-o-mdf\/#primaryimage\"},\"image\":{\"@id\":\"https:\/\/www.madeirasradial.com.br\/blog\/mdf\/descubra-como-e-feito-o-mdf\/#primaryimage\"},\"thumbnailUrl\":\"https:\/\/www.madeirasradial.com.br\/blog\/wp-content\/uploads\/2023\/07\/amostras-de-vinil-de-madeira-com-diferentes-tipos-de-textura-de-madeira-para-design-1.jpg\",\"datePublished\":\"2023-07-10T18:05:08+00:00\",\"dateModified\":\"2023-07-10T18:05:08+00:00\",\"breadcrumb\":{\"@id\":\"https:\/\/www.madeirasradial.com.br\/blog\/mdf\/descubra-como-e-feito-o-mdf\/#breadcrumb\"},\"inLanguage\":\"pt-BR\",\"potentialAction\":[{\"@type\":\"ReadAction\",\"target\":[\"https:\/\/www.madeirasradial.com.br\/blog\/mdf\/descubra-como-e-feito-o-mdf\/\"]}]},{\"@type\":\"ImageObject\",\"inLanguage\":\"pt-BR\",\"@id\":\"https:\/\/www.madeirasradial.com.br\/blog\/mdf\/descubra-como-e-feito-o-mdf\/#primaryimage\",\"url\":\"https:\/\/www.madeirasradial.com.br\/blog\/wp-content\/uploads\/2023\/07\/amostras-de-vinil-de-madeira-com-diferentes-tipos-de-textura-de-madeira-para-design-1.jpg\",\"contentUrl\":\"https:\/\/www.madeirasradial.com.br\/blog\/wp-content\/uploads\/2023\/07\/amostras-de-vinil-de-madeira-com-diferentes-tipos-de-textura-de-madeira-para-design-1.jpg\",\"width\":1840,\"height\":1228},{\"@type\":\"BreadcrumbList\",\"@id\":\"https:\/\/www.madeirasradial.com.br\/blog\/mdf\/descubra-como-e-feito-o-mdf\/#breadcrumb\",\"itemListElement\":[{\"@type\":\"ListItem\",\"position\":1,\"name\":\"In\u00edcio\",\"item\":\"https:\/\/www.madeirasradial.com.br\/blog\/\"},{\"@type\":\"ListItem\",\"position\":2,\"name\":\"Descubra como \u00e9 feito o MDF\"}]},{\"@type\":\"WebSite\",\"@id\":\"https:\/\/www.madeirasradial.com.br\/blog\/#website\",\"url\":\"https:\/\/www.madeirasradial.com.br\/blog\/\",\"name\":\"Madeiras Radial\",\"description\":\"Blog\",\"publisher\":{\"@id\":\"https:\/\/www.madeirasradial.com.br\/blog\/#organization\"},\"potentialAction\":[{\"@type\":\"SearchAction\",\"target\":{\"@type\":\"EntryPoint\",\"urlTemplate\":\"https:\/\/www.madeirasradial.com.br\/blog\/?s={search_term_string}\"},\"query-input\":\"required name=search_term_string\"}],\"inLanguage\":\"pt-BR\"},{\"@type\":\"Organization\",\"@id\":\"https:\/\/www.madeirasradial.com.br\/blog\/#organization\",\"name\":\"Madeiras Radial\",\"url\":\"https:\/\/www.madeirasradial.com.br\/blog\/\",\"logo\":{\"@type\":\"ImageObject\",\"inLanguage\":\"pt-BR\",\"@id\":\"https:\/\/www.madeirasradial.com.br\/blog\/#\/schema\/logo\/image\/\",\"url\":\"https:\/\/www.madeirasradial.com.br\/blog\/wp-content\/uploads\/2022\/04\/logo-sas.png\",\"contentUrl\":\"https:\/\/www.madeirasradial.com.br\/blog\/wp-content\/uploads\/2022\/04\/logo-sas.png\",\"width\":640,\"height\":123,\"caption\":\"Madeiras Radial\"},\"image\":{\"@id\":\"https:\/\/www.madeirasradial.com.br\/blog\/#\/schema\/logo\/image\/\"}},{\"@type\":\"Person\",\"@id\":\"https:\/\/www.madeirasradial.com.br\/blog\/#\/schema\/person\/112c22676c0df61d87d28e82ec250e9e\",\"name\":\"admin\",\"image\":{\"@type\":\"ImageObject\",\"inLanguage\":\"pt-BR\",\"@id\":\"https:\/\/www.madeirasradial.com.br\/blog\/#\/schema\/person\/image\/\",\"url\":\"https:\/\/secure.gravatar.com\/avatar\/3813f53848958b8842eeafda91666185a90010f65ed554379b78794cde6f234a?s=96&d=mm&r=g\",\"contentUrl\":\"https:\/\/secure.gravatar.com\/avatar\/3813f53848958b8842eeafda91666185a90010f65ed554379b78794cde6f234a?s=96&d=mm&r=g\",\"caption\":\"admin\"},\"sameAs\":[\"https:\/\/madeirasradial.com.br\/blog\"],\"url\":\"https:\/\/www.madeirasradial.com.br\/blog\/author\/admin\/\"}]}<\/script>\n<!-- \/ Yoast SEO plugin. -->","yoast_head_json":{"title":"Descubra como \u00e9 feito o MDF - Madeiras Radial","robots":{"index":"index","follow":"follow","max-snippet":"max-snippet:-1","max-image-preview":"max-image-preview:large","max-video-preview":"max-video-preview:-1"},"canonical":"https:\/\/www.madeirasradial.com.br\/blog\/mdf\/descubra-como-e-feito-o-mdf\/","og_locale":"pt_BR","og_type":"article","og_title":"Descubra como \u00e9 feito o MDF - Madeiras Radial","og_description":"Tempo de leitura 3 minutos Descubra como \u00e9 feito o MDF e veja tamb\u00e9m quais s\u00e3o suas principais caracter\u00edsticas, vantagens e aplica\u00e7\u00f5es O MDF (Medium Density Fiberboard), ou Placa de Fibra de M\u00e9dia Densidade, \u00e9 um material amplamente utilizado na ind\u00fastria do mobili\u00e1rio e da...","og_url":"https:\/\/www.madeirasradial.com.br\/blog\/mdf\/descubra-como-e-feito-o-mdf\/","og_site_name":"Madeiras Radial","article_published_time":"2023-07-10T18:05:08+00:00","og_image":[{"width":1840,"height":1228,"url":"https:\/\/www.madeirasradial.com.br\/blog\/wp-content\/uploads\/2023\/07\/amostras-de-vinil-de-madeira-com-diferentes-tipos-de-textura-de-madeira-para-design-1.jpg","type":"image\/jpeg"}],"author":"admin","twitter_card":"summary_large_image","twitter_misc":{"Escrito por":"admin","Est. tempo de leitura":"5 minutos"},"schema":{"@context":"https:\/\/schema.org","@graph":[{"@type":"Article","@id":"https:\/\/www.madeirasradial.com.br\/blog\/mdf\/descubra-como-e-feito-o-mdf\/#article","isPartOf":{"@id":"https:\/\/www.madeirasradial.com.br\/blog\/mdf\/descubra-como-e-feito-o-mdf\/"},"author":{"name":"admin","@id":"https:\/\/www.madeirasradial.com.br\/blog\/#\/schema\/person\/112c22676c0df61d87d28e82ec250e9e"},"headline":"Descubra como \u00e9 feito o MDF","datePublished":"2023-07-10T18:05:08+00:00","dateModified":"2023-07-10T18:05:08+00:00","mainEntityOfPage":{"@id":"https:\/\/www.madeirasradial.com.br\/blog\/mdf\/descubra-como-e-feito-o-mdf\/"},"wordCount":914,"commentCount":0,"publisher":{"@id":"https:\/\/www.madeirasradial.com.br\/blog\/#organization"},"image":{"@id":"https:\/\/www.madeirasradial.com.br\/blog\/mdf\/descubra-como-e-feito-o-mdf\/#primaryimage"},"thumbnailUrl":"https:\/\/www.madeirasradial.com.br\/blog\/wp-content\/uploads\/2023\/07\/amostras-de-vinil-de-madeira-com-diferentes-tipos-de-textura-de-madeira-para-design-1.jpg","keywords":["aplica\u00e7\u00f5es do MDF","Benef\u00edcios do MDF","como \u00e9 feito o MDF","Descubra como \u00e9 feito o MDF","fabrica\u00e7\u00e3o de MDF","MDF caracter\u00edsticas","MDF e suas caracter\u00edsticas","O que \u00e9 MDF","o que \u00e9 MDF e quais suas caracter\u00edsticas","principais aplica\u00e7\u00f5es do MDF","principais caracter\u00edsticas do MDF","vantagens MDF"],"articleSection":["MDF"],"inLanguage":"pt-BR","potentialAction":[{"@type":"CommentAction","name":"Comment","target":["https:\/\/www.madeirasradial.com.br\/blog\/mdf\/descubra-como-e-feito-o-mdf\/#respond"]}]},{"@type":"WebPage","@id":"https:\/\/www.madeirasradial.com.br\/blog\/mdf\/descubra-como-e-feito-o-mdf\/","url":"https:\/\/www.madeirasradial.com.br\/blog\/mdf\/descubra-como-e-feito-o-mdf\/","name":"Descubra como \u00e9 feito o MDF - Madeiras Radial","isPartOf":{"@id":"https:\/\/www.madeirasradial.com.br\/blog\/#website"},"primaryImageOfPage":{"@id":"https:\/\/www.madeirasradial.com.br\/blog\/mdf\/descubra-como-e-feito-o-mdf\/#primaryimage"},"image":{"@id":"https:\/\/www.madeirasradial.com.br\/blog\/mdf\/descubra-como-e-feito-o-mdf\/#primaryimage"},"thumbnailUrl":"https:\/\/www.madeirasradial.com.br\/blog\/wp-content\/uploads\/2023\/07\/amostras-de-vinil-de-madeira-com-diferentes-tipos-de-textura-de-madeira-para-design-1.jpg","datePublished":"2023-07-10T18:05:08+00:00","dateModified":"2023-07-10T18:05:08+00:00","breadcrumb":{"@id":"https:\/\/www.madeirasradial.com.br\/blog\/mdf\/descubra-como-e-feito-o-mdf\/#breadcrumb"},"inLanguage":"pt-BR","potentialAction":[{"@type":"ReadAction","target":["https:\/\/www.madeirasradial.com.br\/blog\/mdf\/descubra-como-e-feito-o-mdf\/"]}]},{"@type":"ImageObject","inLanguage":"pt-BR","@id":"https:\/\/www.madeirasradial.com.br\/blog\/mdf\/descubra-como-e-feito-o-mdf\/#primaryimage","url":"https:\/\/www.madeirasradial.com.br\/blog\/wp-content\/uploads\/2023\/07\/amostras-de-vinil-de-madeira-com-diferentes-tipos-de-textura-de-madeira-para-design-1.jpg","contentUrl":"https:\/\/www.madeirasradial.com.br\/blog\/wp-content\/uploads\/2023\/07\/amostras-de-vinil-de-madeira-com-diferentes-tipos-de-textura-de-madeira-para-design-1.jpg","width":1840,"height":1228},{"@type":"BreadcrumbList","@id":"https:\/\/www.madeirasradial.com.br\/blog\/mdf\/descubra-como-e-feito-o-mdf\/#breadcrumb","itemListElement":[{"@type":"ListItem","position":1,"name":"In\u00edcio","item":"https:\/\/www.madeirasradial.com.br\/blog\/"},{"@type":"ListItem","position":2,"name":"Descubra como \u00e9 feito o MDF"}]},{"@type":"WebSite","@id":"https:\/\/www.madeirasradial.com.br\/blog\/#website","url":"https:\/\/www.madeirasradial.com.br\/blog\/","name":"Madeiras Radial","description":"Blog","publisher":{"@id":"https:\/\/www.madeirasradial.com.br\/blog\/#organization"},"potentialAction":[{"@type":"SearchAction","target":{"@type":"EntryPoint","urlTemplate":"https:\/\/www.madeirasradial.com.br\/blog\/?s={search_term_string}"},"query-input":"required name=search_term_string"}],"inLanguage":"pt-BR"},{"@type":"Organization","@id":"https:\/\/www.madeirasradial.com.br\/blog\/#organization","name":"Madeiras Radial","url":"https:\/\/www.madeirasradial.com.br\/blog\/","logo":{"@type":"ImageObject","inLanguage":"pt-BR","@id":"https:\/\/www.madeirasradial.com.br\/blog\/#\/schema\/logo\/image\/","url":"https:\/\/www.madeirasradial.com.br\/blog\/wp-content\/uploads\/2022\/04\/logo-sas.png","contentUrl":"https:\/\/www.madeirasradial.com.br\/blog\/wp-content\/uploads\/2022\/04\/logo-sas.png","width":640,"height":123,"caption":"Madeiras Radial"},"image":{"@id":"https:\/\/www.madeirasradial.com.br\/blog\/#\/schema\/logo\/image\/"}},{"@type":"Person","@id":"https:\/\/www.madeirasradial.com.br\/blog\/#\/schema\/person\/112c22676c0df61d87d28e82ec250e9e","name":"admin","image":{"@type":"ImageObject","inLanguage":"pt-BR","@id":"https:\/\/www.madeirasradial.com.br\/blog\/#\/schema\/person\/image\/","url":"https:\/\/secure.gravatar.com\/avatar\/3813f53848958b8842eeafda91666185a90010f65ed554379b78794cde6f234a?s=96&d=mm&r=g","contentUrl":"https:\/\/secure.gravatar.com\/avatar\/3813f53848958b8842eeafda91666185a90010f65ed554379b78794cde6f234a?s=96&d=mm&r=g","caption":"admin"},"sameAs":["https:\/\/madeirasradial.com.br\/blog"],"url":"https:\/\/www.madeirasradial.com.br\/blog\/author\/admin\/"}]}},"_links":{"self":[{"href":"https:\/\/www.madeirasradial.com.br\/blog\/wp-json\/wp\/v2\/posts\/206","targetHints":{"allow":["GET"]}}],"collection":[{"href":"https:\/\/www.madeirasradial.com.br\/blog\/wp-json\/wp\/v2\/posts"}],"about":[{"href":"https:\/\/www.madeirasradial.com.br\/blog\/wp-json\/wp\/v2\/types\/post"}],"author":[{"embeddable":true,"href":"https:\/\/www.madeirasradial.com.br\/blog\/wp-json\/wp\/v2\/users\/1"}],"replies":[{"embeddable":true,"href":"https:\/\/www.madeirasradial.com.br\/blog\/wp-json\/wp\/v2\/comments?post=206"}],"version-history":[{"count":1,"href":"https:\/\/www.madeirasradial.com.br\/blog\/wp-json\/wp\/v2\/posts\/206\/revisions"}],"predecessor-version":[{"id":209,"href":"https:\/\/www.madeirasradial.com.br\/blog\/wp-json\/wp\/v2\/posts\/206\/revisions\/209"}],"wp:featuredmedia":[{"embeddable":true,"href":"https:\/\/www.madeirasradial.com.br\/blog\/wp-json\/wp\/v2\/media\/207"}],"wp:attachment":[{"href":"https:\/\/www.madeirasradial.com.br\/blog\/wp-json\/wp\/v2\/media?parent=206"}],"wp:term":[{"taxonomy":"category","embeddable":true,"href":"https:\/\/www.madeirasradial.com.br\/blog\/wp-json\/wp\/v2\/categories?post=206"},{"taxonomy":"post_tag","embeddable":true,"href":"https:\/\/www.madeirasradial.com.br\/blog\/wp-json\/wp\/v2\/tags?post=206"}],"curies":[{"name":"wp","href":"https:\/\/api.w.org\/{rel}","templated":true}]}}