{"id":214,"date":"2023-09-06T17:01:56","date_gmt":"2023-09-06T17:01:56","guid":{"rendered":"https:\/\/www.madeirasradial.com.br\/blog\/?p=214"},"modified":"2023-09-06T17:06:30","modified_gmt":"2023-09-06T17:06:30","slug":"chapa-compensada-sob-medida-vantagens-e-onde-comprar","status":"publish","type":"post","link":"https:\/\/www.madeirasradial.com.br\/blog\/compensados\/chapa-compensada-sob-medida-vantagens-e-onde-comprar\/","title":{"rendered":"Chapa compensada sob medida: vantagens e onde comprar?"},"content":{"rendered":"<span class=\"rt-reading-time\" style=\"display: block;\"><span class=\"rt-label rt-prefix\">Tempo de leitura<\/span> <span class=\"rt-time\">3<\/span> <span class=\"rt-label rt-postfix\">minutos<\/span><\/span>\n<p class=\"has-medium-font-size\"><em><strong>Descubra as vantagens das chapas compensadas sob medida: durabilidade, versatilidade e benef\u00edcios ambientais; saiba por que elas s\u00e3o a escolha ideal para seus projetos de design e constru\u00e7\u00e3o.<\/strong><\/em><\/p>\n\n\n\n<p>As <strong>chapas compensadas sob medida<\/strong> t\u00eam sido uma escolha popular no setor de constru\u00e7\u00e3o e design por muitos anos. Essas chapas oferecem uma s\u00e9rie de vantagens que as diferenciam de outros materiais. Neste artigo, discutiremos as diversas vantagens de optar por chapas compensadas sob medida.<\/p>\n\n\n\n<ul class=\"wp-block-list\">\n<li><a href=\"https:\/\/www.madeirasradial.com.br\/blog\/compensados\/vantagens-dos-compensados-de-madeira\/\">Vantagens dos compensados de madeira<\/a><\/li>\n<\/ul>\n\n\n\n<div id=\"ez-toc-container\" class=\"ez-toc-v2_0_67_1 counter-hierarchy ez-toc-counter ez-toc-grey ez-toc-container-direction\">\n<div class=\"ez-toc-title-container\">\n<p class=\"ez-toc-title \" >T&oacute;picos do artigo<\/p>\n<span class=\"ez-toc-title-toggle\"><a href=\"#\" class=\"ez-toc-pull-right ez-toc-btn ez-toc-btn-xs ez-toc-btn-default ez-toc-toggle\" aria-label=\"Toggle Table of Content\"><span class=\"ez-toc-js-icon-con\"><span class=\"\"><span class=\"eztoc-hide\" style=\"display:none;\">Toggle<\/span><span class=\"ez-toc-icon-toggle-span\"><svg style=\"fill: #999;color:#999\" xmlns=\"http:\/\/www.w3.org\/2000\/svg\" class=\"list-377408\" width=\"20px\" height=\"20px\" viewBox=\"0 0 24 24\" fill=\"none\"><path d=\"M6 6H4v2h2V6zm14 0H8v2h12V6zM4 11h2v2H4v-2zm16 0H8v2h12v-2zM4 16h2v2H4v-2zm16 0H8v2h12v-2z\" fill=\"currentColor\"><\/path><\/svg><svg style=\"fill: #999;color:#999\" class=\"arrow-unsorted-368013\" xmlns=\"http:\/\/www.w3.org\/2000\/svg\" width=\"10px\" height=\"10px\" viewBox=\"0 0 24 24\" version=\"1.2\" baseProfile=\"tiny\"><path d=\"M18.2 9.3l-6.2-6.3-6.2 6.3c-.2.2-.3.4-.3.7s.1.5.3.7c.2.2.4.3.7.3h11c.3 0 .5-.1.7-.3.2-.2.3-.5.3-.7s-.1-.5-.3-.7zM5.8 14.7l6.2 6.3 6.2-6.3c.2-.2.3-.5.3-.7s-.1-.5-.3-.7c-.2-.2-.4-.3-.7-.3h-11c-.3 0-.5.1-.7.3-.2.2-.3.5-.3.7s.1.5.3.7z\"\/><\/svg><\/span><\/span><\/span><\/a><\/span><\/div>\n<nav><ul class='ez-toc-list ez-toc-list-level-1 ' ><li class='ez-toc-page-1 ez-toc-heading-level-2'><a class=\"ez-toc-link ez-toc-heading-1\" href=\"https:\/\/www.madeirasradial.com.br\/blog\/compensados\/chapa-compensada-sob-medida-vantagens-e-onde-comprar\/#Por_que_escolher_chapas_compensadas_sob_medida\" title=\"Por que escolher chapas compensadas sob medida?\">Por que escolher chapas compensadas sob medida?<\/a><\/li><li class='ez-toc-page-1 ez-toc-heading-level-2'><a class=\"ez-toc-link ez-toc-heading-2\" href=\"https:\/\/www.madeirasradial.com.br\/blog\/compensados\/chapa-compensada-sob-medida-vantagens-e-onde-comprar\/#Vantagens_ambientais_das_chapas_compensadas\" title=\"Vantagens ambientais das chapas compensadas\">Vantagens ambientais das chapas compensadas<\/a><\/li><li class='ez-toc-page-1 ez-toc-heading-level-2'><a class=\"ez-toc-link ez-toc-heading-3\" href=\"https:\/\/www.madeirasradial.com.br\/blog\/compensados\/chapa-compensada-sob-medida-vantagens-e-onde-comprar\/#Chapas_compensadas_em_design_e_arquitetura\" title=\"Chapas compensadas em design e arquitetura\">Chapas compensadas em design e arquitetura<\/a><\/li><li class='ez-toc-page-1 ez-toc-heading-level-2'><a class=\"ez-toc-link ez-toc-heading-4\" href=\"https:\/\/www.madeirasradial.com.br\/blog\/compensados\/chapa-compensada-sob-medida-vantagens-e-onde-comprar\/#Consideracoes_finais_sobre_chapas_compensadas_sob_medida\" title=\"Considera\u00e7\u00f5es finais sobre chapas compensadas sob medida\">Considera\u00e7\u00f5es finais sobre chapas compensadas sob medida<\/a><\/li><li class='ez-toc-page-1 ez-toc-heading-level-2'><a class=\"ez-toc-link ez-toc-heading-5\" href=\"https:\/\/www.madeirasradial.com.br\/blog\/compensados\/chapa-compensada-sob-medida-vantagens-e-onde-comprar\/#Madeiras_Radial_referencia_em_chapas_compensadas_sob_medida\" title=\"Madeiras Radial: refer\u00eancia em chapas compensadas sob medida\">Madeiras Radial: refer\u00eancia em chapas compensadas sob medida<\/a><\/li><\/ul><\/nav><\/div>\n<h2 class=\"wp-block-heading\"><span class=\"ez-toc-section\" id=\"Por_que_escolher_chapas_compensadas_sob_medida\"><\/span><strong>Por que escolher chapas compensadas sob medida?<\/strong><span class=\"ez-toc-section-end\"><\/span><\/h2>\n\n\n\n<ol class=\"wp-block-list\">\n<li><strong>Durabilidade e Resist\u00eancia<\/strong>: Uma das principais vantagens das chapas compensadas \u00e9 a sua durabilidade. Feitas atrav\u00e9s da colagem de v\u00e1rias camadas de madeira, essas chapas possuem uma resist\u00eancia incr\u00edvel a deforma\u00e7\u00f5es, rachaduras e outros tipos de danos.<\/li>\n\n\n\n<li><strong>Versatilidade de Uso<\/strong>: Seja em m\u00f3veis, decora\u00e7\u00e3o de interiores ou projetos de constru\u00e7\u00e3o, as chapas compensadas se adaptam a uma ampla variedade de aplica\u00e7\u00f5es.<\/li>\n\n\n\n<li><strong>Personaliza\u00e7\u00e3o<\/strong>: Como o nome indica, as chapas compensadas sob medida s\u00e3o personalizadas de acordo com as necessidades espec\u00edficas do projeto. Isso permite uma maior liberdade criativa e precis\u00e3o no design.<\/li>\n<\/ol>\n\n\n\n<h2 class=\"wp-block-heading\"><span class=\"ez-toc-section\" id=\"Vantagens_ambientais_das_chapas_compensadas\"><\/span><strong>Vantagens ambientais das chapas compensadas<\/strong><span class=\"ez-toc-section-end\"><\/span><\/h2>\n\n\n\n<p>A sustentabilidade \u00e9 uma preocupa\u00e7\u00e3o crescente em todos os setores, e no mundo das chapas compensadas n\u00e3o \u00e9 diferente. Algumas vantagens ambientais incluem:<\/p>\n\n\n<div class=\"wp-block-image is-style-rounded\">\n<figure class=\"alignright size-full is-resized\"><img loading=\"lazy\" decoding=\"async\" src=\"https:\/\/www.madeirasradial.com.br\/blog\/wp-content\/uploads\/2022\/11\/compensado-pinus-1.jpg\" alt=\"Chapa compensada sob medida: vantagens e onde comprar?\" class=\"wp-image-143\" style=\"width:388px;height:243px\" width=\"388\" height=\"243\"\/><\/figure>\n<\/div>\n\n\n<ol class=\"wp-block-list\">\n<li><strong>Uso Eficiente de Recursos<\/strong>: A fabrica\u00e7\u00e3o de chapas compensadas otimiza o uso da madeira, reduzindo o desperd\u00edcio e promovendo um uso mais consciente dos recursos.<\/li>\n\n\n\n<li><strong>Fontes Sustent\u00e1veis<\/strong>: Muitos fabricantes optam por madeira proveniente de florestas gerenciadas de maneira sustent\u00e1vel.<\/li>\n\n\n\n<li><strong>Durabilidade<\/strong>: Devido \u00e0 sua longa vida \u00fatil, chapas compensadas sob medida reduzem a necessidade de substitui\u00e7\u00f5es frequentes, o que, por sua vez, diminui o impacto ambiental.<\/li>\n<\/ol>\n\n\n\n<h2 class=\"wp-block-heading\"><span class=\"ez-toc-section\" id=\"Chapas_compensadas_em_design_e_arquitetura\"><\/span><strong>Chapas compensadas em design e arquitetura<\/strong><span class=\"ez-toc-section-end\"><\/span><\/h2>\n\n\n\n<p>A est\u00e9tica e funcionalidade das chapas compensadas t\u00eam ganhado espa\u00e7o em diversos projetos de design e arquitetura. Vejamos por qu\u00ea:<\/p>\n\n\n\n<ol class=\"wp-block-list\">\n<li><strong>Visual Moderno<\/strong>: As chapas oferecem um acabamento liso e uniforme, proporcionando um visual contempor\u00e2neo aos espa\u00e7os.<\/li>\n\n\n\n<li><strong>Flexibilidade de Design<\/strong>: Sua capacidade de ser moldada em diferentes formas e tamanhos torna as chapas compensadas ideais para projetos inovadores.<\/li>\n\n\n\n<li><strong>Facilidade de Instala\u00e7\u00e3o<\/strong>: Sendo leves e f\u00e1ceis de manusear, as chapas compensadas sob medida podem ser instaladas rapidamente, economizando tempo e custos.<\/li>\n<\/ol>\n\n\n\n<h2 class=\"wp-block-heading\"><span class=\"ez-toc-section\" id=\"Consideracoes_finais_sobre_chapas_compensadas_sob_medida\"><\/span><strong>Considera\u00e7\u00f5es finais sobre chapas compensadas sob medida<\/strong><span class=\"ez-toc-section-end\"><\/span><\/h2>\n\n\n\n<p><strong>Investir em chapas compensadas sob medida \u00e9, sem d\u00favida, uma decis\u00e3o acertada<\/strong> para aqueles que buscam qualidade, durabilidade e est\u00e9tica em seus projetos. Suas vantagens s\u00e3o in\u00fameras e sua versatilidade as torna ideais para uma vasta gama de aplica\u00e7\u00f5es. Al\u00e9m disso, a crescente \u00eanfase na sustentabilidade faz das chapas compensadas uma escolha ecologicamente respons\u00e1vel.<\/p>\n\n\n\n<p>Como em qualquer investimento, \u00e9 crucial fazer uma pesquisa aprofundada e optar por fornecedores confi\u00e1veis que garantam a qualidade e origem sustent\u00e1vel das chapas. <\/p>\n\n\n\n<p>Ao fazer isso, n\u00e3o apenas voc\u00ea estar\u00e1 adquirindo um produto de alta qualidade, mas tamb\u00e9m contribuindo para um futuro mais verde e sustent\u00e1vel.<\/p>\n\n\n\n<h2 class=\"wp-block-heading\"><span class=\"ez-toc-section\" id=\"Madeiras_Radial_referencia_em_chapas_compensadas_sob_medida\"><\/span>Madeiras Radial: refer\u00eancia em chapas compensadas sob medida<span class=\"ez-toc-section-end\"><\/span><\/h2>\n\n\n\n<p>A <strong>Madeiras Radial<\/strong> destaca-se como uma das empresas l\u00edderes no segmento de chapa compensada de madeira sob medida em S\u00e3o Paulo. Com um compromisso inabal\u00e1vel com a qualidade, essa empresa tem fornecido solu\u00e7\u00f5es de madeira da mais alta qualidade para diversos projetos ao longo dos anos. <\/p>\n\n\n\n<p>N\u00e3o \u00e0 toa, a Madeiras Radial \u00e9 amplamente reconhecido, e muitos profissionais do setor a consideram a refer\u00eancia quando se trata de chapas compensadas sob medida. A expertise e dedica\u00e7\u00e3o da Madeiras Radial em oferecer produtos excepcionais solidificaram sua posi\u00e7\u00e3o como uma verdadeira autoridade neste nicho no mercado paulista, atendendo diversas regi\u00f5es de S\u00e3o Paulo.<\/p>\n\n\n\n<ul class=\"wp-block-list\">\n<li><a href=\"https:\/\/www.madeirasradial.com.br\/blog\/mdf\/descubra-como-e-feito-o-mdf\/\">Descubra como \u00e9 feito o MDF<\/a><\/li>\n\n\n\n<li><a href=\"https:\/\/www.madeirasradial.com.br\/blog\/marcenaria\/descubra-onde-encontrar-uma-madeireira-em-diadema\/\">Descubra onde encontrar uma madeireira em Diadema<\/a><\/li>\n<\/ul>\n","protected":false},"excerpt":{"rendered":"<p><span class=\"rt-reading-time\" style=\"display: block;\"><span class=\"rt-label rt-prefix\">Tempo de leitura<\/span> <span class=\"rt-time\">3<\/span> <span class=\"rt-label rt-postfix\">minutos<\/span><\/span> Descubra as vantagens das chapas compensadas sob medida: durabilidade, versatilidade e benef\u00edcios ambientais; saiba por que elas s\u00e3o a escolha ideal para seus projetos de design e constru\u00e7\u00e3o. As chapas compensadas sob medida t\u00eam sido uma escolha popular no setor&#8230;<\/p>\n","protected":false},"author":1,"featured_media":215,"comment_status":"open","ping_status":"open","sticky":false,"template":"","format":"standard","meta":{"footnotes":""},"categories":[33],"tags":[512,527,503,509,500,497,521,530,506,524,515,494,518,511,526,502,508,499,496,520,529,505,523,514,493,517,462,463,513,528,504,510,501,498,522,531,507,525,516,495,519,467,466,468,482,481,483,485,484,486,470,469,471,473,472,474,476,475,477,479,478,480,491,490,492,464,465,488,487,489],"class_list":["post-214","post","type-post","status-publish","format-standard","has-post-thumbnail","hentry","category-compensados","tag-chapa-compensada-de-madeira-sob-medida-direto-da-fabrica","tag-chapa-compensada-de-madeira-sob-medida-em-americanopolis","tag-chapa-compensada-de-madeira-sob-medida-em-diadema","tag-chapa-compensada-de-madeira-sob-medida-em-promocao","tag-chapa-compensada-de-madeira-sob-medida-em-sao-paulo","tag-chapa-compensada-de-madeira-sob-medida-em-sp","tag-chapa-compensada-de-madeira-sob-medida-jardim-miriam","tag-chapa-compensada-de-madeira-sob-medida-na-vila-santa-catarina","tag-chapa-compensada-de-madeira-sob-medida-na-zona-sul","tag-chapa-compensada-de-madeira-sob-medida-no-taboao","tag-chapa-compensada-de-madeira-sob-medida-perto-de-mim","tag-chapa-compensada-de-madeira-sob-medida-preco","tag-chapa-compensada-de-madeira-sob-medida-proximo-a-mim","tag-chapa-compensada-sob-medida-direto-da-fabrica","tag-chapa-compensada-sob-medida-em-americanopolis","tag-chapa-compensada-sob-medida-em-diadema","tag-chapa-compensada-sob-medida-em-promocao","tag-chapa-compensada-sob-medida-em-sao-paulo","tag-chapa-compensada-sob-medida-em-sp","tag-chapa-compensada-sob-medida-jardim-miriam","tag-chapa-compensada-sob-medida-na-vila-santa-catarina","tag-chapa-compensada-sob-medida-na-zona-sul","tag-chapa-compensada-sob-medida-no-taboao","tag-chapa-compensada-sob-medida-perto-de-mim","tag-chapa-compensada-sob-medida-preco","tag-chapa-compensada-sob-medida-proximo-a-mim","tag-chapa-compensada-sob-medida-vantagens","tag-chapa-compensada-sob-medida-vantagens-e-onde-compraronde-encontrar-chapa-compensada-sob-medida","tag-compensado-de-madeira-sob-medida-direto-da-fabrica","tag-compensado-de-madeira-sob-medida-em-americanopolis","tag-compensado-de-madeira-sob-medida-em-diadema","tag-compensado-de-madeira-sob-medida-em-promocao","tag-compensado-de-madeira-sob-medida-em-sao-paulo","tag-compensado-de-madeira-sob-medida-em-sp","tag-compensado-de-madeira-sob-medida-jardim-miriam","tag-compensado-de-madeira-sob-medida-na-vila-santa-catarina","tag-compensado-de-madeira-sob-medida-na-zona-sul","tag-compensado-de-madeira-sob-medida-no-taboao","tag-compensado-de-madeira-sob-medida-perto-de-mim","tag-compensado-de-madeira-sob-medida-preco","tag-compensado-de-madeira-sob-medida-proximo-a-mim","tag-comprar-chapa-compensada-de-madeira-sob-medida","tag-comprar-chapa-compensada-sob-medida","tag-comprar-compensado-de-madeira-sob-medida","tag-distribuidor-de-chapa-compensada-de-madeira-sob-medida","tag-distribuidor-de-chapa-compensada-sob-medida","tag-distribuidor-de-compensado-de-madeira-sob-medida","tag-distribuidora-de-chapa-compensada-de-madeira-sob-medida","tag-distribuidora-de-chapa-compensada-sob-medida","tag-distribuidora-de-compensado-de-madeira-sob-medida","tag-empresa-de-chapa-compensada-de-madeira-sob-medida","tag-empresa-de-chapa-compensada-sob-medida","tag-empresa-de-compensado-de-madeira-sob-medida","tag-fabrica-de-chapa-compensada-de-madeira-sob-medida","tag-fabrica-de-chapa-compensada-sob-medida","tag-fabrica-de-compensado-de-madeira-sob-medida","tag-fabricante-de-chapa-compensada-de-madeira-sob-medida","tag-fabricante-de-chapa-compensada-sob-medida","tag-fabricante-de-compensado-de-madeira-sob-medida","tag-fornecedor-de-chapa-compensada-de-madeira-sob-medida","tag-fornecedor-de-chapa-compensada-sob-medida","tag-fornecedor-de-compensado-de-madeira-sob-medida","tag-loja-de-chapa-compensada-de-madeira-sob-medida","tag-loja-de-chapa-compensada-sob-medida","tag-loja-de-compensado-de-madeira-sob-medida","tag-onde-encontrar-chapa-compensada-de-madeira-sob-medida","tag-onde-encontrar-compensado-de-madeira-sob-medida","tag-revendedor-de-chapa-compensada-de-madeira-sob-medida","tag-revendedor-de-chapa-compensada-sob-medida","tag-revendedor-de-compensado-de-madeira-sob-medida"],"yoast_head":"<!-- This site is optimized with the Yoast SEO plugin v23.0 - https:\/\/yoast.com\/wordpress\/plugins\/seo\/ -->\n<title>Chapa compensada sob medida: vantagens e onde comprar? - Madeiras Radial<\/title>\n<meta name=\"robots\" content=\"index, follow, max-snippet:-1, max-image-preview:large, max-video-preview:-1\" \/>\n<link rel=\"canonical\" href=\"https:\/\/www.madeirasradial.com.br\/blog\/compensados\/chapa-compensada-sob-medida-vantagens-e-onde-comprar\/\" \/>\n<meta property=\"og:locale\" content=\"pt_BR\" \/>\n<meta property=\"og:type\" content=\"article\" \/>\n<meta property=\"og:title\" content=\"Chapa compensada sob medida: vantagens e onde comprar? - Madeiras Radial\" \/>\n<meta property=\"og:description\" content=\"Tempo de leitura 3 minutos Descubra as vantagens das chapas compensadas sob medida: durabilidade, versatilidade e benef\u00edcios ambientais; saiba por que elas s\u00e3o a escolha ideal para seus projetos de design e constru\u00e7\u00e3o. As chapas compensadas sob medida t\u00eam sido uma escolha popular no setor...\" \/>\n<meta property=\"og:url\" content=\"https:\/\/www.madeirasradial.com.br\/blog\/compensados\/chapa-compensada-sob-medida-vantagens-e-onde-comprar\/\" \/>\n<meta property=\"og:site_name\" content=\"Madeiras Radial\" \/>\n<meta property=\"article:published_time\" content=\"2023-09-06T17:01:56+00:00\" \/>\n<meta property=\"article:modified_time\" content=\"2023-09-06T17:06:30+00:00\" \/>\n<meta property=\"og:image\" content=\"https:\/\/www.madeirasradial.com.br\/blog\/wp-content\/uploads\/2023\/09\/tipos-de-compensados-chapas-de-madeira.jpg\" \/>\n\t<meta property=\"og:image:width\" content=\"1024\" \/>\n\t<meta property=\"og:image:height\" content=\"683\" \/>\n\t<meta property=\"og:image:type\" content=\"image\/jpeg\" \/>\n<meta name=\"author\" content=\"admin\" \/>\n<meta name=\"twitter:card\" content=\"summary_large_image\" \/>\n<meta name=\"twitter:label1\" content=\"Escrito por\" \/>\n\t<meta name=\"twitter:data1\" content=\"admin\" \/>\n\t<meta name=\"twitter:label2\" content=\"Est. tempo de leitura\" \/>\n\t<meta name=\"twitter:data2\" content=\"3 minutos\" \/>\n<script type=\"application\/ld+json\" class=\"yoast-schema-graph\">{\"@context\":\"https:\/\/schema.org\",\"@graph\":[{\"@type\":\"Article\",\"@id\":\"https:\/\/www.madeirasradial.com.br\/blog\/compensados\/chapa-compensada-sob-medida-vantagens-e-onde-comprar\/#article\",\"isPartOf\":{\"@id\":\"https:\/\/www.madeirasradial.com.br\/blog\/compensados\/chapa-compensada-sob-medida-vantagens-e-onde-comprar\/\"},\"author\":{\"name\":\"admin\",\"@id\":\"https:\/\/www.madeirasradial.com.br\/blog\/#\/schema\/person\/112c22676c0df61d87d28e82ec250e9e\"},\"headline\":\"Chapa compensada sob medida: vantagens e onde comprar?\",\"datePublished\":\"2023-09-06T17:01:56+00:00\",\"dateModified\":\"2023-09-06T17:06:30+00:00\",\"mainEntityOfPage\":{\"@id\":\"https:\/\/www.madeirasradial.com.br\/blog\/compensados\/chapa-compensada-sob-medida-vantagens-e-onde-comprar\/\"},\"wordCount\":642,\"commentCount\":0,\"publisher\":{\"@id\":\"https:\/\/www.madeirasradial.com.br\/blog\/#organization\"},\"image\":{\"@id\":\"https:\/\/www.madeirasradial.com.br\/blog\/compensados\/chapa-compensada-sob-medida-vantagens-e-onde-comprar\/#primaryimage\"},\"thumbnailUrl\":\"https:\/\/www.madeirasradial.com.br\/blog\/wp-content\/uploads\/2023\/09\/tipos-de-compensados-chapas-de-madeira.jpg\",\"keywords\":[\"Chapa compensada de madeira sob medida direto da fabrica\",\"Chapa compensada de madeira sob medida em Americanopolis\",\"Chapa compensada de madeira sob medida em Diadema\",\"Chapa compensada de madeira sob medida em promo\u00e7\u00e3o\",\"Chapa compensada de madeira sob medida em s\u00e3o paulo\",\"Chapa compensada de madeira sob medida em sp\",\"Chapa compensada de madeira sob medida Jardim Miriam\",\"Chapa compensada de madeira sob medida na Vila Santa Catarina\",\"Chapa compensada de madeira sob medida na zona sul\",\"Chapa compensada de madeira sob medida no Tabo\u00e3o\",\"Chapa compensada de madeira sob medida perto de mim\",\"Chapa compensada de madeira sob medida pre\u00e7o\",\"Chapa compensada de madeira sob medida pr\u00f3ximo a mim\",\"Chapa compensada sob medida direto da fabrica\",\"Chapa compensada sob medida em Americanopolis\",\"Chapa compensada sob medida em Diadema\",\"Chapa compensada sob medida em promo\u00e7\u00e3o\",\"Chapa compensada sob medida em s\u00e3o paulo\",\"Chapa compensada sob medida em sp\",\"Chapa compensada sob medida Jardim Miriam\",\"Chapa compensada sob medida na Vila Santa Catarina\",\"Chapa compensada sob medida na zona sul\",\"Chapa compensada sob medida no Tabo\u00e3o\",\"Chapa compensada sob medida perto de mim\",\"Chapa compensada sob medida pre\u00e7o\",\"Chapa compensada sob medida pr\u00f3ximo a mim\",\"Chapa compensada sob medida: vantagens\",\"Chapa compensada sob medida: vantagens e onde comprar?onde encontrar Chapa compensada sob medida\",\"compensado de madeira sob medida direto da fabrica\",\"compensado de madeira sob medida em Americanopolis\",\"compensado de madeira sob medida em Diadema\",\"compensado de madeira sob medida em promo\u00e7\u00e3o\",\"compensado de madeira sob medida em s\u00e3o paulo\",\"compensado de madeira sob medida em sp\",\"compensado de madeira sob medida Jardim Miriam\",\"compensado de madeira sob medida na Vila Santa Catarina\",\"compensado de madeira sob medida na zona sul\",\"compensado de madeira sob medida no Tabo\u00e3o\",\"compensado de madeira sob medida perto de mim\",\"compensado de madeira sob medida pre\u00e7o\",\"compensado de madeira sob medida pr\u00f3ximo a mim\",\"comprar Chapa compensada de madeira sob medida\",\"comprar Chapa compensada sob medida\",\"comprar compensado de madeira sob medida\",\"distribuidor de Chapa compensada de madeira sob medida\",\"distribuidor de Chapa compensada sob medida\",\"distribuidor de compensado de madeira sob medida\",\"distribuidora de Chapa compensada de madeira sob medida\",\"distribuidora de Chapa compensada sob medida\",\"distribuidora de compensado de madeira sob medida\",\"empresa de Chapa compensada de madeira sob medida\",\"empresa de Chapa compensada sob medida\",\"empresa de compensado de madeira sob medida\",\"f\u00e1brica de Chapa compensada de madeira sob medida\",\"f\u00e1brica de Chapa compensada sob medida\",\"f\u00e1brica de compensado de madeira sob medida\",\"fabricante de Chapa compensada de madeira sob medida\",\"fabricante de Chapa compensada sob medida\",\"fabricante de compensado de madeira sob medida\",\"fornecedor de Chapa compensada de madeira sob medida\",\"fornecedor de Chapa compensada sob medida\",\"fornecedor de compensado de madeira sob medida\",\"loja de Chapa compensada de madeira sob medida\",\"loja de Chapa compensada sob medida\",\"loja de compensado de madeira sob medida\",\"onde encontrar Chapa compensada de madeira sob medida\",\"onde encontrar compensado de madeira sob medida\",\"revendedor de Chapa compensada de madeira sob medida\",\"revendedor de Chapa compensada sob medida\",\"revendedor de compensado de madeira sob medida\"],\"articleSection\":[\"Compensados\"],\"inLanguage\":\"pt-BR\",\"potentialAction\":[{\"@type\":\"CommentAction\",\"name\":\"Comment\",\"target\":[\"https:\/\/www.madeirasradial.com.br\/blog\/compensados\/chapa-compensada-sob-medida-vantagens-e-onde-comprar\/#respond\"]}]},{\"@type\":\"WebPage\",\"@id\":\"https:\/\/www.madeirasradial.com.br\/blog\/compensados\/chapa-compensada-sob-medida-vantagens-e-onde-comprar\/\",\"url\":\"https:\/\/www.madeirasradial.com.br\/blog\/compensados\/chapa-compensada-sob-medida-vantagens-e-onde-comprar\/\",\"name\":\"Chapa compensada sob medida: vantagens e onde comprar? - Madeiras Radial\",\"isPartOf\":{\"@id\":\"https:\/\/www.madeirasradial.com.br\/blog\/#website\"},\"primaryImageOfPage\":{\"@id\":\"https:\/\/www.madeirasradial.com.br\/blog\/compensados\/chapa-compensada-sob-medida-vantagens-e-onde-comprar\/#primaryimage\"},\"image\":{\"@id\":\"https:\/\/www.madeirasradial.com.br\/blog\/compensados\/chapa-compensada-sob-medida-vantagens-e-onde-comprar\/#primaryimage\"},\"thumbnailUrl\":\"https:\/\/www.madeirasradial.com.br\/blog\/wp-content\/uploads\/2023\/09\/tipos-de-compensados-chapas-de-madeira.jpg\",\"datePublished\":\"2023-09-06T17:01:56+00:00\",\"dateModified\":\"2023-09-06T17:06:30+00:00\",\"breadcrumb\":{\"@id\":\"https:\/\/www.madeirasradial.com.br\/blog\/compensados\/chapa-compensada-sob-medida-vantagens-e-onde-comprar\/#breadcrumb\"},\"inLanguage\":\"pt-BR\",\"potentialAction\":[{\"@type\":\"ReadAction\",\"target\":[\"https:\/\/www.madeirasradial.com.br\/blog\/compensados\/chapa-compensada-sob-medida-vantagens-e-onde-comprar\/\"]}]},{\"@type\":\"ImageObject\",\"inLanguage\":\"pt-BR\",\"@id\":\"https:\/\/www.madeirasradial.com.br\/blog\/compensados\/chapa-compensada-sob-medida-vantagens-e-onde-comprar\/#primaryimage\",\"url\":\"https:\/\/www.madeirasradial.com.br\/blog\/wp-content\/uploads\/2023\/09\/tipos-de-compensados-chapas-de-madeira.jpg\",\"contentUrl\":\"https:\/\/www.madeirasradial.com.br\/blog\/wp-content\/uploads\/2023\/09\/tipos-de-compensados-chapas-de-madeira.jpg\",\"width\":1024,\"height\":683,\"caption\":\"Chapa compensada sob medida: vantagens e onde comprar?\"},{\"@type\":\"BreadcrumbList\",\"@id\":\"https:\/\/www.madeirasradial.com.br\/blog\/compensados\/chapa-compensada-sob-medida-vantagens-e-onde-comprar\/#breadcrumb\",\"itemListElement\":[{\"@type\":\"ListItem\",\"position\":1,\"name\":\"In\u00edcio\",\"item\":\"https:\/\/www.madeirasradial.com.br\/blog\/\"},{\"@type\":\"ListItem\",\"position\":2,\"name\":\"Chapa compensada sob medida: vantagens e onde comprar?\"}]},{\"@type\":\"WebSite\",\"@id\":\"https:\/\/www.madeirasradial.com.br\/blog\/#website\",\"url\":\"https:\/\/www.madeirasradial.com.br\/blog\/\",\"name\":\"Madeiras Radial\",\"description\":\"Blog\",\"publisher\":{\"@id\":\"https:\/\/www.madeirasradial.com.br\/blog\/#organization\"},\"potentialAction\":[{\"@type\":\"SearchAction\",\"target\":{\"@type\":\"EntryPoint\",\"urlTemplate\":\"https:\/\/www.madeirasradial.com.br\/blog\/?s={search_term_string}\"},\"query-input\":\"required name=search_term_string\"}],\"inLanguage\":\"pt-BR\"},{\"@type\":\"Organization\",\"@id\":\"https:\/\/www.madeirasradial.com.br\/blog\/#organization\",\"name\":\"Madeiras Radial\",\"url\":\"https:\/\/www.madeirasradial.com.br\/blog\/\",\"logo\":{\"@type\":\"ImageObject\",\"inLanguage\":\"pt-BR\",\"@id\":\"https:\/\/www.madeirasradial.com.br\/blog\/#\/schema\/logo\/image\/\",\"url\":\"https:\/\/www.madeirasradial.com.br\/blog\/wp-content\/uploads\/2022\/04\/logo-sas.png\",\"contentUrl\":\"https:\/\/www.madeirasradial.com.br\/blog\/wp-content\/uploads\/2022\/04\/logo-sas.png\",\"width\":640,\"height\":123,\"caption\":\"Madeiras Radial\"},\"image\":{\"@id\":\"https:\/\/www.madeirasradial.com.br\/blog\/#\/schema\/logo\/image\/\"}},{\"@type\":\"Person\",\"@id\":\"https:\/\/www.madeirasradial.com.br\/blog\/#\/schema\/person\/112c22676c0df61d87d28e82ec250e9e\",\"name\":\"admin\",\"image\":{\"@type\":\"ImageObject\",\"inLanguage\":\"pt-BR\",\"@id\":\"https:\/\/www.madeirasradial.com.br\/blog\/#\/schema\/person\/image\/\",\"url\":\"https:\/\/secure.gravatar.com\/avatar\/3813f53848958b8842eeafda91666185a90010f65ed554379b78794cde6f234a?s=96&d=mm&r=g\",\"contentUrl\":\"https:\/\/secure.gravatar.com\/avatar\/3813f53848958b8842eeafda91666185a90010f65ed554379b78794cde6f234a?s=96&d=mm&r=g\",\"caption\":\"admin\"},\"sameAs\":[\"https:\/\/madeirasradial.com.br\/blog\"],\"url\":\"https:\/\/www.madeirasradial.com.br\/blog\/author\/admin\/\"}]}<\/script>\n<!-- \/ Yoast SEO plugin. -->","yoast_head_json":{"title":"Chapa compensada sob medida: vantagens e onde comprar? - Madeiras Radial","robots":{"index":"index","follow":"follow","max-snippet":"max-snippet:-1","max-image-preview":"max-image-preview:large","max-video-preview":"max-video-preview:-1"},"canonical":"https:\/\/www.madeirasradial.com.br\/blog\/compensados\/chapa-compensada-sob-medida-vantagens-e-onde-comprar\/","og_locale":"pt_BR","og_type":"article","og_title":"Chapa compensada sob medida: vantagens e onde comprar? - Madeiras Radial","og_description":"Tempo de leitura 3 minutos Descubra as vantagens das chapas compensadas sob medida: durabilidade, versatilidade e benef\u00edcios ambientais; saiba por que elas s\u00e3o a escolha ideal para seus projetos de design e constru\u00e7\u00e3o. As chapas compensadas sob medida t\u00eam sido uma escolha popular no setor...","og_url":"https:\/\/www.madeirasradial.com.br\/blog\/compensados\/chapa-compensada-sob-medida-vantagens-e-onde-comprar\/","og_site_name":"Madeiras Radial","article_published_time":"2023-09-06T17:01:56+00:00","article_modified_time":"2023-09-06T17:06:30+00:00","og_image":[{"width":1024,"height":683,"url":"https:\/\/www.madeirasradial.com.br\/blog\/wp-content\/uploads\/2023\/09\/tipos-de-compensados-chapas-de-madeira.jpg","type":"image\/jpeg"}],"author":"admin","twitter_card":"summary_large_image","twitter_misc":{"Escrito por":"admin","Est. tempo de leitura":"3 minutos"},"schema":{"@context":"https:\/\/schema.org","@graph":[{"@type":"Article","@id":"https:\/\/www.madeirasradial.com.br\/blog\/compensados\/chapa-compensada-sob-medida-vantagens-e-onde-comprar\/#article","isPartOf":{"@id":"https:\/\/www.madeirasradial.com.br\/blog\/compensados\/chapa-compensada-sob-medida-vantagens-e-onde-comprar\/"},"author":{"name":"admin","@id":"https:\/\/www.madeirasradial.com.br\/blog\/#\/schema\/person\/112c22676c0df61d87d28e82ec250e9e"},"headline":"Chapa compensada sob medida: vantagens e onde comprar?","datePublished":"2023-09-06T17:01:56+00:00","dateModified":"2023-09-06T17:06:30+00:00","mainEntityOfPage":{"@id":"https:\/\/www.madeirasradial.com.br\/blog\/compensados\/chapa-compensada-sob-medida-vantagens-e-onde-comprar\/"},"wordCount":642,"commentCount":0,"publisher":{"@id":"https:\/\/www.madeirasradial.com.br\/blog\/#organization"},"image":{"@id":"https:\/\/www.madeirasradial.com.br\/blog\/compensados\/chapa-compensada-sob-medida-vantagens-e-onde-comprar\/#primaryimage"},"thumbnailUrl":"https:\/\/www.madeirasradial.com.br\/blog\/wp-content\/uploads\/2023\/09\/tipos-de-compensados-chapas-de-madeira.jpg","keywords":["Chapa compensada de madeira sob medida direto da fabrica","Chapa compensada de madeira sob medida em Americanopolis","Chapa compensada de madeira sob medida em Diadema","Chapa compensada de madeira sob medida em promo\u00e7\u00e3o","Chapa compensada de madeira sob medida em s\u00e3o paulo","Chapa compensada de madeira sob medida em sp","Chapa compensada de madeira sob medida Jardim Miriam","Chapa compensada de madeira sob medida na Vila Santa Catarina","Chapa compensada de madeira sob medida na zona sul","Chapa compensada de madeira sob medida no Tabo\u00e3o","Chapa compensada de madeira sob medida perto de mim","Chapa compensada de madeira sob medida pre\u00e7o","Chapa compensada de madeira sob medida pr\u00f3ximo a mim","Chapa compensada sob medida direto da fabrica","Chapa compensada sob medida em Americanopolis","Chapa compensada sob medida em Diadema","Chapa compensada sob medida em promo\u00e7\u00e3o","Chapa compensada sob medida em s\u00e3o paulo","Chapa compensada sob medida em sp","Chapa compensada sob medida Jardim Miriam","Chapa compensada sob medida na Vila Santa Catarina","Chapa compensada sob medida na zona sul","Chapa compensada sob medida no Tabo\u00e3o","Chapa compensada sob medida perto de mim","Chapa compensada sob medida pre\u00e7o","Chapa compensada sob medida pr\u00f3ximo a mim","Chapa compensada sob medida: vantagens","Chapa compensada sob medida: vantagens e onde comprar?onde encontrar Chapa compensada sob medida","compensado de madeira sob medida direto da fabrica","compensado de madeira sob medida em Americanopolis","compensado de madeira sob medida em Diadema","compensado de madeira sob medida em promo\u00e7\u00e3o","compensado de madeira sob medida em s\u00e3o paulo","compensado de madeira sob medida em sp","compensado de madeira sob medida Jardim Miriam","compensado de madeira sob medida na Vila Santa Catarina","compensado de madeira sob medida na zona sul","compensado de madeira sob medida no Tabo\u00e3o","compensado de madeira sob medida perto de mim","compensado de madeira sob medida pre\u00e7o","compensado de madeira sob medida pr\u00f3ximo a mim","comprar Chapa compensada de madeira sob medida","comprar Chapa compensada sob medida","comprar compensado de madeira sob medida","distribuidor de Chapa compensada de madeira sob medida","distribuidor de Chapa compensada sob medida","distribuidor de compensado de madeira sob medida","distribuidora de Chapa compensada de madeira sob medida","distribuidora de Chapa compensada sob medida","distribuidora de compensado de madeira sob medida","empresa de Chapa compensada de madeira sob medida","empresa de Chapa compensada sob medida","empresa de compensado de madeira sob medida","f\u00e1brica de Chapa compensada de madeira sob medida","f\u00e1brica de Chapa compensada sob medida","f\u00e1brica de compensado de madeira sob medida","fabricante de Chapa compensada de madeira sob medida","fabricante de Chapa compensada sob medida","fabricante de compensado de madeira sob medida","fornecedor de Chapa compensada de madeira sob medida","fornecedor de Chapa compensada sob medida","fornecedor de compensado de madeira sob medida","loja de Chapa compensada de madeira sob medida","loja de Chapa compensada sob medida","loja de compensado de madeira sob medida","onde encontrar Chapa compensada de madeira sob medida","onde encontrar compensado de madeira sob medida","revendedor de Chapa compensada de madeira sob medida","revendedor de Chapa compensada sob medida","revendedor de compensado de madeira sob medida"],"articleSection":["Compensados"],"inLanguage":"pt-BR","potentialAction":[{"@type":"CommentAction","name":"Comment","target":["https:\/\/www.madeirasradial.com.br\/blog\/compensados\/chapa-compensada-sob-medida-vantagens-e-onde-comprar\/#respond"]}]},{"@type":"WebPage","@id":"https:\/\/www.madeirasradial.com.br\/blog\/compensados\/chapa-compensada-sob-medida-vantagens-e-onde-comprar\/","url":"https:\/\/www.madeirasradial.com.br\/blog\/compensados\/chapa-compensada-sob-medida-vantagens-e-onde-comprar\/","name":"Chapa compensada sob medida: vantagens e onde comprar? - Madeiras Radial","isPartOf":{"@id":"https:\/\/www.madeirasradial.com.br\/blog\/#website"},"primaryImageOfPage":{"@id":"https:\/\/www.madeirasradial.com.br\/blog\/compensados\/chapa-compensada-sob-medida-vantagens-e-onde-comprar\/#primaryimage"},"image":{"@id":"https:\/\/www.madeirasradial.com.br\/blog\/compensados\/chapa-compensada-sob-medida-vantagens-e-onde-comprar\/#primaryimage"},"thumbnailUrl":"https:\/\/www.madeirasradial.com.br\/blog\/wp-content\/uploads\/2023\/09\/tipos-de-compensados-chapas-de-madeira.jpg","datePublished":"2023-09-06T17:01:56+00:00","dateModified":"2023-09-06T17:06:30+00:00","breadcrumb":{"@id":"https:\/\/www.madeirasradial.com.br\/blog\/compensados\/chapa-compensada-sob-medida-vantagens-e-onde-comprar\/#breadcrumb"},"inLanguage":"pt-BR","potentialAction":[{"@type":"ReadAction","target":["https:\/\/www.madeirasradial.com.br\/blog\/compensados\/chapa-compensada-sob-medida-vantagens-e-onde-comprar\/"]}]},{"@type":"ImageObject","inLanguage":"pt-BR","@id":"https:\/\/www.madeirasradial.com.br\/blog\/compensados\/chapa-compensada-sob-medida-vantagens-e-onde-comprar\/#primaryimage","url":"https:\/\/www.madeirasradial.com.br\/blog\/wp-content\/uploads\/2023\/09\/tipos-de-compensados-chapas-de-madeira.jpg","contentUrl":"https:\/\/www.madeirasradial.com.br\/blog\/wp-content\/uploads\/2023\/09\/tipos-de-compensados-chapas-de-madeira.jpg","width":1024,"height":683,"caption":"Chapa compensada sob medida: vantagens e onde comprar?"},{"@type":"BreadcrumbList","@id":"https:\/\/www.madeirasradial.com.br\/blog\/compensados\/chapa-compensada-sob-medida-vantagens-e-onde-comprar\/#breadcrumb","itemListElement":[{"@type":"ListItem","position":1,"name":"In\u00edcio","item":"https:\/\/www.madeirasradial.com.br\/blog\/"},{"@type":"ListItem","position":2,"name":"Chapa compensada sob medida: vantagens e onde comprar?"}]},{"@type":"WebSite","@id":"https:\/\/www.madeirasradial.com.br\/blog\/#website","url":"https:\/\/www.madeirasradial.com.br\/blog\/","name":"Madeiras Radial","description":"Blog","publisher":{"@id":"https:\/\/www.madeirasradial.com.br\/blog\/#organization"},"potentialAction":[{"@type":"SearchAction","target":{"@type":"EntryPoint","urlTemplate":"https:\/\/www.madeirasradial.com.br\/blog\/?s={search_term_string}"},"query-input":"required name=search_term_string"}],"inLanguage":"pt-BR"},{"@type":"Organization","@id":"https:\/\/www.madeirasradial.com.br\/blog\/#organization","name":"Madeiras Radial","url":"https:\/\/www.madeirasradial.com.br\/blog\/","logo":{"@type":"ImageObject","inLanguage":"pt-BR","@id":"https:\/\/www.madeirasradial.com.br\/blog\/#\/schema\/logo\/image\/","url":"https:\/\/www.madeirasradial.com.br\/blog\/wp-content\/uploads\/2022\/04\/logo-sas.png","contentUrl":"https:\/\/www.madeirasradial.com.br\/blog\/wp-content\/uploads\/2022\/04\/logo-sas.png","width":640,"height":123,"caption":"Madeiras Radial"},"image":{"@id":"https:\/\/www.madeirasradial.com.br\/blog\/#\/schema\/logo\/image\/"}},{"@type":"Person","@id":"https:\/\/www.madeirasradial.com.br\/blog\/#\/schema\/person\/112c22676c0df61d87d28e82ec250e9e","name":"admin","image":{"@type":"ImageObject","inLanguage":"pt-BR","@id":"https:\/\/www.madeirasradial.com.br\/blog\/#\/schema\/person\/image\/","url":"https:\/\/secure.gravatar.com\/avatar\/3813f53848958b8842eeafda91666185a90010f65ed554379b78794cde6f234a?s=96&d=mm&r=g","contentUrl":"https:\/\/secure.gravatar.com\/avatar\/3813f53848958b8842eeafda91666185a90010f65ed554379b78794cde6f234a?s=96&d=mm&r=g","caption":"admin"},"sameAs":["https:\/\/madeirasradial.com.br\/blog"],"url":"https:\/\/www.madeirasradial.com.br\/blog\/author\/admin\/"}]}},"_links":{"self":[{"href":"https:\/\/www.madeirasradial.com.br\/blog\/wp-json\/wp\/v2\/posts\/214","targetHints":{"allow":["GET"]}}],"collection":[{"href":"https:\/\/www.madeirasradial.com.br\/blog\/wp-json\/wp\/v2\/posts"}],"about":[{"href":"https:\/\/www.madeirasradial.com.br\/blog\/wp-json\/wp\/v2\/types\/post"}],"author":[{"embeddable":true,"href":"https:\/\/www.madeirasradial.com.br\/blog\/wp-json\/wp\/v2\/users\/1"}],"replies":[{"embeddable":true,"href":"https:\/\/www.madeirasradial.com.br\/blog\/wp-json\/wp\/v2\/comments?post=214"}],"version-history":[{"count":1,"href":"https:\/\/www.madeirasradial.com.br\/blog\/wp-json\/wp\/v2\/posts\/214\/revisions"}],"predecessor-version":[{"id":216,"href":"https:\/\/www.madeirasradial.com.br\/blog\/wp-json\/wp\/v2\/posts\/214\/revisions\/216"}],"wp:featuredmedia":[{"embeddable":true,"href":"https:\/\/www.madeirasradial.com.br\/blog\/wp-json\/wp\/v2\/media\/215"}],"wp:attachment":[{"href":"https:\/\/www.madeirasradial.com.br\/blog\/wp-json\/wp\/v2\/media?parent=214"}],"wp:term":[{"taxonomy":"category","embeddable":true,"href":"https:\/\/www.madeirasradial.com.br\/blog\/wp-json\/wp\/v2\/categories?post=214"},{"taxonomy":"post_tag","embeddable":true,"href":"https:\/\/www.madeirasradial.com.br\/blog\/wp-json\/wp\/v2\/tags?post=214"}],"curies":[{"name":"wp","href":"https:\/\/api.w.org\/{rel}","templated":true}]}}