{"id":218,"date":"2023-10-09T12:33:26","date_gmt":"2023-10-09T12:33:26","guid":{"rendered":"https:\/\/www.madeirasradial.com.br\/blog\/?p=218"},"modified":"2023-10-09T12:37:33","modified_gmt":"2023-10-09T12:37:33","slug":"vantagens-dos-compensados-em-projetos-de-marcenaria-em-diadema","status":"publish","type":"post","link":"https:\/\/www.madeirasradial.com.br\/blog\/compensados\/vantagens-dos-compensados-em-projetos-de-marcenaria-em-diadema\/","title":{"rendered":"Vantagens dos compensados em projetos de marcenaria em Diadema"},"content":{"rendered":"<span class=\"rt-reading-time\" style=\"display: block;\"><span class=\"rt-label rt-prefix\">Tempo de leitura<\/span> <span class=\"rt-time\">4<\/span> <span class=\"rt-label rt-postfix\">minutos<\/span><\/span>\n<p class=\"has-medium-font-size\"><strong><em>Conhe\u00e7a mais sobre as vantagens dos compensados em projetos de marcenaria em Diadema! Saiba mais tamb\u00e9m sobre suas aplica\u00e7\u00f5es!<\/em><\/strong><\/p>\n\n\n\n<p>A marcenaria \u00e9 uma<strong> arte milenar<\/strong> que continua desempenhando um papel fundamental na cria\u00e7\u00e3o de m\u00f3veis e objetos de madeira.<\/p>\n\n\n\n<p>Em diversas regi\u00f5es do Brasil, a marcenaria \u00e9 uma atividade em constante evolu\u00e7\u00e3o, que busca combinar <strong>tradi\u00e7\u00e3o<\/strong> e <strong>inova\u00e7\u00e3o<\/strong>.<\/p>\n\n\n\n<p>Neste contexto, os <strong>compensados<\/strong> t\u00eam se destacado como uma <strong>escolha vers\u00e1til<\/strong>, <strong>eficaz<\/strong> e <strong>vantajosa <\/strong>para projetos de marcenaria.<\/p>\n\n\n\n<p>Nesse artigo, vamos explorar as vantagens dos compensados em projetos de marcenaria em Diadema.<\/p>\n\n\n\n<div id=\"ez-toc-container\" class=\"ez-toc-v2_0_67_1 counter-hierarchy ez-toc-counter ez-toc-grey ez-toc-container-direction\">\n<div class=\"ez-toc-title-container\">\n<p class=\"ez-toc-title \" >T&oacute;picos do artigo<\/p>\n<span class=\"ez-toc-title-toggle\"><a href=\"#\" class=\"ez-toc-pull-right ez-toc-btn ez-toc-btn-xs ez-toc-btn-default ez-toc-toggle\" aria-label=\"Toggle Table of Content\"><span class=\"ez-toc-js-icon-con\"><span class=\"\"><span class=\"eztoc-hide\" style=\"display:none;\">Toggle<\/span><span class=\"ez-toc-icon-toggle-span\"><svg style=\"fill: #999;color:#999\" xmlns=\"http:\/\/www.w3.org\/2000\/svg\" class=\"list-377408\" width=\"20px\" height=\"20px\" viewBox=\"0 0 24 24\" fill=\"none\"><path d=\"M6 6H4v2h2V6zm14 0H8v2h12V6zM4 11h2v2H4v-2zm16 0H8v2h12v-2zM4 16h2v2H4v-2zm16 0H8v2h12v-2z\" fill=\"currentColor\"><\/path><\/svg><svg style=\"fill: #999;color:#999\" class=\"arrow-unsorted-368013\" xmlns=\"http:\/\/www.w3.org\/2000\/svg\" width=\"10px\" height=\"10px\" viewBox=\"0 0 24 24\" version=\"1.2\" baseProfile=\"tiny\"><path d=\"M18.2 9.3l-6.2-6.3-6.2 6.3c-.2.2-.3.4-.3.7s.1.5.3.7c.2.2.4.3.7.3h11c.3 0 .5-.1.7-.3.2-.2.3-.5.3-.7s-.1-.5-.3-.7zM5.8 14.7l6.2 6.3 6.2-6.3c.2-.2.3-.5.3-.7s-.1-.5-.3-.7c-.2-.2-.4-.3-.7-.3h-11c-.3 0-.5.1-.7.3-.2.2-.3.5-.3.7s.1.5.3.7z\"\/><\/svg><\/span><\/span><\/span><\/a><\/span><\/div>\n<nav><ul class='ez-toc-list ez-toc-list-level-1 ' ><li class='ez-toc-page-1 ez-toc-heading-level-2'><a class=\"ez-toc-link ez-toc-heading-1\" href=\"https:\/\/www.madeirasradial.com.br\/blog\/compensados\/vantagens-dos-compensados-em-projetos-de-marcenaria-em-diadema\/#O_que_e_um_compensado\" title=\"O que \u00e9 um compensado?\">O que \u00e9 um compensado?<\/a><\/li><li class='ez-toc-page-1 ez-toc-heading-level-2'><a class=\"ez-toc-link ez-toc-heading-2\" href=\"https:\/\/www.madeirasradial.com.br\/blog\/compensados\/vantagens-dos-compensados-em-projetos-de-marcenaria-em-diadema\/#Vantagens_de_compensado\" title=\"Vantagens de compensado\">Vantagens de compensado<\/a><\/li><li class='ez-toc-page-1 ez-toc-heading-level-2'><a class=\"ez-toc-link ez-toc-heading-3\" href=\"https:\/\/www.madeirasradial.com.br\/blog\/compensados\/vantagens-dos-compensados-em-projetos-de-marcenaria-em-diadema\/#Como_usar_compensados_em_projetos_de_marcenaria_em_Diadema\" title=\"Como usar compensados em projetos de marcenaria em Diadema\">Como usar compensados em projetos de marcenaria em Diadema<\/a><\/li><li class='ez-toc-page-1 ez-toc-heading-level-2'><a class=\"ez-toc-link ez-toc-heading-4\" href=\"https:\/\/www.madeirasradial.com.br\/blog\/compensados\/vantagens-dos-compensados-em-projetos-de-marcenaria-em-diadema\/#Por_que_usar_compensados_em_projetos_de_marcenaria\" title=\"Por que usar compensados em projetos de marcenaria?\">Por que usar compensados em projetos de marcenaria?<\/a><\/li><li class='ez-toc-page-1 ez-toc-heading-level-2'><a class=\"ez-toc-link ez-toc-heading-5\" href=\"https:\/\/www.madeirasradial.com.br\/blog\/compensados\/vantagens-dos-compensados-em-projetos-de-marcenaria-em-diadema\/#Os_melhores_compensados_para_projetos_de_marcenaria_em_Diadema_estao_na_Madeiras_Radial\" title=\"Os melhores compensados para projetos de marcenaria em Diadema est\u00e3o na Madeiras Radial\">Os melhores compensados para projetos de marcenaria em Diadema est\u00e3o na Madeiras Radial<\/a><\/li><\/ul><\/nav><\/div>\n<h2 class=\"wp-block-heading\"><span class=\"ez-toc-section\" id=\"O_que_e_um_compensado\"><\/span>O que \u00e9 um compensado?<span class=\"ez-toc-section-end\"><\/span><\/h2>\n\n\n\n<p>Compensado \u00e9 um material de constru\u00e7\u00e3o formado por <strong>camadas finas de madeira<\/strong> (conhecidas como l\u00e2minas) coladas umas sobre as outras, com cada camada sendo posicionada perpendicularmente \u00e0 camada adjacente.<\/p>\n\n\n\n<p>Isso cria uma <strong>estrutura s\u00f3lida<\/strong> e <strong>resistente<\/strong>, que \u00e9 conhecida por sua estabilidade dimensional e resist\u00eancia.<\/p>\n\n\n\n<p>Os compensados est\u00e3o dispon\u00edveis em v\u00e1rias espessuras e tamanhos, tornando-os adequados para uma ampla gama de <strong>aplica\u00e7\u00f5es<\/strong> em marcenaria.<\/p>\n\n\n\n<h2 class=\"wp-block-heading\"><span class=\"ez-toc-section\" id=\"Vantagens_de_compensado\"><\/span>Vantagens de compensado<span class=\"ez-toc-section-end\"><\/span><\/h2>\n\n\n\n<p><strong>Variedade de materiais e tamanhos<\/strong><\/p>\n\n\n\n<p>Os compensados est\u00e3o dispon\u00edveis em uma ampla variedade de materiais, incluindo madeira, MDF (Medium Density Fiberboard) e aglomerado.<\/p>\n\n\n\n<p>Al\u00e9m disso, eles podem ser encontrados em diferentes tamanhos e espessuras, o que os torna adequados para uma variedade de projetos, desde m\u00f3veis at\u00e9 revestimentos.<\/p>\n\n\n<div class=\"wp-block-image is-style-rounded\">\n<figure class=\"alignright size-full is-resized\"><a href=\"https:\/\/www.madeirasradial.com.br\/\" target=\"_blank\" rel=\"noreferrer noopener\"><img loading=\"lazy\" decoding=\"async\" src=\"https:\/\/www.madeirasradial.com.br\/blog\/wp-content\/uploads\/2023\/10\/Vantagens-dos-compensados-em-projetos-de-marcenaria-em-Diadema-1.jpg\" alt=\"\" class=\"wp-image-220\" style=\"width:244px;height:163px\" width=\"244\" height=\"163\"\/><\/a><\/figure>\n<\/div>\n\n\n<p><strong>Resist\u00eancia e durabilidade<\/strong><\/p>\n\n\n\n<p>Os compensados s\u00e3o conhecidos por sua resist\u00eancia e durabilidade.<\/p>\n\n\n\n<p>Eles s\u00e3o projetados para suportar cargas pesadas e resistir ao desgaste ao longo do tempo.<\/p>\n\n\n\n<p>Isso \u00e9 particularmente importante em projetos de marcenaria, onde a qualidade e a longevidade s\u00e3o essenciais.<\/p>\n\n\n\n<p><strong>Estabilidade dimensional<\/strong><\/p>\n\n\n\n<p>Os compensados s\u00e3o menos suscet\u00edveis a deforma\u00e7\u00f5es e empenamentos em compara\u00e7\u00e3o com a madeira maci\u00e7a.<\/p>\n\n\n\n<p>Isso os torna uma escolha confi\u00e1vel para projetos que exigem estabilidade dimensional, como portas e m\u00f3veis.<\/p>\n\n\n\n<p><strong>Facilidade de manuseio<\/strong><\/p>\n\n\n\n<p>Os compensados s\u00e3o leves em compara\u00e7\u00e3o com a madeira maci\u00e7a, tornando-os mais f\u00e1ceis de manusear e transportar durante a fabrica\u00e7\u00e3o e a instala\u00e7\u00e3o.<\/p>\n\n\n\n<p>Isso pode economizar tempo e esfor\u00e7o no processo de produ\u00e7\u00e3o.<\/p>\n\n\n\n<p><strong>Versatilidade no acabamento<\/strong><\/p>\n\n\n\n<p>Os compensados aceitam uma variedade de acabamentos, como pintura, verniz e lamina\u00e7\u00e3o.<\/p>\n\n\n\n<p>Isso permite que os marceneiros em Diadema personalizem seus projetos de acordo com as prefer\u00eancias dos clientes e as tend\u00eancias de design.<\/p>\n\n\n\n<p><strong>Economia de recursos naturais<\/strong><\/p>\n\n\n\n<p>A utiliza\u00e7\u00e3o de compensados pode contribuir para a preserva\u00e7\u00e3o dos recursos naturais, uma vez que eles s\u00e3o fabricados a partir de l\u00e2minas de madeira coladas, o que reduz o desperd\u00edcio de madeira em compara\u00e7\u00e3o com o uso de t\u00e1buas maci\u00e7as.<\/p>\n\n\n\n<p><strong>Custo acess\u00edvel<\/strong><\/p>\n\n\n\n<p>Os compensados s\u00e3o geralmente mais acess\u00edveis do que a madeira maci\u00e7a de alta qualidade, tornando-os uma op\u00e7\u00e3o econ\u00f4mica para projetos de marcenaria em Diadema.<\/p>\n\n\n\n<h2 class=\"wp-block-heading\"><span class=\"ez-toc-section\" id=\"Como_usar_compensados_em_projetos_de_marcenaria_em_Diadema\"><\/span>Como usar compensados em projetos de marcenaria em Diadema<span class=\"ez-toc-section-end\"><\/span><\/h2>\n\n\n\n<p>Os compensados podem ser usados de v\u00e1rias maneiras em projetos de marcenaria, incluindo:<\/p>\n\n\n\n<p><strong>Constru\u00e7\u00e3o de m\u00f3veis<\/strong><\/p>\n\n\n\n<p>Os compensados s\u00e3o frequentemente usados na constru\u00e7\u00e3o de pe\u00e7as de mobili\u00e1rio, como mesas, cadeiras, arm\u00e1rios e estantes.<\/p>\n\n\n\n<p><strong>Pain\u00e9is decorativos<\/strong><\/p>\n\n\n\n<p>Compensados com acabamento de qualidade podem ser usados para criar pain\u00e9is decorativos em paredes, tetos e portas, adicionando um toque de eleg\u00e2ncia ao ambiente.<\/p>\n\n\n\n<p><strong>Estruturas de caixas<\/strong><\/p>\n\n\n\n<p>Eles tamb\u00e9m s\u00e3o ideais para construir estruturas de caixas, como gavetas e prateleiras, devido \u00e0 sua resist\u00eancia e estabilidade.<\/p>\n\n\n\n<h2 class=\"wp-block-heading\"><span class=\"ez-toc-section\" id=\"Por_que_usar_compensados_em_projetos_de_marcenaria\"><\/span>Por que usar compensados em projetos de marcenaria?<span class=\"ez-toc-section-end\"><\/span><\/h2>\n\n\n\n<p>H\u00e1 v\u00e1rias raz\u00f5es para escolher compensados em projetos de marcenaria:<\/p>\n\n\n\n<p><strong>Economia<\/strong><\/p>\n\n\n\n<p>Compensados s\u00e3o mais econ\u00f4micos do que madeira maci\u00e7a, permitindo que voc\u00ea economize dinheiro em seus projetos.<\/p>\n\n\n<div class=\"wp-block-image is-style-rounded\">\n<figure class=\"alignright size-full is-resized\"><a href=\"https:\/\/www.madeirasradial.com.br\/\" target=\"_blank\" rel=\"noreferrer noopener\"><img loading=\"lazy\" decoding=\"async\" src=\"https:\/\/www.madeirasradial.com.br\/blog\/wp-content\/uploads\/2023\/10\/Vantagens-dos-compensados-em-projetos-de-marcenaria-em-Diadema-2.jpg\" alt=\"\" class=\"wp-image-221\" style=\"width:238px;height:159px\" width=\"238\" height=\"159\"\/><\/a><\/figure>\n<\/div>\n\n\n<p><strong>Estabilidade<\/strong><\/p>\n\n\n\n<p>A estabilidade dimensional dos compensados garante que suas pe\u00e7as de marcenaria permane\u00e7am em boas condi\u00e7\u00f5es ao longo do tempo.<\/p>\n\n\n\n<p><strong>Versatilidade<\/strong><\/p>\n\n\n\n<p>Compensados podem ser usados em uma ampla variedade de projetos de marcenaria, desde m\u00f3veis a elementos decorativos.<\/p>\n\n\n\n<p><strong>Sustentabilidade<\/strong><\/p>\n\n\n\n<p>Muitos compensados s\u00e3o produzidos a partir de madeira de reflorestamento, tornando-os uma escolha sustent\u00e1vel.<\/p>\n\n\n\n<h2 class=\"wp-block-heading\"><span class=\"ez-toc-section\" id=\"Os_melhores_compensados_para_projetos_de_marcenaria_em_Diadema_estao_na_Madeiras_Radial\"><\/span>Os melhores compensados para projetos de marcenaria em Diadema est\u00e3o na Madeiras Radial<span class=\"ez-toc-section-end\"><\/span><\/h2>\n\n\n\n<p>Descubra a qualidade incompar\u00e1vel dos compensados que oferecemos na <strong><a href=\"https:\/\/www.madeirasradial.com.br\" data-type=\"link\" data-id=\"https:\/\/www.madeirasradial.com.br\/blog\/\" target=\"_blank\" rel=\"noreferrer noopener\">Madeiras Radial<\/a><\/strong> em Diadema!<\/p>\n\n\n\n<p>Somos especialistas em fornecer os melhores materiais para marcenaria na regi\u00e3o.&nbsp;<\/p>\n\n\n\n<p>Com uma vasta gama de op\u00e7\u00f5es de compensados, desde os mais resistentes at\u00e9 os mais vers\u00e1teis em acabamento, estamos prontos para atender \u00e0s suas necessidades de projetos de marcenaria.<\/p>\n\n\n\n<p>A <strong><a href=\"https:\/\/www.madeirasradial.com.br\/blog\/\" data-type=\"link\" data-id=\"https:\/\/www.madeirasradial.com.br\/blog\/\">Madeiras<\/a><a href=\"https:\/\/www.madeirasradial.com.br\/blog\/\" data-type=\"link\" data-id=\"https:\/\/www.madeirasradial.com.br\/blog\/\" target=\"_blank\" rel=\"noreferrer noopener\"> <\/a><a href=\"https:\/\/www.madeirasradial.com.br\" data-type=\"link\" data-id=\"https:\/\/www.madeirasradial.com.br\/blog\/\">Radial<\/a> <\/strong>com sua equipe altamente capacitada est\u00e1 \u00e0 disposi\u00e7\u00e3o para ajud\u00e1-lo a escolher a melhor solu\u00e7\u00e3o para o seu projeto, garantindo durabilidade, beleza e economia.\u00a0<\/p>\n\n\n\n<p>Confie em n\u00f3s como seu parceiro de confian\u00e7a na busca pela <strong>excel\u00eancia<\/strong> em marcenaria.<\/p>\n\n\n\n<p>Entre em <strong><a href=\"https:\/\/www.madeirasradial.com.br\/contato\" data-type=\"link\" data-id=\"https:\/\/www.madeirasradial.com.br\/contato\">contato conosco<\/a><\/strong> e garanta j\u00e1!<\/p>\n\n\n\n<p>O que achou do conte\u00fado? Caso tenha gostado, continue acompanhando no <strong><a rel=\"noreferrer noopener\" href=\"https:\/\/www.madeirasradial.com.br\/blog\/\" data-type=\"link\" data-id=\"https:\/\/www.madeirasradial.com.br\/blog\/\" target=\"_blank\">blog da Madeiras Radial<\/a><\/strong> e encontre mais informa\u00e7\u00f5es sobre as vantagens dos compensados em projetos de marcenaria em Diadema!<\/p>\n\n\n\n<p>At\u00e9 a pr\u00f3xima!<\/p>\n\n\n<div class=\"wp-block-image\">\n<figure class=\"aligncenter size-full is-resized\"><a href=\"https:\/\/www.madeirasradial.com.br\/\" target=\"_blank\" rel=\"noreferrer noopener\"><img loading=\"lazy\" decoding=\"async\" src=\"https:\/\/www.madeirasradial.com.br\/blog\/wp-content\/uploads\/2022\/04\/logo-sas.png\" alt=\"Vantagens dos compensados em projetos de marcenaria em Diadema\" class=\"wp-image-66\" style=\"width:377px;height:72px\" width=\"377\" height=\"72\"\/><\/a><\/figure>\n<\/div>\n\n\n<p>Confira artigos anteriores da <strong>Madeiras Radial<\/strong>:<\/p>\n\n\n\n<ul class=\"wp-block-list\">\n<li><a href=\"https:\/\/www.madeirasradial.com.br\/blog\/compensados\/chapa-compensada-sob-medida-vantagens-e-onde-comprar\/\" target=\"_blank\" rel=\"noreferrer noopener\">Chapa compensada sob medida: vantagens e onde comprar?<\/a><\/li>\n\n\n\n<li><a href=\"https:\/\/www.madeirasradial.com.br\/blog\/mdf\/descubra-como-e-feito-o-mdf\/\" target=\"_blank\" rel=\"noreferrer noopener\">Descubra como \u00e9 feito o MDF<\/a><\/li>\n\n\n\n<li><a href=\"https:\/\/www.madeirasradial.com.br\/blog\/marcenaria\/descubra-onde-encontrar-uma-madeireira-em-diadema\/\" target=\"_blank\" rel=\"noreferrer noopener\">Descubra onde encontrar uma madeireira em Diadema<\/a><\/li>\n<\/ul>\n","protected":false},"excerpt":{"rendered":"<p><span class=\"rt-reading-time\" style=\"display: block;\"><span class=\"rt-label rt-prefix\">Tempo de leitura<\/span> <span class=\"rt-time\">4<\/span> <span class=\"rt-label rt-postfix\">minutos<\/span><\/span> Conhe\u00e7a mais sobre as vantagens dos compensados em projetos de marcenaria em Diadema! Saiba mais tamb\u00e9m sobre suas aplica\u00e7\u00f5es! A marcenaria \u00e9 uma arte milenar que continua desempenhando um papel fundamental na cria\u00e7\u00e3o de m\u00f3veis e objetos de madeira. Em&#8230;<\/p>\n","protected":false},"author":1,"featured_media":219,"comment_status":"open","ping_status":"open","sticky":false,"template":"","format":"standard","meta":{"footnotes":""},"categories":[33],"tags":[385,398,558,581,421,419,575,567,585,565,439,572,573,555,561,577,549,552,566,582,584,563,550,564,386,215,560,579,416,441,571,574,576,554,430,562,569,556,557,568,553,548,580,583,578,559,551,570,534,428,413,536,547,417,427,544,546,405,415,545,537,411,404,535,540,394,410,538,539,424,423,541,542,437,406,543,532,389,387,533],"class_list":["post-218","post","type-post","status-publish","format-standard","has-post-thumbnail","hentry","category-compensados","tag-compensado-de-madeira-direto-da-fabrica","tag-compensado-de-madeira-em-diadema","tag-compensado-de-madeira-em-interlagos","tag-compensado-de-madeira-em-sao-bernardo","tag-compensado-de-madeira-em-sao-paulo","tag-compensado-de-madeira-em-sp","tag-compensado-de-madeira-no-abc","tag-compensado-de-madeira-no-brooklin","tag-compensado-de-madeira-no-morumbi","tag-compensado-de-madeira-perto-de-mim","tag-compensado-de-madeira-preco","tag-compensado-de-madeira-proximo-a-mim","tag-compensado-direto-da-fabrica","tag-compensado-em-diadema","tag-compensado-em-interlagos","tag-compensado-em-sao-bernardo","tag-compensado-em-sao-paulo","tag-compensado-em-sp","tag-compensado-no-abc","tag-compensado-no-brooklin","tag-compensado-no-morumbi","tag-compensado-perto-de-mim","tag-compensado-preco","tag-compensado-proximo-a-mim","tag-compensados-de-madeira-direto-da-fabrica","tag-compensados-de-madeira-em-diadema","tag-compensados-de-madeira-em-interlagos","tag-compensados-de-madeira-em-sao-bernardo","tag-compensados-de-madeira-em-sao-paulo","tag-compensados-de-madeira-em-sp","tag-compensados-de-madeira-no-abc","tag-compensados-de-madeira-no-brooklin","tag-compensados-de-madeira-no-morumbi","tag-compensados-de-madeira-perto-de-mim","tag-compensados-de-madeira-preco","tag-compensados-de-madeira-proximo-a-mim","tag-compensados-de-madeiras-direto-da-fabrica","tag-compensados-de-madeiras-em-diadema","tag-compensados-de-madeiras-em-interlagos","tag-compensados-de-madeiras-em-sao-bernardo","tag-compensados-de-madeiras-em-sao-paulo","tag-compensados-de-madeiras-em-sp","tag-compensados-de-madeiras-no-abc","tag-compensados-de-madeiras-no-brooklin","tag-compensados-de-madeiras-no-morumbi","tag-compensados-de-madeiras-perto-de-mim","tag-compensados-de-madeiras-preco","tag-compensados-de-madeiras-proximo-a-mim","tag-comprar-compensado","tag-comprar-compensado-de-madeira","tag-comprar-compensados-de-madeira","tag-comprar-compensados-de-madeiras","tag-distribuidor-de-compensado","tag-distribuidor-de-compensado-de-madeira","tag-distribuidor-de-compensados-de-madeira","tag-distribuidor-de-compensados-de-madeiras","tag-distribuidora-de-compensado","tag-distribuidora-de-compensado-de-madeira","tag-distribuidora-de-compensados-de-madeira","tag-distribuidora-de-compensados-de-madeiras","tag-empresa-de-compensado","tag-empresa-de-compensado-de-madeira","tag-empresa-de-compensados-de-madeira","tag-empresa-de-compensados-de-madeiras","tag-fabrica-de-compensado","tag-fabrica-de-compensado-de-madeira","tag-fabrica-de-compensados-de-madeira","tag-fabrica-de-compensados-de-madeiras","tag-fabricante-de-compensado","tag-fabricante-de-compensado-de-madeira","tag-fabricante-de-compensados-de-madeira","tag-fabricante-de-compensados-de-madeiras","tag-fornecedor-de-compensado","tag-fornecedor-de-compensado-de-madeira","tag-fornecedor-de-compensados-de-madeira","tag-fornecedor-de-compensados-de-madeiras","tag-onde-encontrar-compensado","tag-onde-encontrar-compensado-de-madeira","tag-onde-encontrar-compensados-de-madeira","tag-onde-encontrar-compensados-de-madeiras"],"yoast_head":"<!-- This site is optimized with the Yoast SEO plugin v23.0 - https:\/\/yoast.com\/wordpress\/plugins\/seo\/ -->\n<title>Vantagens dos compensados em projetos de marcenaria em Diadema - Madeiras Radial<\/title>\n<meta name=\"robots\" content=\"index, follow, max-snippet:-1, max-image-preview:large, max-video-preview:-1\" \/>\n<link rel=\"canonical\" href=\"https:\/\/www.madeirasradial.com.br\/blog\/compensados\/vantagens-dos-compensados-em-projetos-de-marcenaria-em-diadema\/\" \/>\n<meta property=\"og:locale\" content=\"pt_BR\" \/>\n<meta property=\"og:type\" content=\"article\" \/>\n<meta property=\"og:title\" content=\"Vantagens dos compensados em projetos de marcenaria em Diadema - Madeiras Radial\" \/>\n<meta property=\"og:description\" content=\"Tempo de leitura 4 minutos Conhe\u00e7a mais sobre as vantagens dos compensados em projetos de marcenaria em Diadema! Saiba mais tamb\u00e9m sobre suas aplica\u00e7\u00f5es! A marcenaria \u00e9 uma arte milenar que continua desempenhando um papel fundamental na cria\u00e7\u00e3o de m\u00f3veis e objetos de madeira. Em...\" \/>\n<meta property=\"og:url\" content=\"https:\/\/www.madeirasradial.com.br\/blog\/compensados\/vantagens-dos-compensados-em-projetos-de-marcenaria-em-diadema\/\" \/>\n<meta property=\"og:site_name\" content=\"Madeiras Radial\" \/>\n<meta property=\"article:published_time\" content=\"2023-10-09T12:33:26+00:00\" \/>\n<meta property=\"article:modified_time\" content=\"2023-10-09T12:37:33+00:00\" \/>\n<meta property=\"og:image\" content=\"https:\/\/www.madeirasradial.com.br\/blog\/wp-content\/uploads\/2023\/10\/Vantagens-dos-compensados-em-projetos-de-marcenaria-em-Diadema.jpg\" \/>\n\t<meta property=\"og:image:width\" content=\"793\" \/>\n\t<meta property=\"og:image:height\" content=\"446\" \/>\n\t<meta property=\"og:image:type\" content=\"image\/jpeg\" \/>\n<meta name=\"author\" content=\"admin\" \/>\n<meta name=\"twitter:card\" content=\"summary_large_image\" \/>\n<meta name=\"twitter:label1\" content=\"Escrito por\" \/>\n\t<meta name=\"twitter:data1\" content=\"admin\" \/>\n\t<meta name=\"twitter:label2\" content=\"Est. tempo de leitura\" \/>\n\t<meta name=\"twitter:data2\" content=\"4 minutos\" \/>\n<script type=\"application\/ld+json\" class=\"yoast-schema-graph\">{\"@context\":\"https:\/\/schema.org\",\"@graph\":[{\"@type\":\"Article\",\"@id\":\"https:\/\/www.madeirasradial.com.br\/blog\/compensados\/vantagens-dos-compensados-em-projetos-de-marcenaria-em-diadema\/#article\",\"isPartOf\":{\"@id\":\"https:\/\/www.madeirasradial.com.br\/blog\/compensados\/vantagens-dos-compensados-em-projetos-de-marcenaria-em-diadema\/\"},\"author\":{\"name\":\"admin\",\"@id\":\"https:\/\/www.madeirasradial.com.br\/blog\/#\/schema\/person\/112c22676c0df61d87d28e82ec250e9e\"},\"headline\":\"Vantagens dos compensados em projetos de marcenaria em Diadema\",\"datePublished\":\"2023-10-09T12:33:26+00:00\",\"dateModified\":\"2023-10-09T12:37:33+00:00\",\"mainEntityOfPage\":{\"@id\":\"https:\/\/www.madeirasradial.com.br\/blog\/compensados\/vantagens-dos-compensados-em-projetos-de-marcenaria-em-diadema\/\"},\"wordCount\":880,\"commentCount\":0,\"publisher\":{\"@id\":\"https:\/\/www.madeirasradial.com.br\/blog\/#organization\"},\"image\":{\"@id\":\"https:\/\/www.madeirasradial.com.br\/blog\/compensados\/vantagens-dos-compensados-em-projetos-de-marcenaria-em-diadema\/#primaryimage\"},\"thumbnailUrl\":\"https:\/\/www.madeirasradial.com.br\/blog\/wp-content\/uploads\/2023\/10\/Vantagens-dos-compensados-em-projetos-de-marcenaria-em-Diadema.jpg\",\"keywords\":[\"compensado de madeira direto da fabrica\",\"compensado de madeira em Diadema\",\"compensado de madeira em Interlagos\",\"compensado de madeira em S\u00e3o Bernardo\",\"compensado de madeira em s\u00e3o paulo\",\"compensado de madeira em sp\",\"compensado de madeira no ABC\",\"compensado de madeira no Brooklin\",\"compensado de madeira no Morumbi\",\"compensado de madeira perto de mim\",\"compensado de madeira pre\u00e7o\",\"compensado de madeira pr\u00f3ximo a mim\",\"compensado direto da fabrica\",\"compensado em Diadema\",\"compensado em Interlagos\",\"compensado em S\u00e3o Bernardo\",\"compensado em s\u00e3o paulo\",\"compensado em sp\",\"compensado no ABC\",\"compensado no Brooklin\",\"compensado no Morumbi\",\"compensado perto de mim\",\"compensado pre\u00e7o\",\"compensado pr\u00f3ximo a mim\",\"compensados de madeira direto da fabrica\",\"compensados de madeira em diadema\",\"compensados de madeira em Interlagos\",\"compensados de madeira em S\u00e3o Bernardo\",\"compensados de madeira em s\u00e3o paulo\",\"compensados de madeira em sp\",\"compensados de madeira no ABC\",\"compensados de madeira no Brooklin\",\"compensados de madeira no Morumbi\",\"compensados de madeira perto de mim\",\"compensados de madeira pre\u00e7o\",\"compensados de madeira pr\u00f3ximo a mim\",\"compensados de madeiras direto da fabrica\",\"compensados de madeiras em Diadema\",\"compensados de madeiras em Interlagos\",\"compensados de madeiras em S\u00e3o Bernardo\",\"compensados de madeiras em s\u00e3o paulo\",\"compensados de madeiras em sp\",\"compensados de madeiras no ABC\",\"compensados de madeiras no Brooklin\",\"compensados de madeiras no Morumbi\",\"compensados de madeiras perto de mim\",\"compensados de madeiras pre\u00e7o\",\"compensados de madeiras pr\u00f3ximo a mim\",\"comprar compensado\",\"comprar compensado de madeira\",\"comprar compensados de madeira\",\"comprar compensados de madeiras\",\"distribuidor de compensado\",\"distribuidor de compensado de madeira\",\"distribuidor de compensados de madeira\",\"distribuidor de compensados de madeiras\",\"distribuidora de compensado\",\"distribuidora de compensado de madeira\",\"distribuidora de compensados de madeira\",\"distribuidora de compensados de madeiras\",\"empresa de compensado\",\"empresa de compensado de madeira\",\"empresa de compensados de madeira\",\"empresa de compensados de madeiras\",\"f\u00e1brica de compensado\",\"f\u00e1brica de compensado de madeira\",\"f\u00e1brica de compensados de madeira\",\"f\u00e1brica de compensados de madeiras\",\"fabricante de compensado\",\"fabricante de compensado de madeira\",\"fabricante de compensados de madeira\",\"fabricante de compensados de madeiras\",\"fornecedor de compensado\",\"fornecedor de compensado de madeira\",\"fornecedor de compensados de madeira\",\"fornecedor de compensados de madeiras\",\"onde encontrar compensado\",\"onde encontrar compensado de madeira\",\"onde encontrar compensados de madeira\",\"onde encontrar compensados de madeiras\"],\"articleSection\":[\"Compensados\"],\"inLanguage\":\"pt-BR\",\"potentialAction\":[{\"@type\":\"CommentAction\",\"name\":\"Comment\",\"target\":[\"https:\/\/www.madeirasradial.com.br\/blog\/compensados\/vantagens-dos-compensados-em-projetos-de-marcenaria-em-diadema\/#respond\"]}]},{\"@type\":\"WebPage\",\"@id\":\"https:\/\/www.madeirasradial.com.br\/blog\/compensados\/vantagens-dos-compensados-em-projetos-de-marcenaria-em-diadema\/\",\"url\":\"https:\/\/www.madeirasradial.com.br\/blog\/compensados\/vantagens-dos-compensados-em-projetos-de-marcenaria-em-diadema\/\",\"name\":\"Vantagens dos compensados em projetos de marcenaria em Diadema - Madeiras Radial\",\"isPartOf\":{\"@id\":\"https:\/\/www.madeirasradial.com.br\/blog\/#website\"},\"primaryImageOfPage\":{\"@id\":\"https:\/\/www.madeirasradial.com.br\/blog\/compensados\/vantagens-dos-compensados-em-projetos-de-marcenaria-em-diadema\/#primaryimage\"},\"image\":{\"@id\":\"https:\/\/www.madeirasradial.com.br\/blog\/compensados\/vantagens-dos-compensados-em-projetos-de-marcenaria-em-diadema\/#primaryimage\"},\"thumbnailUrl\":\"https:\/\/www.madeirasradial.com.br\/blog\/wp-content\/uploads\/2023\/10\/Vantagens-dos-compensados-em-projetos-de-marcenaria-em-Diadema.jpg\",\"datePublished\":\"2023-10-09T12:33:26+00:00\",\"dateModified\":\"2023-10-09T12:37:33+00:00\",\"breadcrumb\":{\"@id\":\"https:\/\/www.madeirasradial.com.br\/blog\/compensados\/vantagens-dos-compensados-em-projetos-de-marcenaria-em-diadema\/#breadcrumb\"},\"inLanguage\":\"pt-BR\",\"potentialAction\":[{\"@type\":\"ReadAction\",\"target\":[\"https:\/\/www.madeirasradial.com.br\/blog\/compensados\/vantagens-dos-compensados-em-projetos-de-marcenaria-em-diadema\/\"]}]},{\"@type\":\"ImageObject\",\"inLanguage\":\"pt-BR\",\"@id\":\"https:\/\/www.madeirasradial.com.br\/blog\/compensados\/vantagens-dos-compensados-em-projetos-de-marcenaria-em-diadema\/#primaryimage\",\"url\":\"https:\/\/www.madeirasradial.com.br\/blog\/wp-content\/uploads\/2023\/10\/Vantagens-dos-compensados-em-projetos-de-marcenaria-em-Diadema.jpg\",\"contentUrl\":\"https:\/\/www.madeirasradial.com.br\/blog\/wp-content\/uploads\/2023\/10\/Vantagens-dos-compensados-em-projetos-de-marcenaria-em-Diadema.jpg\",\"width\":793,\"height\":446,\"caption\":\"Vantagens dos compensados em projetos de marcenaria em Diadema\"},{\"@type\":\"BreadcrumbList\",\"@id\":\"https:\/\/www.madeirasradial.com.br\/blog\/compensados\/vantagens-dos-compensados-em-projetos-de-marcenaria-em-diadema\/#breadcrumb\",\"itemListElement\":[{\"@type\":\"ListItem\",\"position\":1,\"name\":\"In\u00edcio\",\"item\":\"https:\/\/www.madeirasradial.com.br\/blog\/\"},{\"@type\":\"ListItem\",\"position\":2,\"name\":\"Vantagens dos compensados em projetos de marcenaria em Diadema\"}]},{\"@type\":\"WebSite\",\"@id\":\"https:\/\/www.madeirasradial.com.br\/blog\/#website\",\"url\":\"https:\/\/www.madeirasradial.com.br\/blog\/\",\"name\":\"Madeiras Radial\",\"description\":\"Blog\",\"publisher\":{\"@id\":\"https:\/\/www.madeirasradial.com.br\/blog\/#organization\"},\"potentialAction\":[{\"@type\":\"SearchAction\",\"target\":{\"@type\":\"EntryPoint\",\"urlTemplate\":\"https:\/\/www.madeirasradial.com.br\/blog\/?s={search_term_string}\"},\"query-input\":\"required name=search_term_string\"}],\"inLanguage\":\"pt-BR\"},{\"@type\":\"Organization\",\"@id\":\"https:\/\/www.madeirasradial.com.br\/blog\/#organization\",\"name\":\"Madeiras Radial\",\"url\":\"https:\/\/www.madeirasradial.com.br\/blog\/\",\"logo\":{\"@type\":\"ImageObject\",\"inLanguage\":\"pt-BR\",\"@id\":\"https:\/\/www.madeirasradial.com.br\/blog\/#\/schema\/logo\/image\/\",\"url\":\"https:\/\/www.madeirasradial.com.br\/blog\/wp-content\/uploads\/2022\/04\/logo-sas.png\",\"contentUrl\":\"https:\/\/www.madeirasradial.com.br\/blog\/wp-content\/uploads\/2022\/04\/logo-sas.png\",\"width\":640,\"height\":123,\"caption\":\"Madeiras Radial\"},\"image\":{\"@id\":\"https:\/\/www.madeirasradial.com.br\/blog\/#\/schema\/logo\/image\/\"}},{\"@type\":\"Person\",\"@id\":\"https:\/\/www.madeirasradial.com.br\/blog\/#\/schema\/person\/112c22676c0df61d87d28e82ec250e9e\",\"name\":\"admin\",\"image\":{\"@type\":\"ImageObject\",\"inLanguage\":\"pt-BR\",\"@id\":\"https:\/\/www.madeirasradial.com.br\/blog\/#\/schema\/person\/image\/\",\"url\":\"https:\/\/secure.gravatar.com\/avatar\/3813f53848958b8842eeafda91666185a90010f65ed554379b78794cde6f234a?s=96&d=mm&r=g\",\"contentUrl\":\"https:\/\/secure.gravatar.com\/avatar\/3813f53848958b8842eeafda91666185a90010f65ed554379b78794cde6f234a?s=96&d=mm&r=g\",\"caption\":\"admin\"},\"sameAs\":[\"https:\/\/madeirasradial.com.br\/blog\"],\"url\":\"https:\/\/www.madeirasradial.com.br\/blog\/author\/admin\/\"}]}<\/script>\n<!-- \/ Yoast SEO plugin. -->","yoast_head_json":{"title":"Vantagens dos compensados em projetos de marcenaria em Diadema - Madeiras Radial","robots":{"index":"index","follow":"follow","max-snippet":"max-snippet:-1","max-image-preview":"max-image-preview:large","max-video-preview":"max-video-preview:-1"},"canonical":"https:\/\/www.madeirasradial.com.br\/blog\/compensados\/vantagens-dos-compensados-em-projetos-de-marcenaria-em-diadema\/","og_locale":"pt_BR","og_type":"article","og_title":"Vantagens dos compensados em projetos de marcenaria em Diadema - Madeiras Radial","og_description":"Tempo de leitura 4 minutos Conhe\u00e7a mais sobre as vantagens dos compensados em projetos de marcenaria em Diadema! Saiba mais tamb\u00e9m sobre suas aplica\u00e7\u00f5es! A marcenaria \u00e9 uma arte milenar que continua desempenhando um papel fundamental na cria\u00e7\u00e3o de m\u00f3veis e objetos de madeira. Em...","og_url":"https:\/\/www.madeirasradial.com.br\/blog\/compensados\/vantagens-dos-compensados-em-projetos-de-marcenaria-em-diadema\/","og_site_name":"Madeiras Radial","article_published_time":"2023-10-09T12:33:26+00:00","article_modified_time":"2023-10-09T12:37:33+00:00","og_image":[{"width":793,"height":446,"url":"https:\/\/www.madeirasradial.com.br\/blog\/wp-content\/uploads\/2023\/10\/Vantagens-dos-compensados-em-projetos-de-marcenaria-em-Diadema.jpg","type":"image\/jpeg"}],"author":"admin","twitter_card":"summary_large_image","twitter_misc":{"Escrito por":"admin","Est. tempo de leitura":"4 minutos"},"schema":{"@context":"https:\/\/schema.org","@graph":[{"@type":"Article","@id":"https:\/\/www.madeirasradial.com.br\/blog\/compensados\/vantagens-dos-compensados-em-projetos-de-marcenaria-em-diadema\/#article","isPartOf":{"@id":"https:\/\/www.madeirasradial.com.br\/blog\/compensados\/vantagens-dos-compensados-em-projetos-de-marcenaria-em-diadema\/"},"author":{"name":"admin","@id":"https:\/\/www.madeirasradial.com.br\/blog\/#\/schema\/person\/112c22676c0df61d87d28e82ec250e9e"},"headline":"Vantagens dos compensados em projetos de marcenaria em Diadema","datePublished":"2023-10-09T12:33:26+00:00","dateModified":"2023-10-09T12:37:33+00:00","mainEntityOfPage":{"@id":"https:\/\/www.madeirasradial.com.br\/blog\/compensados\/vantagens-dos-compensados-em-projetos-de-marcenaria-em-diadema\/"},"wordCount":880,"commentCount":0,"publisher":{"@id":"https:\/\/www.madeirasradial.com.br\/blog\/#organization"},"image":{"@id":"https:\/\/www.madeirasradial.com.br\/blog\/compensados\/vantagens-dos-compensados-em-projetos-de-marcenaria-em-diadema\/#primaryimage"},"thumbnailUrl":"https:\/\/www.madeirasradial.com.br\/blog\/wp-content\/uploads\/2023\/10\/Vantagens-dos-compensados-em-projetos-de-marcenaria-em-Diadema.jpg","keywords":["compensado de madeira direto da fabrica","compensado de madeira em Diadema","compensado de madeira em Interlagos","compensado de madeira em S\u00e3o Bernardo","compensado de madeira em s\u00e3o paulo","compensado de madeira em sp","compensado de madeira no ABC","compensado de madeira no Brooklin","compensado de madeira no Morumbi","compensado de madeira perto de mim","compensado de madeira pre\u00e7o","compensado de madeira pr\u00f3ximo a mim","compensado direto da fabrica","compensado em Diadema","compensado em Interlagos","compensado em S\u00e3o Bernardo","compensado em s\u00e3o paulo","compensado em sp","compensado no ABC","compensado no Brooklin","compensado no Morumbi","compensado perto de mim","compensado pre\u00e7o","compensado pr\u00f3ximo a mim","compensados de madeira direto da fabrica","compensados de madeira em diadema","compensados de madeira em Interlagos","compensados de madeira em S\u00e3o Bernardo","compensados de madeira em s\u00e3o paulo","compensados de madeira em sp","compensados de madeira no ABC","compensados de madeira no Brooklin","compensados de madeira no Morumbi","compensados de madeira perto de mim","compensados de madeira pre\u00e7o","compensados de madeira pr\u00f3ximo a mim","compensados de madeiras direto da fabrica","compensados de madeiras em Diadema","compensados de madeiras em Interlagos","compensados de madeiras em S\u00e3o Bernardo","compensados de madeiras em s\u00e3o paulo","compensados de madeiras em sp","compensados de madeiras no ABC","compensados de madeiras no Brooklin","compensados de madeiras no Morumbi","compensados de madeiras perto de mim","compensados de madeiras pre\u00e7o","compensados de madeiras pr\u00f3ximo a mim","comprar compensado","comprar compensado de madeira","comprar compensados de madeira","comprar compensados de madeiras","distribuidor de compensado","distribuidor de compensado de madeira","distribuidor de compensados de madeira","distribuidor de compensados de madeiras","distribuidora de compensado","distribuidora de compensado de madeira","distribuidora de compensados de madeira","distribuidora de compensados de madeiras","empresa de compensado","empresa de compensado de madeira","empresa de compensados de madeira","empresa de compensados de madeiras","f\u00e1brica de compensado","f\u00e1brica de compensado de madeira","f\u00e1brica de compensados de madeira","f\u00e1brica de compensados de madeiras","fabricante de compensado","fabricante de compensado de madeira","fabricante de compensados de madeira","fabricante de compensados de madeiras","fornecedor de compensado","fornecedor de compensado de madeira","fornecedor de compensados de madeira","fornecedor de compensados de madeiras","onde encontrar compensado","onde encontrar compensado de madeira","onde encontrar compensados de madeira","onde encontrar compensados de madeiras"],"articleSection":["Compensados"],"inLanguage":"pt-BR","potentialAction":[{"@type":"CommentAction","name":"Comment","target":["https:\/\/www.madeirasradial.com.br\/blog\/compensados\/vantagens-dos-compensados-em-projetos-de-marcenaria-em-diadema\/#respond"]}]},{"@type":"WebPage","@id":"https:\/\/www.madeirasradial.com.br\/blog\/compensados\/vantagens-dos-compensados-em-projetos-de-marcenaria-em-diadema\/","url":"https:\/\/www.madeirasradial.com.br\/blog\/compensados\/vantagens-dos-compensados-em-projetos-de-marcenaria-em-diadema\/","name":"Vantagens dos compensados em projetos de marcenaria em Diadema - Madeiras Radial","isPartOf":{"@id":"https:\/\/www.madeirasradial.com.br\/blog\/#website"},"primaryImageOfPage":{"@id":"https:\/\/www.madeirasradial.com.br\/blog\/compensados\/vantagens-dos-compensados-em-projetos-de-marcenaria-em-diadema\/#primaryimage"},"image":{"@id":"https:\/\/www.madeirasradial.com.br\/blog\/compensados\/vantagens-dos-compensados-em-projetos-de-marcenaria-em-diadema\/#primaryimage"},"thumbnailUrl":"https:\/\/www.madeirasradial.com.br\/blog\/wp-content\/uploads\/2023\/10\/Vantagens-dos-compensados-em-projetos-de-marcenaria-em-Diadema.jpg","datePublished":"2023-10-09T12:33:26+00:00","dateModified":"2023-10-09T12:37:33+00:00","breadcrumb":{"@id":"https:\/\/www.madeirasradial.com.br\/blog\/compensados\/vantagens-dos-compensados-em-projetos-de-marcenaria-em-diadema\/#breadcrumb"},"inLanguage":"pt-BR","potentialAction":[{"@type":"ReadAction","target":["https:\/\/www.madeirasradial.com.br\/blog\/compensados\/vantagens-dos-compensados-em-projetos-de-marcenaria-em-diadema\/"]}]},{"@type":"ImageObject","inLanguage":"pt-BR","@id":"https:\/\/www.madeirasradial.com.br\/blog\/compensados\/vantagens-dos-compensados-em-projetos-de-marcenaria-em-diadema\/#primaryimage","url":"https:\/\/www.madeirasradial.com.br\/blog\/wp-content\/uploads\/2023\/10\/Vantagens-dos-compensados-em-projetos-de-marcenaria-em-Diadema.jpg","contentUrl":"https:\/\/www.madeirasradial.com.br\/blog\/wp-content\/uploads\/2023\/10\/Vantagens-dos-compensados-em-projetos-de-marcenaria-em-Diadema.jpg","width":793,"height":446,"caption":"Vantagens dos compensados em projetos de marcenaria em Diadema"},{"@type":"BreadcrumbList","@id":"https:\/\/www.madeirasradial.com.br\/blog\/compensados\/vantagens-dos-compensados-em-projetos-de-marcenaria-em-diadema\/#breadcrumb","itemListElement":[{"@type":"ListItem","position":1,"name":"In\u00edcio","item":"https:\/\/www.madeirasradial.com.br\/blog\/"},{"@type":"ListItem","position":2,"name":"Vantagens dos compensados em projetos de marcenaria em Diadema"}]},{"@type":"WebSite","@id":"https:\/\/www.madeirasradial.com.br\/blog\/#website","url":"https:\/\/www.madeirasradial.com.br\/blog\/","name":"Madeiras Radial","description":"Blog","publisher":{"@id":"https:\/\/www.madeirasradial.com.br\/blog\/#organization"},"potentialAction":[{"@type":"SearchAction","target":{"@type":"EntryPoint","urlTemplate":"https:\/\/www.madeirasradial.com.br\/blog\/?s={search_term_string}"},"query-input":"required name=search_term_string"}],"inLanguage":"pt-BR"},{"@type":"Organization","@id":"https:\/\/www.madeirasradial.com.br\/blog\/#organization","name":"Madeiras Radial","url":"https:\/\/www.madeirasradial.com.br\/blog\/","logo":{"@type":"ImageObject","inLanguage":"pt-BR","@id":"https:\/\/www.madeirasradial.com.br\/blog\/#\/schema\/logo\/image\/","url":"https:\/\/www.madeirasradial.com.br\/blog\/wp-content\/uploads\/2022\/04\/logo-sas.png","contentUrl":"https:\/\/www.madeirasradial.com.br\/blog\/wp-content\/uploads\/2022\/04\/logo-sas.png","width":640,"height":123,"caption":"Madeiras Radial"},"image":{"@id":"https:\/\/www.madeirasradial.com.br\/blog\/#\/schema\/logo\/image\/"}},{"@type":"Person","@id":"https:\/\/www.madeirasradial.com.br\/blog\/#\/schema\/person\/112c22676c0df61d87d28e82ec250e9e","name":"admin","image":{"@type":"ImageObject","inLanguage":"pt-BR","@id":"https:\/\/www.madeirasradial.com.br\/blog\/#\/schema\/person\/image\/","url":"https:\/\/secure.gravatar.com\/avatar\/3813f53848958b8842eeafda91666185a90010f65ed554379b78794cde6f234a?s=96&d=mm&r=g","contentUrl":"https:\/\/secure.gravatar.com\/avatar\/3813f53848958b8842eeafda91666185a90010f65ed554379b78794cde6f234a?s=96&d=mm&r=g","caption":"admin"},"sameAs":["https:\/\/madeirasradial.com.br\/blog"],"url":"https:\/\/www.madeirasradial.com.br\/blog\/author\/admin\/"}]}},"_links":{"self":[{"href":"https:\/\/www.madeirasradial.com.br\/blog\/wp-json\/wp\/v2\/posts\/218","targetHints":{"allow":["GET"]}}],"collection":[{"href":"https:\/\/www.madeirasradial.com.br\/blog\/wp-json\/wp\/v2\/posts"}],"about":[{"href":"https:\/\/www.madeirasradial.com.br\/blog\/wp-json\/wp\/v2\/types\/post"}],"author":[{"embeddable":true,"href":"https:\/\/www.madeirasradial.com.br\/blog\/wp-json\/wp\/v2\/users\/1"}],"replies":[{"embeddable":true,"href":"https:\/\/www.madeirasradial.com.br\/blog\/wp-json\/wp\/v2\/comments?post=218"}],"version-history":[{"count":1,"href":"https:\/\/www.madeirasradial.com.br\/blog\/wp-json\/wp\/v2\/posts\/218\/revisions"}],"predecessor-version":[{"id":222,"href":"https:\/\/www.madeirasradial.com.br\/blog\/wp-json\/wp\/v2\/posts\/218\/revisions\/222"}],"wp:featuredmedia":[{"embeddable":true,"href":"https:\/\/www.madeirasradial.com.br\/blog\/wp-json\/wp\/v2\/media\/219"}],"wp:attachment":[{"href":"https:\/\/www.madeirasradial.com.br\/blog\/wp-json\/wp\/v2\/media?parent=218"}],"wp:term":[{"taxonomy":"category","embeddable":true,"href":"https:\/\/www.madeirasradial.com.br\/blog\/wp-json\/wp\/v2\/categories?post=218"},{"taxonomy":"post_tag","embeddable":true,"href":"https:\/\/www.madeirasradial.com.br\/blog\/wp-json\/wp\/v2\/tags?post=218"}],"curies":[{"name":"wp","href":"https:\/\/api.w.org\/{rel}","templated":true}]}}