{"id":294,"date":"2023-12-01T12:59:15","date_gmt":"2023-12-01T12:59:15","guid":{"rendered":"https:\/\/www.madeirasradial.com.br\/blog\/?p=294"},"modified":"2023-12-01T12:59:36","modified_gmt":"2023-12-01T12:59:36","slug":"saiba-onde-comprar-verniz-em-diadema","status":"publish","type":"post","link":"https:\/\/www.madeirasradial.com.br\/blog\/verniz\/saiba-onde-comprar-verniz-em-diadema\/","title":{"rendered":"Saiba onde comprar verniz em Diadema"},"content":{"rendered":"<span class=\"rt-reading-time\" style=\"display: block;\"><span class=\"rt-label rt-prefix\">Tempo de leitura<\/span> <span class=\"rt-time\">2<\/span> <span class=\"rt-label rt-postfix\">minutos<\/span><\/span>\n<p class=\"has-medium-font-size\"><strong><em>Descubra onde comprar verniz de alta qualidade e aprenda sobre suas diversas aplica\u00e7\u00f5es. Confira o artigo!<\/em><\/strong><\/p>\n\n\n\n<p>Ao pensar em projetos de carpintaria ou renova\u00e7\u00e3o de m\u00f3veis, uma quest\u00e3o frequente \u00e9 onde comprar verniz de qualidade.<\/p>\n\n\n\n<p>O verniz n\u00e3o s\u00f3 melhora a est\u00e9tica de madeiras e outras superf\u00edcies, mas tamb\u00e9m oferece prote\u00e7\u00e3o contra danos ambientais e desgaste.<\/p>\n\n\n<div class=\"wp-block-image is-style-rounded\">\n<figure class=\"alignright is-resized\"><img loading=\"lazy\" decoding=\"async\" width=\"1000\" height=\"667\" src=\"https:\/\/www.madeirasradial.com.br\/blog\/wp-content\/uploads\/2023\/12\/feche-acima-da-foto-da-madeira-da-pintura-na-cor-marrom-1.jpg\" alt=\"Saiba onde comprar verniz em Diadema\" class=\"wp-image-295\" style=\"width:234px;height:auto\"\/><\/figure>\n<\/div>\n\n\n<p>Com tantas op\u00e7\u00f5es no mercado, \u00e9 importante escolher um fornecedor confi\u00e1vel que ofere\u00e7a produtos de alta qualidade e um bom conhecimento t\u00e9cnico.<\/p>\n\n\n\n<p>Neste contexto, a escolha do verniz certo e a compreens\u00e3o de suas aplica\u00e7\u00f5es s\u00e3o fundamentais.<\/p>\n\n\n\n<p>Diferentes tipos de verniz oferecem acabamentos variados, desde brilhante at\u00e9 fosco, e podem ser aplicados em uma variedade de superf\u00edcies.<\/p>\n\n\n\n<p>Saber onde comprar verniz que atenda \u00e0s suas necessidades espec\u00edficas \u00e9 essencial para garantir a durabilidade e a beleza do seu projeto.<\/p>\n\n\n\n<ul class=\"wp-block-list\">\n<li><a href=\"https:\/\/www.madeirasradial.com.br\/blog\/compensados\/chapa-compensada-sob-medida-vantagens-e-onde-comprar\/\">Chapa compensada sob medida: vantagens e onde comprar?<\/a><\/li>\n<\/ul>\n\n\n\n<div id=\"ez-toc-container\" class=\"ez-toc-v2_0_67_1 counter-hierarchy ez-toc-counter ez-toc-grey ez-toc-container-direction\">\n<div class=\"ez-toc-title-container\">\n<p class=\"ez-toc-title \" >T&oacute;picos do artigo<\/p>\n<span class=\"ez-toc-title-toggle\"><a href=\"#\" class=\"ez-toc-pull-right ez-toc-btn ez-toc-btn-xs ez-toc-btn-default ez-toc-toggle\" aria-label=\"Toggle Table of Content\"><span class=\"ez-toc-js-icon-con\"><span class=\"\"><span class=\"eztoc-hide\" style=\"display:none;\">Toggle<\/span><span class=\"ez-toc-icon-toggle-span\"><svg style=\"fill: #999;color:#999\" xmlns=\"http:\/\/www.w3.org\/2000\/svg\" class=\"list-377408\" width=\"20px\" height=\"20px\" viewBox=\"0 0 24 24\" fill=\"none\"><path d=\"M6 6H4v2h2V6zm14 0H8v2h12V6zM4 11h2v2H4v-2zm16 0H8v2h12v-2zM4 16h2v2H4v-2zm16 0H8v2h12v-2z\" fill=\"currentColor\"><\/path><\/svg><svg style=\"fill: #999;color:#999\" class=\"arrow-unsorted-368013\" xmlns=\"http:\/\/www.w3.org\/2000\/svg\" width=\"10px\" height=\"10px\" viewBox=\"0 0 24 24\" version=\"1.2\" baseProfile=\"tiny\"><path d=\"M18.2 9.3l-6.2-6.3-6.2 6.3c-.2.2-.3.4-.3.7s.1.5.3.7c.2.2.4.3.7.3h11c.3 0 .5-.1.7-.3.2-.2.3-.5.3-.7s-.1-.5-.3-.7zM5.8 14.7l6.2 6.3 6.2-6.3c.2-.2.3-.5.3-.7s-.1-.5-.3-.7c-.2-.2-.4-.3-.7-.3h-11c-.3 0-.5.1-.7.3-.2.2-.3.5-.3.7s.1.5.3.7z\"\/><\/svg><\/span><\/span><\/span><\/a><\/span><\/div>\n<nav><ul class='ez-toc-list ez-toc-list-level-1 ' ><li class='ez-toc-page-1 ez-toc-heading-level-2'><a class=\"ez-toc-link ez-toc-heading-1\" href=\"https:\/\/www.madeirasradial.com.br\/blog\/verniz\/saiba-onde-comprar-verniz-em-diadema\/#As_aplicacoes_do_verniz\" title=\"As aplica\u00e7\u00f5es do verniz\">As aplica\u00e7\u00f5es do verniz<\/a><\/li><li class='ez-toc-page-1 ez-toc-heading-level-2'><a class=\"ez-toc-link ez-toc-heading-2\" href=\"https:\/\/www.madeirasradial.com.br\/blog\/verniz\/saiba-onde-comprar-verniz-em-diadema\/#Madeira_Radial_o_melhor_fornecedor_de_verniz_na_zona_sul\" title=\"Madeira Radial: o melhor fornecedor de verniz na zona sul\">Madeira Radial: o melhor fornecedor de verniz na zona sul<\/a><\/li><\/ul><\/nav><\/div>\n<h2 class=\"wp-block-heading\"><span class=\"ez-toc-section\" id=\"As_aplicacoes_do_verniz\"><\/span>As aplica\u00e7\u00f5es do verniz<span class=\"ez-toc-section-end\"><\/span><\/h2>\n\n\n\n<p><strong>Prote\u00e7\u00e3o da madeira:<\/strong> O verniz protege a madeira contra umidade, raios UV e desgastes, preservando sua beleza e integridade.<\/p>\n\n\n\n<p><strong>Acabamento decorativo:<\/strong> Com op\u00e7\u00f5es de acabamento brilhante, semi-brilhante ou fosco, o verniz pode real\u00e7ar a cor natural da madeira e adicionar um toque est\u00e9tico ao mobili\u00e1rio.<\/p>\n\n\n\n<p><strong>Uso em exteriores:<\/strong> Ideal para pe\u00e7as expostas ao ar livre, o verniz protege contra as intemp\u00e9ries e mant\u00e9m a apar\u00eancia das superf\u00edcies ao ar livre.<\/p>\n\n\n\n<p><strong>Restaura\u00e7\u00e3o de m\u00f3veis:<\/strong> Aplicar verniz em m\u00f3veis antigos pode rejuvenescer sua apar\u00eancia e proteg\u00ea-los contra danos futuros.<\/p>\n\n\n\n<ul class=\"wp-block-list\">\n<li><a href=\"https:\/\/www.madeirasradial.com.br\/blog\/compensados\/vantagens-dos-compensados-em-projetos-de-marcenaria-em-diadema\/\">Vantagens dos compensados em projetos de marcenaria em Diadema<\/a><\/li>\n<\/ul>\n\n\n\n<h2 class=\"wp-block-heading\"><span class=\"ez-toc-section\" id=\"Madeira_Radial_o_melhor_fornecedor_de_verniz_na_zona_sul\"><\/span>Madeira Radial: o melhor fornecedor de verniz na zona sul<span class=\"ez-toc-section-end\"><\/span><\/h2>\n\n\n\n<p>Ao buscar onde comprar verniz de alta qualidade, a escolha inteligente \u00e9 a <a href=\"https:\/\/www.madeirasradial.com.br\/\">Madeira Radial<\/a>.<\/p>\n\n\n\n<p>Localizada em Diadema, esta empresa se destaca n\u00e3o s\u00f3 pela qualidade excepcional de seus produtos, mas tamb\u00e9m pela expertise de seus funcion\u00e1rios.<\/p>\n\n\n\n<p>Eles possuem um conhecimento profundo sobre os produtos e suas funcionalidades, o que \u00e9 essencial na escolha do verniz certo para cada projeto.<\/p>\n\n\n\n<p>Al\u00e9m disso, a Madeira Radial \u00e9 conhecida na Zona Sul pela excel\u00eancia na instala\u00e7\u00e3o de seus produtos.<\/p>\n\n\n\n<p>Seu servi\u00e7o \u00e9 completo, abrangendo desde a sele\u00e7\u00e3o do verniz ideal at\u00e9 a aplica\u00e7\u00e3o final, garantindo resultados impressionantes.<\/p>\n\n\n\n<p>Seja para projetos residenciais ou comerciais, a Madeira Radial \u00e9 uma refer\u00eancia em vernizes e outros produtos para acabamento de madeira.<\/p>\n\n\n\n<p>N\u00e3o deixe de <a href=\"https:\/\/api.whatsapp.com\/send?phone=5511975440771\">entrar em contato<\/a> com a Madeira Radial, especialmente se estiver em Diadema ou nas proximidades da Zona Sul.<\/p>\n\n\n\n<p>Explore tamb\u00e9m os conte\u00fados do nosso <a href=\"https:\/\/www.madeirasradial.com.br\/blog\">blog<\/a> para mais informa\u00e7\u00f5es sobre verniz e dicas de carpintaria e renova\u00e7\u00e3o.<\/p>\n\n\n\n<p>Aqui, voc\u00ea sempre encontrar\u00e1 orienta\u00e7\u00f5es confi\u00e1veis e atualizadas para todos os seus projetos.<\/p>\n","protected":false},"excerpt":{"rendered":"<p><span class=\"rt-reading-time\" style=\"display: block;\"><span class=\"rt-label rt-prefix\">Tempo de leitura<\/span> <span class=\"rt-time\">2<\/span> <span class=\"rt-label rt-postfix\">minutos<\/span><\/span> Descubra onde comprar verniz de alta qualidade e aprenda sobre suas diversas aplica\u00e7\u00f5es. Confira o artigo! Ao pensar em projetos de carpintaria ou renova\u00e7\u00e3o de m\u00f3veis, uma quest\u00e3o frequente \u00e9 onde comprar verniz de qualidade. O verniz n\u00e3o s\u00f3 melhora&#8230;<\/p>\n","protected":false},"author":1,"featured_media":296,"comment_status":"open","ping_status":"open","sticky":false,"template":"","format":"standard","meta":{"footnotes":""},"categories":[586],"tags":[588,593,594,589,590,591,592,596,587,595,603,609,600,602,599,598,606,608,601,607,604,597,605],"class_list":["post-294","post","type-post","status-publish","format-standard","has-post-thumbnail","hentry","category-verniz","tag-comprar-verniz","tag-distribuidor-de-verniz","tag-distribuidora-de-verniz","tag-empresa-de-verniz","tag-fabrica-de-verniz","tag-fabricante-de-verniz","tag-fornecedor-de-verniz","tag-loja-de-verniz","tag-onde-encontrar-verniz","tag-revendedor-de-verniz","tag-verniz-direto-da-fabrica","tag-verniz-em-americanopolis","tag-verniz-em-diadema","tag-verniz-em-promocao","tag-verniz-em-sao-paulo","tag-verniz-em-sp","tag-verniz-na-cidade-ademar","tag-verniz-na-cupece","tag-verniz-na-zona-sul","tag-verniz-no-jardim-miriam","tag-verniz-perto-de-mim","tag-verniz-preco","tag-verniz-proximo-a-mim"],"yoast_head":"<!-- This site is optimized with the Yoast SEO plugin v23.0 - https:\/\/yoast.com\/wordpress\/plugins\/seo\/ -->\n<title>Saiba onde comprar verniz em Diadema - Madeiras Radial<\/title>\n<meta name=\"robots\" content=\"index, follow, max-snippet:-1, max-image-preview:large, max-video-preview:-1\" \/>\n<link rel=\"canonical\" href=\"https:\/\/www.madeirasradial.com.br\/blog\/verniz\/saiba-onde-comprar-verniz-em-diadema\/\" \/>\n<meta property=\"og:locale\" content=\"pt_BR\" \/>\n<meta property=\"og:type\" content=\"article\" \/>\n<meta property=\"og:title\" content=\"Saiba onde comprar verniz em Diadema - Madeiras Radial\" \/>\n<meta property=\"og:description\" content=\"Tempo de leitura 2 minutos Descubra onde comprar verniz de alta qualidade e aprenda sobre suas diversas aplica\u00e7\u00f5es. Confira o artigo! Ao pensar em projetos de carpintaria ou renova\u00e7\u00e3o de m\u00f3veis, uma quest\u00e3o frequente \u00e9 onde comprar verniz de qualidade. O verniz n\u00e3o s\u00f3 melhora...\" \/>\n<meta property=\"og:url\" content=\"https:\/\/www.madeirasradial.com.br\/blog\/verniz\/saiba-onde-comprar-verniz-em-diadema\/\" \/>\n<meta property=\"og:site_name\" content=\"Madeiras Radial\" \/>\n<meta property=\"article:published_time\" content=\"2023-12-01T12:59:15+00:00\" \/>\n<meta property=\"article:modified_time\" content=\"2023-12-01T12:59:36+00:00\" \/>\n<meta property=\"og:image\" content=\"https:\/\/www.madeirasradial.com.br\/blog\/wp-content\/uploads\/2023\/12\/processo-de-renovacao-da-cerca-em-dia-ensolarado-pelo-homem-em-luvas-de-protecao.jpg\" \/>\n\t<meta property=\"og:image:width\" content=\"1000\" \/>\n\t<meta property=\"og:image:height\" content=\"667\" \/>\n\t<meta property=\"og:image:type\" content=\"image\/jpeg\" \/>\n<meta name=\"author\" content=\"admin\" \/>\n<meta name=\"twitter:card\" content=\"summary_large_image\" \/>\n<meta name=\"twitter:label1\" content=\"Escrito por\" \/>\n\t<meta name=\"twitter:data1\" content=\"admin\" \/>\n\t<meta name=\"twitter:label2\" content=\"Est. tempo de leitura\" \/>\n\t<meta name=\"twitter:data2\" content=\"2 minutos\" \/>\n<script type=\"application\/ld+json\" class=\"yoast-schema-graph\">{\"@context\":\"https:\/\/schema.org\",\"@graph\":[{\"@type\":\"Article\",\"@id\":\"https:\/\/www.madeirasradial.com.br\/blog\/verniz\/saiba-onde-comprar-verniz-em-diadema\/#article\",\"isPartOf\":{\"@id\":\"https:\/\/www.madeirasradial.com.br\/blog\/verniz\/saiba-onde-comprar-verniz-em-diadema\/\"},\"author\":{\"name\":\"admin\",\"@id\":\"https:\/\/www.madeirasradial.com.br\/blog\/#\/schema\/person\/112c22676c0df61d87d28e82ec250e9e\"},\"headline\":\"Saiba onde comprar verniz em Diadema\",\"datePublished\":\"2023-12-01T12:59:15+00:00\",\"dateModified\":\"2023-12-01T12:59:36+00:00\",\"mainEntityOfPage\":{\"@id\":\"https:\/\/www.madeirasradial.com.br\/blog\/verniz\/saiba-onde-comprar-verniz-em-diadema\/\"},\"wordCount\":470,\"commentCount\":0,\"publisher\":{\"@id\":\"https:\/\/www.madeirasradial.com.br\/blog\/#organization\"},\"image\":{\"@id\":\"https:\/\/www.madeirasradial.com.br\/blog\/verniz\/saiba-onde-comprar-verniz-em-diadema\/#primaryimage\"},\"thumbnailUrl\":\"https:\/\/www.madeirasradial.com.br\/blog\/wp-content\/uploads\/2023\/12\/processo-de-renovacao-da-cerca-em-dia-ensolarado-pelo-homem-em-luvas-de-protecao.jpg\",\"keywords\":[\"comprar verniz\",\"distribuidor de verniz\",\"distribuidora de verniz\",\"empresa de verniz\",\"f\u00e1brica de verniz\",\"fabricante de verniz\",\"fornecedor de verniz\",\"loja de verniz\",\"onde encontrar verniz\",\"revendedor de verniz\",\"verniz direto da fabrica\",\"verniz em american\u00f3polis\",\"verniz em diadema\",\"verniz em promo\u00e7\u00e3o\",\"verniz em s\u00e3o paulo\",\"verniz em sp\",\"verniz na cidade ademar\",\"verniz na cupec\u00ea\",\"verniz na zona sul\",\"verniz no jardim miriam\",\"verniz perto de mim\",\"verniz pre\u00e7o\",\"verniz pr\u00f3ximo a mim\"],\"articleSection\":[\"Verniz\"],\"inLanguage\":\"pt-BR\",\"potentialAction\":[{\"@type\":\"CommentAction\",\"name\":\"Comment\",\"target\":[\"https:\/\/www.madeirasradial.com.br\/blog\/verniz\/saiba-onde-comprar-verniz-em-diadema\/#respond\"]}]},{\"@type\":\"WebPage\",\"@id\":\"https:\/\/www.madeirasradial.com.br\/blog\/verniz\/saiba-onde-comprar-verniz-em-diadema\/\",\"url\":\"https:\/\/www.madeirasradial.com.br\/blog\/verniz\/saiba-onde-comprar-verniz-em-diadema\/\",\"name\":\"Saiba onde comprar verniz em Diadema - Madeiras Radial\",\"isPartOf\":{\"@id\":\"https:\/\/www.madeirasradial.com.br\/blog\/#website\"},\"primaryImageOfPage\":{\"@id\":\"https:\/\/www.madeirasradial.com.br\/blog\/verniz\/saiba-onde-comprar-verniz-em-diadema\/#primaryimage\"},\"image\":{\"@id\":\"https:\/\/www.madeirasradial.com.br\/blog\/verniz\/saiba-onde-comprar-verniz-em-diadema\/#primaryimage\"},\"thumbnailUrl\":\"https:\/\/www.madeirasradial.com.br\/blog\/wp-content\/uploads\/2023\/12\/processo-de-renovacao-da-cerca-em-dia-ensolarado-pelo-homem-em-luvas-de-protecao.jpg\",\"datePublished\":\"2023-12-01T12:59:15+00:00\",\"dateModified\":\"2023-12-01T12:59:36+00:00\",\"breadcrumb\":{\"@id\":\"https:\/\/www.madeirasradial.com.br\/blog\/verniz\/saiba-onde-comprar-verniz-em-diadema\/#breadcrumb\"},\"inLanguage\":\"pt-BR\",\"potentialAction\":[{\"@type\":\"ReadAction\",\"target\":[\"https:\/\/www.madeirasradial.com.br\/blog\/verniz\/saiba-onde-comprar-verniz-em-diadema\/\"]}]},{\"@type\":\"ImageObject\",\"inLanguage\":\"pt-BR\",\"@id\":\"https:\/\/www.madeirasradial.com.br\/blog\/verniz\/saiba-onde-comprar-verniz-em-diadema\/#primaryimage\",\"url\":\"https:\/\/www.madeirasradial.com.br\/blog\/wp-content\/uploads\/2023\/12\/processo-de-renovacao-da-cerca-em-dia-ensolarado-pelo-homem-em-luvas-de-protecao.jpg\",\"contentUrl\":\"https:\/\/www.madeirasradial.com.br\/blog\/wp-content\/uploads\/2023\/12\/processo-de-renovacao-da-cerca-em-dia-ensolarado-pelo-homem-em-luvas-de-protecao.jpg\",\"width\":1000,\"height\":667,\"caption\":\"Saiba onde comprar verniz em Diadema\"},{\"@type\":\"BreadcrumbList\",\"@id\":\"https:\/\/www.madeirasradial.com.br\/blog\/verniz\/saiba-onde-comprar-verniz-em-diadema\/#breadcrumb\",\"itemListElement\":[{\"@type\":\"ListItem\",\"position\":1,\"name\":\"In\u00edcio\",\"item\":\"https:\/\/www.madeirasradial.com.br\/blog\/\"},{\"@type\":\"ListItem\",\"position\":2,\"name\":\"Saiba onde comprar verniz em Diadema\"}]},{\"@type\":\"WebSite\",\"@id\":\"https:\/\/www.madeirasradial.com.br\/blog\/#website\",\"url\":\"https:\/\/www.madeirasradial.com.br\/blog\/\",\"name\":\"Madeiras Radial\",\"description\":\"Blog\",\"publisher\":{\"@id\":\"https:\/\/www.madeirasradial.com.br\/blog\/#organization\"},\"potentialAction\":[{\"@type\":\"SearchAction\",\"target\":{\"@type\":\"EntryPoint\",\"urlTemplate\":\"https:\/\/www.madeirasradial.com.br\/blog\/?s={search_term_string}\"},\"query-input\":\"required name=search_term_string\"}],\"inLanguage\":\"pt-BR\"},{\"@type\":\"Organization\",\"@id\":\"https:\/\/www.madeirasradial.com.br\/blog\/#organization\",\"name\":\"Madeiras Radial\",\"url\":\"https:\/\/www.madeirasradial.com.br\/blog\/\",\"logo\":{\"@type\":\"ImageObject\",\"inLanguage\":\"pt-BR\",\"@id\":\"https:\/\/www.madeirasradial.com.br\/blog\/#\/schema\/logo\/image\/\",\"url\":\"https:\/\/www.madeirasradial.com.br\/blog\/wp-content\/uploads\/2022\/04\/logo-sas.png\",\"contentUrl\":\"https:\/\/www.madeirasradial.com.br\/blog\/wp-content\/uploads\/2022\/04\/logo-sas.png\",\"width\":640,\"height\":123,\"caption\":\"Madeiras Radial\"},\"image\":{\"@id\":\"https:\/\/www.madeirasradial.com.br\/blog\/#\/schema\/logo\/image\/\"}},{\"@type\":\"Person\",\"@id\":\"https:\/\/www.madeirasradial.com.br\/blog\/#\/schema\/person\/112c22676c0df61d87d28e82ec250e9e\",\"name\":\"admin\",\"image\":{\"@type\":\"ImageObject\",\"inLanguage\":\"pt-BR\",\"@id\":\"https:\/\/www.madeirasradial.com.br\/blog\/#\/schema\/person\/image\/\",\"url\":\"https:\/\/secure.gravatar.com\/avatar\/3813f53848958b8842eeafda91666185a90010f65ed554379b78794cde6f234a?s=96&d=mm&r=g\",\"contentUrl\":\"https:\/\/secure.gravatar.com\/avatar\/3813f53848958b8842eeafda91666185a90010f65ed554379b78794cde6f234a?s=96&d=mm&r=g\",\"caption\":\"admin\"},\"sameAs\":[\"https:\/\/madeirasradial.com.br\/blog\"],\"url\":\"https:\/\/www.madeirasradial.com.br\/blog\/author\/admin\/\"}]}<\/script>\n<!-- \/ Yoast SEO plugin. -->","yoast_head_json":{"title":"Saiba onde comprar verniz em Diadema - Madeiras Radial","robots":{"index":"index","follow":"follow","max-snippet":"max-snippet:-1","max-image-preview":"max-image-preview:large","max-video-preview":"max-video-preview:-1"},"canonical":"https:\/\/www.madeirasradial.com.br\/blog\/verniz\/saiba-onde-comprar-verniz-em-diadema\/","og_locale":"pt_BR","og_type":"article","og_title":"Saiba onde comprar verniz em Diadema - Madeiras Radial","og_description":"Tempo de leitura 2 minutos Descubra onde comprar verniz de alta qualidade e aprenda sobre suas diversas aplica\u00e7\u00f5es. Confira o artigo! Ao pensar em projetos de carpintaria ou renova\u00e7\u00e3o de m\u00f3veis, uma quest\u00e3o frequente \u00e9 onde comprar verniz de qualidade. O verniz n\u00e3o s\u00f3 melhora...","og_url":"https:\/\/www.madeirasradial.com.br\/blog\/verniz\/saiba-onde-comprar-verniz-em-diadema\/","og_site_name":"Madeiras Radial","article_published_time":"2023-12-01T12:59:15+00:00","article_modified_time":"2023-12-01T12:59:36+00:00","og_image":[{"width":1000,"height":667,"url":"https:\/\/www.madeirasradial.com.br\/blog\/wp-content\/uploads\/2023\/12\/processo-de-renovacao-da-cerca-em-dia-ensolarado-pelo-homem-em-luvas-de-protecao.jpg","type":"image\/jpeg"}],"author":"admin","twitter_card":"summary_large_image","twitter_misc":{"Escrito por":"admin","Est. tempo de leitura":"2 minutos"},"schema":{"@context":"https:\/\/schema.org","@graph":[{"@type":"Article","@id":"https:\/\/www.madeirasradial.com.br\/blog\/verniz\/saiba-onde-comprar-verniz-em-diadema\/#article","isPartOf":{"@id":"https:\/\/www.madeirasradial.com.br\/blog\/verniz\/saiba-onde-comprar-verniz-em-diadema\/"},"author":{"name":"admin","@id":"https:\/\/www.madeirasradial.com.br\/blog\/#\/schema\/person\/112c22676c0df61d87d28e82ec250e9e"},"headline":"Saiba onde comprar verniz em Diadema","datePublished":"2023-12-01T12:59:15+00:00","dateModified":"2023-12-01T12:59:36+00:00","mainEntityOfPage":{"@id":"https:\/\/www.madeirasradial.com.br\/blog\/verniz\/saiba-onde-comprar-verniz-em-diadema\/"},"wordCount":470,"commentCount":0,"publisher":{"@id":"https:\/\/www.madeirasradial.com.br\/blog\/#organization"},"image":{"@id":"https:\/\/www.madeirasradial.com.br\/blog\/verniz\/saiba-onde-comprar-verniz-em-diadema\/#primaryimage"},"thumbnailUrl":"https:\/\/www.madeirasradial.com.br\/blog\/wp-content\/uploads\/2023\/12\/processo-de-renovacao-da-cerca-em-dia-ensolarado-pelo-homem-em-luvas-de-protecao.jpg","keywords":["comprar verniz","distribuidor de verniz","distribuidora de verniz","empresa de verniz","f\u00e1brica de verniz","fabricante de verniz","fornecedor de verniz","loja de verniz","onde encontrar verniz","revendedor de verniz","verniz direto da fabrica","verniz em american\u00f3polis","verniz em diadema","verniz em promo\u00e7\u00e3o","verniz em s\u00e3o paulo","verniz em sp","verniz na cidade ademar","verniz na cupec\u00ea","verniz na zona sul","verniz no jardim miriam","verniz perto de mim","verniz pre\u00e7o","verniz pr\u00f3ximo a mim"],"articleSection":["Verniz"],"inLanguage":"pt-BR","potentialAction":[{"@type":"CommentAction","name":"Comment","target":["https:\/\/www.madeirasradial.com.br\/blog\/verniz\/saiba-onde-comprar-verniz-em-diadema\/#respond"]}]},{"@type":"WebPage","@id":"https:\/\/www.madeirasradial.com.br\/blog\/verniz\/saiba-onde-comprar-verniz-em-diadema\/","url":"https:\/\/www.madeirasradial.com.br\/blog\/verniz\/saiba-onde-comprar-verniz-em-diadema\/","name":"Saiba onde comprar verniz em Diadema - Madeiras Radial","isPartOf":{"@id":"https:\/\/www.madeirasradial.com.br\/blog\/#website"},"primaryImageOfPage":{"@id":"https:\/\/www.madeirasradial.com.br\/blog\/verniz\/saiba-onde-comprar-verniz-em-diadema\/#primaryimage"},"image":{"@id":"https:\/\/www.madeirasradial.com.br\/blog\/verniz\/saiba-onde-comprar-verniz-em-diadema\/#primaryimage"},"thumbnailUrl":"https:\/\/www.madeirasradial.com.br\/blog\/wp-content\/uploads\/2023\/12\/processo-de-renovacao-da-cerca-em-dia-ensolarado-pelo-homem-em-luvas-de-protecao.jpg","datePublished":"2023-12-01T12:59:15+00:00","dateModified":"2023-12-01T12:59:36+00:00","breadcrumb":{"@id":"https:\/\/www.madeirasradial.com.br\/blog\/verniz\/saiba-onde-comprar-verniz-em-diadema\/#breadcrumb"},"inLanguage":"pt-BR","potentialAction":[{"@type":"ReadAction","target":["https:\/\/www.madeirasradial.com.br\/blog\/verniz\/saiba-onde-comprar-verniz-em-diadema\/"]}]},{"@type":"ImageObject","inLanguage":"pt-BR","@id":"https:\/\/www.madeirasradial.com.br\/blog\/verniz\/saiba-onde-comprar-verniz-em-diadema\/#primaryimage","url":"https:\/\/www.madeirasradial.com.br\/blog\/wp-content\/uploads\/2023\/12\/processo-de-renovacao-da-cerca-em-dia-ensolarado-pelo-homem-em-luvas-de-protecao.jpg","contentUrl":"https:\/\/www.madeirasradial.com.br\/blog\/wp-content\/uploads\/2023\/12\/processo-de-renovacao-da-cerca-em-dia-ensolarado-pelo-homem-em-luvas-de-protecao.jpg","width":1000,"height":667,"caption":"Saiba onde comprar verniz em Diadema"},{"@type":"BreadcrumbList","@id":"https:\/\/www.madeirasradial.com.br\/blog\/verniz\/saiba-onde-comprar-verniz-em-diadema\/#breadcrumb","itemListElement":[{"@type":"ListItem","position":1,"name":"In\u00edcio","item":"https:\/\/www.madeirasradial.com.br\/blog\/"},{"@type":"ListItem","position":2,"name":"Saiba onde comprar verniz em Diadema"}]},{"@type":"WebSite","@id":"https:\/\/www.madeirasradial.com.br\/blog\/#website","url":"https:\/\/www.madeirasradial.com.br\/blog\/","name":"Madeiras Radial","description":"Blog","publisher":{"@id":"https:\/\/www.madeirasradial.com.br\/blog\/#organization"},"potentialAction":[{"@type":"SearchAction","target":{"@type":"EntryPoint","urlTemplate":"https:\/\/www.madeirasradial.com.br\/blog\/?s={search_term_string}"},"query-input":"required name=search_term_string"}],"inLanguage":"pt-BR"},{"@type":"Organization","@id":"https:\/\/www.madeirasradial.com.br\/blog\/#organization","name":"Madeiras Radial","url":"https:\/\/www.madeirasradial.com.br\/blog\/","logo":{"@type":"ImageObject","inLanguage":"pt-BR","@id":"https:\/\/www.madeirasradial.com.br\/blog\/#\/schema\/logo\/image\/","url":"https:\/\/www.madeirasradial.com.br\/blog\/wp-content\/uploads\/2022\/04\/logo-sas.png","contentUrl":"https:\/\/www.madeirasradial.com.br\/blog\/wp-content\/uploads\/2022\/04\/logo-sas.png","width":640,"height":123,"caption":"Madeiras Radial"},"image":{"@id":"https:\/\/www.madeirasradial.com.br\/blog\/#\/schema\/logo\/image\/"}},{"@type":"Person","@id":"https:\/\/www.madeirasradial.com.br\/blog\/#\/schema\/person\/112c22676c0df61d87d28e82ec250e9e","name":"admin","image":{"@type":"ImageObject","inLanguage":"pt-BR","@id":"https:\/\/www.madeirasradial.com.br\/blog\/#\/schema\/person\/image\/","url":"https:\/\/secure.gravatar.com\/avatar\/3813f53848958b8842eeafda91666185a90010f65ed554379b78794cde6f234a?s=96&d=mm&r=g","contentUrl":"https:\/\/secure.gravatar.com\/avatar\/3813f53848958b8842eeafda91666185a90010f65ed554379b78794cde6f234a?s=96&d=mm&r=g","caption":"admin"},"sameAs":["https:\/\/madeirasradial.com.br\/blog"],"url":"https:\/\/www.madeirasradial.com.br\/blog\/author\/admin\/"}]}},"_links":{"self":[{"href":"https:\/\/www.madeirasradial.com.br\/blog\/wp-json\/wp\/v2\/posts\/294","targetHints":{"allow":["GET"]}}],"collection":[{"href":"https:\/\/www.madeirasradial.com.br\/blog\/wp-json\/wp\/v2\/posts"}],"about":[{"href":"https:\/\/www.madeirasradial.com.br\/blog\/wp-json\/wp\/v2\/types\/post"}],"author":[{"embeddable":true,"href":"https:\/\/www.madeirasradial.com.br\/blog\/wp-json\/wp\/v2\/users\/1"}],"replies":[{"embeddable":true,"href":"https:\/\/www.madeirasradial.com.br\/blog\/wp-json\/wp\/v2\/comments?post=294"}],"version-history":[{"count":1,"href":"https:\/\/www.madeirasradial.com.br\/blog\/wp-json\/wp\/v2\/posts\/294\/revisions"}],"predecessor-version":[{"id":297,"href":"https:\/\/www.madeirasradial.com.br\/blog\/wp-json\/wp\/v2\/posts\/294\/revisions\/297"}],"wp:featuredmedia":[{"embeddable":true,"href":"https:\/\/www.madeirasradial.com.br\/blog\/wp-json\/wp\/v2\/media\/296"}],"wp:attachment":[{"href":"https:\/\/www.madeirasradial.com.br\/blog\/wp-json\/wp\/v2\/media?parent=294"}],"wp:term":[{"taxonomy":"category","embeddable":true,"href":"https:\/\/www.madeirasradial.com.br\/blog\/wp-json\/wp\/v2\/categories?post=294"},{"taxonomy":"post_tag","embeddable":true,"href":"https:\/\/www.madeirasradial.com.br\/blog\/wp-json\/wp\/v2\/tags?post=294"}],"curies":[{"name":"wp","href":"https:\/\/api.w.org\/{rel}","templated":true}]}}