{"id":370,"date":"2025-03-14T18:50:36","date_gmt":"2025-03-14T18:50:36","guid":{"rendered":"https:\/\/www.madeirasradial.com.br\/blog\/?p=370"},"modified":"2025-03-14T18:51:25","modified_gmt":"2025-03-14T18:51:25","slug":"mdf-cortado-sob-medida-aposte-em-personalizacao-e-eficiencia-para-o-seu-projeto","status":"publish","type":"post","link":"https:\/\/www.madeirasradial.com.br\/blog\/corte-de-mdf\/mdf-cortado-sob-medida-aposte-em-personalizacao-e-eficiencia-para-o-seu-projeto\/","title":{"rendered":"MDF cortado sob medida: aposte em personaliza\u00e7\u00e3o e efici\u00eancia para o seu projeto"},"content":{"rendered":"<span class=\"rt-reading-time\" style=\"display: block;\"><span class=\"rt-label rt-prefix\">Tempo de leitura<\/span> <span class=\"rt-time\">3<\/span> <span class=\"rt-label rt-postfix\">minutos<\/span><\/span>\n<p class=\"has-medium-font-size\"><strong><em>O MDF cortado sob medida garante personaliza\u00e7\u00e3o e efici\u00eancia para m\u00f3veis e projetos diversos. Saiba as vantagens desse servi\u00e7o!<\/em><\/strong><\/p>\n\n\n\n<p>O MDF \u00e9 um material amplamente utilizado na marcenaria e no design de interiores. Vers\u00e1til e resistente, ele pode compor m\u00f3veis, pain\u00e9is decorativos, revestimentos e diversas outras aplica\u00e7\u00f5es.<\/p>\n\n\n\n<p>No entanto, para que o MDF possa ser aproveitado ao m\u00e1ximo, o corte sob medida \u00e9 essencial. Isso porque a precis\u00e3o no corte garante um encaixe perfeito, evitando desperd\u00edcios e garantindo um acabamento impec\u00e1vel.<\/p>\n\n\n\n<p>Seja para produ\u00e7\u00e3o de m\u00f3veis sob medida ou para adapta\u00e7\u00e3o de pe\u00e7as j\u00e1 existentes, contar com um servi\u00e7o especializado em MDF cortado sob medida faz toda a diferen\u00e7a no resultado final.<\/p>\n\n\n\n<div id=\"ez-toc-container\" class=\"ez-toc-v2_0_67_1 counter-hierarchy ez-toc-counter ez-toc-grey ez-toc-container-direction\">\n<div class=\"ez-toc-title-container\">\n<p class=\"ez-toc-title \" >T&oacute;picos do artigo<\/p>\n<span class=\"ez-toc-title-toggle\"><a href=\"#\" class=\"ez-toc-pull-right ez-toc-btn ez-toc-btn-xs ez-toc-btn-default ez-toc-toggle\" aria-label=\"Toggle Table of Content\"><span class=\"ez-toc-js-icon-con\"><span class=\"\"><span class=\"eztoc-hide\" style=\"display:none;\">Toggle<\/span><span class=\"ez-toc-icon-toggle-span\"><svg style=\"fill: #999;color:#999\" xmlns=\"http:\/\/www.w3.org\/2000\/svg\" class=\"list-377408\" width=\"20px\" height=\"20px\" viewBox=\"0 0 24 24\" fill=\"none\"><path d=\"M6 6H4v2h2V6zm14 0H8v2h12V6zM4 11h2v2H4v-2zm16 0H8v2h12v-2zM4 16h2v2H4v-2zm16 0H8v2h12v-2z\" fill=\"currentColor\"><\/path><\/svg><svg style=\"fill: #999;color:#999\" class=\"arrow-unsorted-368013\" xmlns=\"http:\/\/www.w3.org\/2000\/svg\" width=\"10px\" height=\"10px\" viewBox=\"0 0 24 24\" version=\"1.2\" baseProfile=\"tiny\"><path d=\"M18.2 9.3l-6.2-6.3-6.2 6.3c-.2.2-.3.4-.3.7s.1.5.3.7c.2.2.4.3.7.3h11c.3 0 .5-.1.7-.3.2-.2.3-.5.3-.7s-.1-.5-.3-.7zM5.8 14.7l6.2 6.3 6.2-6.3c.2-.2.3-.5.3-.7s-.1-.5-.3-.7c-.2-.2-.4-.3-.7-.3h-11c-.3 0-.5.1-.7.3-.2.2-.3.5-.3.7s.1.5.3.7z\"\/><\/svg><\/span><\/span><\/span><\/a><\/span><\/div>\n<nav><ul class='ez-toc-list ez-toc-list-level-1 ' ><li class='ez-toc-page-1 ez-toc-heading-level-2'><a class=\"ez-toc-link ez-toc-heading-1\" href=\"https:\/\/www.madeirasradial.com.br\/blog\/corte-de-mdf\/mdf-cortado-sob-medida-aposte-em-personalizacao-e-eficiencia-para-o-seu-projeto\/#Vantagens_do_MDF_cortado_sob_medida\" title=\"Vantagens do MDF cortado sob medida\">Vantagens do MDF cortado sob medida<\/a><\/li><li class='ez-toc-page-1 ez-toc-heading-level-2'><a class=\"ez-toc-link ez-toc-heading-2\" href=\"https:\/\/www.madeirasradial.com.br\/blog\/corte-de-mdf\/mdf-cortado-sob-medida-aposte-em-personalizacao-e-eficiencia-para-o-seu-projeto\/#Onde_usar_o_MDF_cortado_sob_medida\" title=\"Onde usar o MDF cortado sob medida?\">Onde usar o MDF cortado sob medida?<\/a><ul class='ez-toc-list-level-4' ><li class='ez-toc-heading-level-4'><ul class='ez-toc-list-level-4' ><li class='ez-toc-heading-level-4'><a class=\"ez-toc-link ez-toc-heading-3\" href=\"https:\/\/www.madeirasradial.com.br\/blog\/corte-de-mdf\/mdf-cortado-sob-medida-aposte-em-personalizacao-e-eficiencia-para-o-seu-projeto\/#Moveis_planejados\" title=\"M\u00f3veis planejados\">M\u00f3veis planejados<\/a><\/li><li class='ez-toc-page-1 ez-toc-heading-level-4'><a class=\"ez-toc-link ez-toc-heading-4\" href=\"https:\/\/www.madeirasradial.com.br\/blog\/corte-de-mdf\/mdf-cortado-sob-medida-aposte-em-personalizacao-e-eficiencia-para-o-seu-projeto\/#Paineis_decorativos_e_revestimentos\" title=\"Pain\u00e9is decorativos e revestimentos\">Pain\u00e9is decorativos e revestimentos<\/a><\/li><li class='ez-toc-page-1 ez-toc-heading-level-4'><a class=\"ez-toc-link ez-toc-heading-5\" href=\"https:\/\/www.madeirasradial.com.br\/blog\/corte-de-mdf\/mdf-cortado-sob-medida-aposte-em-personalizacao-e-eficiencia-para-o-seu-projeto\/#Componentes_para_marcenaria_e_industria_moveleira\" title=\"Componentes para marcenaria e ind\u00fastria moveleira\">Componentes para marcenaria e ind\u00fastria moveleira<\/a><\/li><li class='ez-toc-page-1 ez-toc-heading-level-4'><a class=\"ez-toc-link ez-toc-heading-6\" href=\"https:\/\/www.madeirasradial.com.br\/blog\/corte-de-mdf\/mdf-cortado-sob-medida-aposte-em-personalizacao-e-eficiencia-para-o-seu-projeto\/#Projetos_especiais_e_DIY\" title=\"Projetos especiais e DIY\">Projetos especiais e DIY<\/a><\/li><\/ul><\/li><\/ul><\/li><li class='ez-toc-page-1 ez-toc-heading-level-2'><a class=\"ez-toc-link ez-toc-heading-7\" href=\"https:\/\/www.madeirasradial.com.br\/blog\/corte-de-mdf\/mdf-cortado-sob-medida-aposte-em-personalizacao-e-eficiencia-para-o-seu-projeto\/#Dicas_para_escolher_um_bom_servico_de_corte_em_MDF\" title=\"Dicas para escolher um bom servi\u00e7o de corte em MDF\">Dicas para escolher um bom servi\u00e7o de corte em MDF<\/a><\/li><li class='ez-toc-page-1 ez-toc-heading-level-2'><a class=\"ez-toc-link ez-toc-heading-8\" href=\"https:\/\/www.madeirasradial.com.br\/blog\/corte-de-mdf\/mdf-cortado-sob-medida-aposte-em-personalizacao-e-eficiencia-para-o-seu-projeto\/#Por_que_escolher_a_Madeiras_Radial_para_o_MDF_cortado_sob_medida\" title=\"Por que escolher a Madeiras Radial para o MDF cortado sob medida?\">Por que escolher a Madeiras Radial para o MDF cortado sob medida?<\/a><ul class='ez-toc-list-level-3' ><li class='ez-toc-heading-level-3'><a class=\"ez-toc-link ez-toc-heading-9\" href=\"https:\/\/www.madeirasradial.com.br\/blog\/corte-de-mdf\/mdf-cortado-sob-medida-aposte-em-personalizacao-e-eficiencia-para-o-seu-projeto\/#Diferenciais_da_Madeiras_Radial\" title=\"Diferenciais da Madeiras Radial:\">Diferenciais da Madeiras Radial:<\/a><\/li><\/ul><\/li><\/ul><\/nav><\/div>\n<h2 class=\"wp-block-heading\"><span class=\"ez-toc-section\" id=\"Vantagens_do_MDF_cortado_sob_medida\"><\/span><strong>Vantagens do MDF cortado sob medida<\/strong><span class=\"ez-toc-section-end\"><\/span><\/h2>\n\n\n\n<p>O MDF cortado sob medida oferece <strong>agilidade<\/strong>, pois as chapas chegam prontas para montagem, eliminando cortes manuais. Al\u00e9m disso, garante <strong>precis\u00e3o e acabamento perfeito<\/strong>, sem rebarbas ou desalinhamentos, evitando retrabalhos.<\/p>\n\n\n\n<p>A <strong>personaliza\u00e7\u00e3o<\/strong> permite criar formatos espec\u00edficos, ajustando-se exatamente ao projeto. Tamb\u00e9m h\u00e1 <strong>redu\u00e7\u00e3o de desperd\u00edcios<\/strong>, j\u00e1 que o material \u00e9 melhor aproveitado, diminuindo custos.<\/p>\n\n\n\n<p>Por fim, cortes bem-feitos garantem <strong>mais durabilidade e estabilidade<\/strong>, evitando empenamentos e aumentando a vida \u00fatil dos m\u00f3veis. Com isso, o MDF sob medida traz mais <strong>efici\u00eancia, economia e qualidade<\/strong> ao projeto.<\/p>\n\n\n\n<ul class=\"wp-block-list\">\n<li><a href=\"https:\/\/www.madeirasradial.com.br\/blog\/tabuas-de-pinus\/tabua-de-madeira-de-pinus-a-solucao-ideal-para-projetos-que-requerem-versatilidade-e-alta-durabilidade\/\">T\u00e1bua de madeira de pinus: a solu\u00e7\u00e3o ideal para projetos que requerem versatilidade e alta durabilidade<\/a><\/li>\n<\/ul>\n\n\n\n<h2 class=\"wp-block-heading\"><span class=\"ez-toc-section\" id=\"Onde_usar_o_MDF_cortado_sob_medida\"><\/span><strong>Onde usar o MDF cortado sob medida?<\/strong><span class=\"ez-toc-section-end\"><\/span><\/h2>\n\n\n\n<p>O MDF cortado sob medida pode ser aplicado em diversos tipos de projetos. Veja algumas das principais aplica\u00e7\u00f5es desse servi\u00e7o:<\/p>\n\n\n\n<h4 class=\"wp-block-heading\"><span class=\"ez-toc-section\" id=\"Moveis_planejados\"><\/span><strong>M\u00f3veis planejados<\/strong><span class=\"ez-toc-section-end\"><\/span><\/h4>\n\n\n\n<p>A principal aplica\u00e7\u00e3o do MDF cortado sob medida est\u00e1 na fabrica\u00e7\u00e3o de m\u00f3veis planejados. Com ele, \u00e9 poss\u00edvel criar pe\u00e7as personalizadas para cozinhas, quartos, banheiros, salas e escrit\u00f3rios, garantindo um encaixe perfeito nos espa\u00e7os dispon\u00edveis.<\/p>\n\n\n\n<h4 class=\"wp-block-heading\"><span class=\"ez-toc-section\" id=\"Paineis_decorativos_e_revestimentos\"><\/span><strong>Pain\u00e9is decorativos e revestimentos<\/strong><span class=\"ez-toc-section-end\"><\/span><\/h4>\n\n\n\n<p>Outra utiliza\u00e7\u00e3o comum \u00e9 na produ\u00e7\u00e3o de pain\u00e9is decorativos e revestimentos de parede. Com o corte sob medida, \u00e9 poss\u00edvel criar padr\u00f5es geom\u00e9tricos, texturizados e personalizados que agregam sofistica\u00e7\u00e3o aos ambientes.<\/p>\n\n\n\n<h4 class=\"wp-block-heading\"><span class=\"ez-toc-section\" id=\"Componentes_para_marcenaria_e_industria_moveleira\"><\/span><strong>Componentes para marcenaria e ind\u00fastria moveleira<\/strong><span class=\"ez-toc-section-end\"><\/span><\/h4>\n\n\n\n<p>Marcenarias e ind\u00fastrias moveleiras se beneficiam do MDF cortado sob medida para otimizar sua produ\u00e7\u00e3o. Com as pe\u00e7as previamente cortadas, os processos de montagem se tornam mais r\u00e1pidos e eficientes.<\/p>\n\n\n\n<h4 class=\"wp-block-heading\"><span class=\"ez-toc-section\" id=\"Projetos_especiais_e_DIY\"><\/span><strong>Projetos especiais e DIY<\/strong><span class=\"ez-toc-section-end\"><\/span><\/h4>\n\n\n\n<p>Quem gosta de criar m\u00f3veis ou pe\u00e7as decorativas em casa tamb\u00e9m pode aproveitar o servi\u00e7o de corte de MDF. Com ele, \u00e9 poss\u00edvel desenvolver nichos, prateleiras, mesas e at\u00e9 brinquedos de maneira personalizada.<\/p>\n\n\n\n<h2 class=\"wp-block-heading\"><span class=\"ez-toc-section\" id=\"Dicas_para_escolher_um_bom_servico_de_corte_em_MDF\"><\/span><strong>Dicas para escolher um bom servi\u00e7o de corte em MDF<\/strong><span class=\"ez-toc-section-end\"><\/span><\/h2>\n\n\n\n<p>Para escolher um bom servi\u00e7o de corte em MDF, verifique a <strong>qualidade dos equipamentos<\/strong> utilizados, pois m\u00e1quinas de precis\u00e3o garantem cortes sem falhas e um acabamento profissional.&nbsp;<\/p>\n\n\n<div class=\"wp-block-image\">\n<figure class=\"alignright size-full is-resized\"><img loading=\"lazy\" decoding=\"async\" width=\"600\" height=\"400\" src=\"https:\/\/www.madeirasradial.com.br\/blog\/wp-content\/uploads\/2022\/11\/errosnasmarcenarias_marcenaria_marceneiro.webp\" alt=\"MDF cortado sob medida: aposte em personaliza\u00e7\u00e3o e efici\u00eancia para o seu projeto\n\" class=\"wp-image-149\" style=\"width:268px;height:auto\"\/><\/figure>\n<\/div>\n\n\n<p>Avalie tamb\u00e9m a <strong>experi\u00eancia da empresa<\/strong>, analisando trabalhos anteriores e buscando recomenda\u00e7\u00f5es de clientes.<\/p>\n\n\n\n<p>Outro ponto essencial \u00e9 a <strong>variedade de servi\u00e7os oferecidos<\/strong>, como cortes personalizados e acabamentos diferenciados, que podem agregar valor ao seu projeto.&nbsp;<\/p>\n\n\n\n<p>Al\u00e9m disso, um <strong>bom atendimento e prazos de entrega confi\u00e1veis<\/strong> fazem toda a diferen\u00e7a para evitar atrasos e garantir um processo tranquilo.<\/p>\n\n\n\n<p>Por fim, compare <strong>custo-benef\u00edcio<\/strong>, levando em conta n\u00e3o apenas o pre\u00e7o, mas tamb\u00e9m a precis\u00e3o, a qualidade do material e a reputa\u00e7\u00e3o da empresa.<\/p>\n\n\n\n<ul class=\"wp-block-list\">\n<li><a href=\"https:\/\/www.madeirasradial.com.br\/blog\/compensados\/chapa-de-compensado-naval-resistencia-e-durabilidade-para-diferentes-aplicacoes\/\">Chapa de compensado naval: resist\u00eancia e durabilidade para diferentes aplica\u00e7\u00f5es<\/a><\/li>\n<\/ul>\n\n\n\n<h2 class=\"wp-block-heading\"><span class=\"ez-toc-section\" id=\"Por_que_escolher_a_Madeiras_Radial_para_o_MDF_cortado_sob_medida\"><\/span><strong>Por que escolher a Madeiras Radial para o MDF cortado sob medida?<\/strong><span class=\"ez-toc-section-end\"><\/span><\/h2>\n\n\n\n<p>Quando se trata de MDF cortado sob medida, a <strong>Madeiras Radial<\/strong> se destaca como uma das melhores op\u00e7\u00f5es do mercado. A empresa oferece um servi\u00e7o de alta qualidade, com precis\u00e3o, agilidade e personaliza\u00e7\u00e3o para atender \u00e0s necessidades de cada cliente.<\/p>\n\n\n\n<h3 class=\"wp-block-heading\"><span class=\"ez-toc-section\" id=\"Diferenciais_da_Madeiras_Radial\"><\/span><strong>Diferenciais da Madeiras Radial:<\/strong><span class=\"ez-toc-section-end\"><\/span><\/h3>\n\n\n\n<ul class=\"wp-block-list\">\n<li><strong>Equipamentos de \u00faltima gera\u00e7\u00e3o:<\/strong> cortes precisos e sem imperfei\u00e7\u00f5es;<\/li>\n\n\n\n<li><strong>Equipe especializada:<\/strong> profissionais altamente capacitados para garantir um servi\u00e7o impec\u00e1vel;<\/li>\n\n\n\n<li><strong>Variedade de acabamentos:<\/strong> op\u00e7\u00f5es de cortes retos, angulares e personalizados;<\/li>\n\n\n\n<li><strong>Atendimento diferenciado:<\/strong> suporte para entender suas necessidades e garantir o melhor resultado para o seu projeto;<\/li>\n\n\n\n<li><strong>\u00d3tima rela\u00e7\u00e3o custo-benef\u00edcio:<\/strong> qualidade e efici\u00eancia que fazem a diferen\u00e7a no seu investimento.<\/li>\n<\/ul>\n\n\n\n<p>Se voc\u00ea busca um servi\u00e7o de <strong>MDF cortado sob medida<\/strong> com excel\u00eancia, <a href=\"https:\/\/www.madeirasradial.com.br\/contato\">entre em contato<\/a> com a <strong>Madeiras Radial<\/strong> e solicite um or\u00e7amento agora mesmo!<\/p>\n","protected":false},"excerpt":{"rendered":"<p><span class=\"rt-reading-time\" style=\"display: block;\"><span class=\"rt-label rt-prefix\">Tempo de leitura<\/span> <span class=\"rt-time\">3<\/span> <span class=\"rt-label rt-postfix\">minutos<\/span><\/span> O MDF cortado sob medida garante personaliza\u00e7\u00e3o e efici\u00eancia para m\u00f3veis e projetos diversos. Saiba as vantagens desse servi\u00e7o! O MDF \u00e9 um material amplamente utilizado na marcenaria e no design de interiores. Vers\u00e1til e resistente, ele pode compor m\u00f3veis,&#8230;<\/p>\n","protected":false},"author":1,"featured_media":371,"comment_status":"open","ping_status":"open","sticky":false,"template":"","format":"standard","meta":{"footnotes":""},"categories":[794],"tags":[948,961,955,949,958,953,960,163,635,954,634,959,951,950,956,957,952,947],"class_list":["post-370","post","type-post","status-publish","format-standard","has-post-thumbnail","hentry","category-corte-de-mdf","tag-corte-de-madeira-mdf-sob-medida","tag-corte-de-mdf-sp","tag-corte-mdf-profissional","tag-eficiencia-no-corte-mdf","tag-madeira-mdf-personalizada","tag-marcenaria-mdf","tag-mdf-cortado-para-moveis","tag-mdf-cortado-sob-medida","tag-mdf-para-marcenaria","tag-mdf-sem-rebarbas","tag-mdf-sob-medida","tag-mdf-sob-medida-preco","tag-melhor-corte-mdf","tag-moveis-planejados-mdf","tag-moveis-sob-medida-mdf","tag-painel-mdf-sob-medida","tag-personalizacao-mdf","tag-servico-de-corte-em-mdf"],"yoast_head":"<!-- This site is optimized with the Yoast SEO plugin v23.0 - https:\/\/yoast.com\/wordpress\/plugins\/seo\/ -->\n<title>MDF cortado sob medida: aposte em personaliza\u00e7\u00e3o e efici\u00eancia para o seu projeto - Madeiras Radial<\/title>\n<meta name=\"description\" content=\"O MDF cortado sob medida garante personaliza\u00e7\u00e3o e efici\u00eancia para m\u00f3veis e projetos diversos. Saiba as vantagens desse servi\u00e7o!\" \/>\n<meta name=\"robots\" content=\"index, follow, max-snippet:-1, max-image-preview:large, max-video-preview:-1\" \/>\n<link rel=\"canonical\" href=\"https:\/\/www.madeirasradial.com.br\/blog\/corte-de-mdf\/mdf-cortado-sob-medida-aposte-em-personalizacao-e-eficiencia-para-o-seu-projeto\/\" \/>\n<meta property=\"og:locale\" content=\"pt_BR\" \/>\n<meta property=\"og:type\" content=\"article\" \/>\n<meta property=\"og:title\" content=\"MDF cortado sob medida: aposte em personaliza\u00e7\u00e3o e efici\u00eancia para o seu projeto - Madeiras Radial\" \/>\n<meta property=\"og:description\" content=\"O MDF cortado sob medida garante personaliza\u00e7\u00e3o e efici\u00eancia para m\u00f3veis e projetos diversos. Saiba as vantagens desse servi\u00e7o!\" \/>\n<meta property=\"og:url\" content=\"https:\/\/www.madeirasradial.com.br\/blog\/corte-de-mdf\/mdf-cortado-sob-medida-aposte-em-personalizacao-e-eficiencia-para-o-seu-projeto\/\" \/>\n<meta property=\"og:site_name\" content=\"Madeiras Radial\" \/>\n<meta property=\"article:published_time\" content=\"2025-03-14T18:50:36+00:00\" \/>\n<meta property=\"article:modified_time\" content=\"2025-03-14T18:51:25+00:00\" \/>\n<meta property=\"og:image\" content=\"https:\/\/www.madeirasradial.com.br\/blog\/wp-content\/uploads\/2025\/03\/vista-lateral-de-uma-carpinteira-no-estudio-usando-uma-serra-eletrica_23-2148813332.jpg\" \/>\n\t<meta property=\"og:image:width\" content=\"1380\" \/>\n\t<meta property=\"og:image:height\" content=\"776\" \/>\n\t<meta property=\"og:image:type\" content=\"image\/jpeg\" \/>\n<meta name=\"author\" content=\"admin\" \/>\n<meta name=\"twitter:card\" content=\"summary_large_image\" \/>\n<meta name=\"twitter:label1\" content=\"Escrito por\" \/>\n\t<meta name=\"twitter:data1\" content=\"admin\" \/>\n\t<meta name=\"twitter:label2\" content=\"Est. tempo de leitura\" \/>\n\t<meta name=\"twitter:data2\" content=\"5 minutos\" \/>\n<script type=\"application\/ld+json\" class=\"yoast-schema-graph\">{\"@context\":\"https:\/\/schema.org\",\"@graph\":[{\"@type\":\"Article\",\"@id\":\"https:\/\/www.madeirasradial.com.br\/blog\/corte-de-mdf\/mdf-cortado-sob-medida-aposte-em-personalizacao-e-eficiencia-para-o-seu-projeto\/#article\",\"isPartOf\":{\"@id\":\"https:\/\/www.madeirasradial.com.br\/blog\/corte-de-mdf\/mdf-cortado-sob-medida-aposte-em-personalizacao-e-eficiencia-para-o-seu-projeto\/\"},\"author\":{\"name\":\"admin\",\"@id\":\"https:\/\/www.madeirasradial.com.br\/blog\/#\/schema\/person\/112c22676c0df61d87d28e82ec250e9e\"},\"headline\":\"MDF cortado sob medida: aposte em personaliza\u00e7\u00e3o e efici\u00eancia para o seu projeto\",\"datePublished\":\"2025-03-14T18:50:36+00:00\",\"dateModified\":\"2025-03-14T18:51:25+00:00\",\"mainEntityOfPage\":{\"@id\":\"https:\/\/www.madeirasradial.com.br\/blog\/corte-de-mdf\/mdf-cortado-sob-medida-aposte-em-personalizacao-e-eficiencia-para-o-seu-projeto\/\"},\"wordCount\":762,\"commentCount\":0,\"publisher\":{\"@id\":\"https:\/\/www.madeirasradial.com.br\/blog\/#organization\"},\"image\":{\"@id\":\"https:\/\/www.madeirasradial.com.br\/blog\/corte-de-mdf\/mdf-cortado-sob-medida-aposte-em-personalizacao-e-eficiencia-para-o-seu-projeto\/#primaryimage\"},\"thumbnailUrl\":\"https:\/\/www.madeirasradial.com.br\/blog\/wp-content\/uploads\/2025\/03\/vista-lateral-de-uma-carpinteira-no-estudio-usando-uma-serra-eletrica_23-2148813332.jpg\",\"keywords\":[\"corte de madeira MDF sob medida\",\"corte de MDF SP\",\"corte MDF profissional\",\"efici\u00eancia no corte MDF\",\"madeira MDF personalizada\",\"marcenaria MDF\",\"MDF cortado para m\u00f3veis\",\"MDF cortado sob medida\",\"MDF para marcenaria\",\"MDF sem rebarbas\",\"MDF sob medida\",\"MDF sob medida pre\u00e7o\",\"melhor corte MDF\",\"m\u00f3veis planejados MDF\",\"m\u00f3veis sob medida MDF\",\"painel MDF sob medida\",\"personaliza\u00e7\u00e3o MDF\",\"servi\u00e7o de corte em MDF\"],\"articleSection\":[\"Corte de MDF\"],\"inLanguage\":\"pt-BR\",\"potentialAction\":[{\"@type\":\"CommentAction\",\"name\":\"Comment\",\"target\":[\"https:\/\/www.madeirasradial.com.br\/blog\/corte-de-mdf\/mdf-cortado-sob-medida-aposte-em-personalizacao-e-eficiencia-para-o-seu-projeto\/#respond\"]}]},{\"@type\":\"WebPage\",\"@id\":\"https:\/\/www.madeirasradial.com.br\/blog\/corte-de-mdf\/mdf-cortado-sob-medida-aposte-em-personalizacao-e-eficiencia-para-o-seu-projeto\/\",\"url\":\"https:\/\/www.madeirasradial.com.br\/blog\/corte-de-mdf\/mdf-cortado-sob-medida-aposte-em-personalizacao-e-eficiencia-para-o-seu-projeto\/\",\"name\":\"MDF cortado sob medida: aposte em personaliza\u00e7\u00e3o e efici\u00eancia para o seu projeto - Madeiras Radial\",\"isPartOf\":{\"@id\":\"https:\/\/www.madeirasradial.com.br\/blog\/#website\"},\"primaryImageOfPage\":{\"@id\":\"https:\/\/www.madeirasradial.com.br\/blog\/corte-de-mdf\/mdf-cortado-sob-medida-aposte-em-personalizacao-e-eficiencia-para-o-seu-projeto\/#primaryimage\"},\"image\":{\"@id\":\"https:\/\/www.madeirasradial.com.br\/blog\/corte-de-mdf\/mdf-cortado-sob-medida-aposte-em-personalizacao-e-eficiencia-para-o-seu-projeto\/#primaryimage\"},\"thumbnailUrl\":\"https:\/\/www.madeirasradial.com.br\/blog\/wp-content\/uploads\/2025\/03\/vista-lateral-de-uma-carpinteira-no-estudio-usando-uma-serra-eletrica_23-2148813332.jpg\",\"datePublished\":\"2025-03-14T18:50:36+00:00\",\"dateModified\":\"2025-03-14T18:51:25+00:00\",\"description\":\"O MDF cortado sob medida garante personaliza\u00e7\u00e3o e efici\u00eancia para m\u00f3veis e projetos diversos. Saiba as vantagens desse servi\u00e7o!\",\"breadcrumb\":{\"@id\":\"https:\/\/www.madeirasradial.com.br\/blog\/corte-de-mdf\/mdf-cortado-sob-medida-aposte-em-personalizacao-e-eficiencia-para-o-seu-projeto\/#breadcrumb\"},\"inLanguage\":\"pt-BR\",\"potentialAction\":[{\"@type\":\"ReadAction\",\"target\":[\"https:\/\/www.madeirasradial.com.br\/blog\/corte-de-mdf\/mdf-cortado-sob-medida-aposte-em-personalizacao-e-eficiencia-para-o-seu-projeto\/\"]}]},{\"@type\":\"ImageObject\",\"inLanguage\":\"pt-BR\",\"@id\":\"https:\/\/www.madeirasradial.com.br\/blog\/corte-de-mdf\/mdf-cortado-sob-medida-aposte-em-personalizacao-e-eficiencia-para-o-seu-projeto\/#primaryimage\",\"url\":\"https:\/\/www.madeirasradial.com.br\/blog\/wp-content\/uploads\/2025\/03\/vista-lateral-de-uma-carpinteira-no-estudio-usando-uma-serra-eletrica_23-2148813332.jpg\",\"contentUrl\":\"https:\/\/www.madeirasradial.com.br\/blog\/wp-content\/uploads\/2025\/03\/vista-lateral-de-uma-carpinteira-no-estudio-usando-uma-serra-eletrica_23-2148813332.jpg\",\"width\":1380,\"height\":776,\"caption\":\"MDF cortado sob medida: aposte em personaliza\u00e7\u00e3o e efici\u00eancia para o seu projeto\"},{\"@type\":\"BreadcrumbList\",\"@id\":\"https:\/\/www.madeirasradial.com.br\/blog\/corte-de-mdf\/mdf-cortado-sob-medida-aposte-em-personalizacao-e-eficiencia-para-o-seu-projeto\/#breadcrumb\",\"itemListElement\":[{\"@type\":\"ListItem\",\"position\":1,\"name\":\"In\u00edcio\",\"item\":\"https:\/\/www.madeirasradial.com.br\/blog\/\"},{\"@type\":\"ListItem\",\"position\":2,\"name\":\"MDF cortado sob medida: aposte em personaliza\u00e7\u00e3o e efici\u00eancia para o seu projeto\"}]},{\"@type\":\"WebSite\",\"@id\":\"https:\/\/www.madeirasradial.com.br\/blog\/#website\",\"url\":\"https:\/\/www.madeirasradial.com.br\/blog\/\",\"name\":\"Madeiras Radial\",\"description\":\"Blog\",\"publisher\":{\"@id\":\"https:\/\/www.madeirasradial.com.br\/blog\/#organization\"},\"potentialAction\":[{\"@type\":\"SearchAction\",\"target\":{\"@type\":\"EntryPoint\",\"urlTemplate\":\"https:\/\/www.madeirasradial.com.br\/blog\/?s={search_term_string}\"},\"query-input\":\"required name=search_term_string\"}],\"inLanguage\":\"pt-BR\"},{\"@type\":\"Organization\",\"@id\":\"https:\/\/www.madeirasradial.com.br\/blog\/#organization\",\"name\":\"Madeiras Radial\",\"url\":\"https:\/\/www.madeirasradial.com.br\/blog\/\",\"logo\":{\"@type\":\"ImageObject\",\"inLanguage\":\"pt-BR\",\"@id\":\"https:\/\/www.madeirasradial.com.br\/blog\/#\/schema\/logo\/image\/\",\"url\":\"https:\/\/www.madeirasradial.com.br\/blog\/wp-content\/uploads\/2022\/04\/logo-sas.png\",\"contentUrl\":\"https:\/\/www.madeirasradial.com.br\/blog\/wp-content\/uploads\/2022\/04\/logo-sas.png\",\"width\":640,\"height\":123,\"caption\":\"Madeiras Radial\"},\"image\":{\"@id\":\"https:\/\/www.madeirasradial.com.br\/blog\/#\/schema\/logo\/image\/\"}},{\"@type\":\"Person\",\"@id\":\"https:\/\/www.madeirasradial.com.br\/blog\/#\/schema\/person\/112c22676c0df61d87d28e82ec250e9e\",\"name\":\"admin\",\"image\":{\"@type\":\"ImageObject\",\"inLanguage\":\"pt-BR\",\"@id\":\"https:\/\/www.madeirasradial.com.br\/blog\/#\/schema\/person\/image\/\",\"url\":\"https:\/\/secure.gravatar.com\/avatar\/3813f53848958b8842eeafda91666185a90010f65ed554379b78794cde6f234a?s=96&d=mm&r=g\",\"contentUrl\":\"https:\/\/secure.gravatar.com\/avatar\/3813f53848958b8842eeafda91666185a90010f65ed554379b78794cde6f234a?s=96&d=mm&r=g\",\"caption\":\"admin\"},\"sameAs\":[\"https:\/\/madeirasradial.com.br\/blog\"],\"url\":\"https:\/\/www.madeirasradial.com.br\/blog\/author\/admin\/\"}]}<\/script>\n<!-- \/ Yoast SEO plugin. -->","yoast_head_json":{"title":"MDF cortado sob medida: aposte em personaliza\u00e7\u00e3o e efici\u00eancia para o seu projeto - Madeiras Radial","description":"O MDF cortado sob medida garante personaliza\u00e7\u00e3o e efici\u00eancia para m\u00f3veis e projetos diversos. Saiba as vantagens desse servi\u00e7o!","robots":{"index":"index","follow":"follow","max-snippet":"max-snippet:-1","max-image-preview":"max-image-preview:large","max-video-preview":"max-video-preview:-1"},"canonical":"https:\/\/www.madeirasradial.com.br\/blog\/corte-de-mdf\/mdf-cortado-sob-medida-aposte-em-personalizacao-e-eficiencia-para-o-seu-projeto\/","og_locale":"pt_BR","og_type":"article","og_title":"MDF cortado sob medida: aposte em personaliza\u00e7\u00e3o e efici\u00eancia para o seu projeto - Madeiras Radial","og_description":"O MDF cortado sob medida garante personaliza\u00e7\u00e3o e efici\u00eancia para m\u00f3veis e projetos diversos. Saiba as vantagens desse servi\u00e7o!","og_url":"https:\/\/www.madeirasradial.com.br\/blog\/corte-de-mdf\/mdf-cortado-sob-medida-aposte-em-personalizacao-e-eficiencia-para-o-seu-projeto\/","og_site_name":"Madeiras Radial","article_published_time":"2025-03-14T18:50:36+00:00","article_modified_time":"2025-03-14T18:51:25+00:00","og_image":[{"width":1380,"height":776,"url":"https:\/\/www.madeirasradial.com.br\/blog\/wp-content\/uploads\/2025\/03\/vista-lateral-de-uma-carpinteira-no-estudio-usando-uma-serra-eletrica_23-2148813332.jpg","type":"image\/jpeg"}],"author":"admin","twitter_card":"summary_large_image","twitter_misc":{"Escrito por":"admin","Est. tempo de leitura":"5 minutos"},"schema":{"@context":"https:\/\/schema.org","@graph":[{"@type":"Article","@id":"https:\/\/www.madeirasradial.com.br\/blog\/corte-de-mdf\/mdf-cortado-sob-medida-aposte-em-personalizacao-e-eficiencia-para-o-seu-projeto\/#article","isPartOf":{"@id":"https:\/\/www.madeirasradial.com.br\/blog\/corte-de-mdf\/mdf-cortado-sob-medida-aposte-em-personalizacao-e-eficiencia-para-o-seu-projeto\/"},"author":{"name":"admin","@id":"https:\/\/www.madeirasradial.com.br\/blog\/#\/schema\/person\/112c22676c0df61d87d28e82ec250e9e"},"headline":"MDF cortado sob medida: aposte em personaliza\u00e7\u00e3o e efici\u00eancia para o seu projeto","datePublished":"2025-03-14T18:50:36+00:00","dateModified":"2025-03-14T18:51:25+00:00","mainEntityOfPage":{"@id":"https:\/\/www.madeirasradial.com.br\/blog\/corte-de-mdf\/mdf-cortado-sob-medida-aposte-em-personalizacao-e-eficiencia-para-o-seu-projeto\/"},"wordCount":762,"commentCount":0,"publisher":{"@id":"https:\/\/www.madeirasradial.com.br\/blog\/#organization"},"image":{"@id":"https:\/\/www.madeirasradial.com.br\/blog\/corte-de-mdf\/mdf-cortado-sob-medida-aposte-em-personalizacao-e-eficiencia-para-o-seu-projeto\/#primaryimage"},"thumbnailUrl":"https:\/\/www.madeirasradial.com.br\/blog\/wp-content\/uploads\/2025\/03\/vista-lateral-de-uma-carpinteira-no-estudio-usando-uma-serra-eletrica_23-2148813332.jpg","keywords":["corte de madeira MDF sob medida","corte de MDF SP","corte MDF profissional","efici\u00eancia no corte MDF","madeira MDF personalizada","marcenaria MDF","MDF cortado para m\u00f3veis","MDF cortado sob medida","MDF para marcenaria","MDF sem rebarbas","MDF sob medida","MDF sob medida pre\u00e7o","melhor corte MDF","m\u00f3veis planejados MDF","m\u00f3veis sob medida MDF","painel MDF sob medida","personaliza\u00e7\u00e3o MDF","servi\u00e7o de corte em MDF"],"articleSection":["Corte de MDF"],"inLanguage":"pt-BR","potentialAction":[{"@type":"CommentAction","name":"Comment","target":["https:\/\/www.madeirasradial.com.br\/blog\/corte-de-mdf\/mdf-cortado-sob-medida-aposte-em-personalizacao-e-eficiencia-para-o-seu-projeto\/#respond"]}]},{"@type":"WebPage","@id":"https:\/\/www.madeirasradial.com.br\/blog\/corte-de-mdf\/mdf-cortado-sob-medida-aposte-em-personalizacao-e-eficiencia-para-o-seu-projeto\/","url":"https:\/\/www.madeirasradial.com.br\/blog\/corte-de-mdf\/mdf-cortado-sob-medida-aposte-em-personalizacao-e-eficiencia-para-o-seu-projeto\/","name":"MDF cortado sob medida: aposte em personaliza\u00e7\u00e3o e efici\u00eancia para o seu projeto - Madeiras Radial","isPartOf":{"@id":"https:\/\/www.madeirasradial.com.br\/blog\/#website"},"primaryImageOfPage":{"@id":"https:\/\/www.madeirasradial.com.br\/blog\/corte-de-mdf\/mdf-cortado-sob-medida-aposte-em-personalizacao-e-eficiencia-para-o-seu-projeto\/#primaryimage"},"image":{"@id":"https:\/\/www.madeirasradial.com.br\/blog\/corte-de-mdf\/mdf-cortado-sob-medida-aposte-em-personalizacao-e-eficiencia-para-o-seu-projeto\/#primaryimage"},"thumbnailUrl":"https:\/\/www.madeirasradial.com.br\/blog\/wp-content\/uploads\/2025\/03\/vista-lateral-de-uma-carpinteira-no-estudio-usando-uma-serra-eletrica_23-2148813332.jpg","datePublished":"2025-03-14T18:50:36+00:00","dateModified":"2025-03-14T18:51:25+00:00","description":"O MDF cortado sob medida garante personaliza\u00e7\u00e3o e efici\u00eancia para m\u00f3veis e projetos diversos. Saiba as vantagens desse servi\u00e7o!","breadcrumb":{"@id":"https:\/\/www.madeirasradial.com.br\/blog\/corte-de-mdf\/mdf-cortado-sob-medida-aposte-em-personalizacao-e-eficiencia-para-o-seu-projeto\/#breadcrumb"},"inLanguage":"pt-BR","potentialAction":[{"@type":"ReadAction","target":["https:\/\/www.madeirasradial.com.br\/blog\/corte-de-mdf\/mdf-cortado-sob-medida-aposte-em-personalizacao-e-eficiencia-para-o-seu-projeto\/"]}]},{"@type":"ImageObject","inLanguage":"pt-BR","@id":"https:\/\/www.madeirasradial.com.br\/blog\/corte-de-mdf\/mdf-cortado-sob-medida-aposte-em-personalizacao-e-eficiencia-para-o-seu-projeto\/#primaryimage","url":"https:\/\/www.madeirasradial.com.br\/blog\/wp-content\/uploads\/2025\/03\/vista-lateral-de-uma-carpinteira-no-estudio-usando-uma-serra-eletrica_23-2148813332.jpg","contentUrl":"https:\/\/www.madeirasradial.com.br\/blog\/wp-content\/uploads\/2025\/03\/vista-lateral-de-uma-carpinteira-no-estudio-usando-uma-serra-eletrica_23-2148813332.jpg","width":1380,"height":776,"caption":"MDF cortado sob medida: aposte em personaliza\u00e7\u00e3o e efici\u00eancia para o seu projeto"},{"@type":"BreadcrumbList","@id":"https:\/\/www.madeirasradial.com.br\/blog\/corte-de-mdf\/mdf-cortado-sob-medida-aposte-em-personalizacao-e-eficiencia-para-o-seu-projeto\/#breadcrumb","itemListElement":[{"@type":"ListItem","position":1,"name":"In\u00edcio","item":"https:\/\/www.madeirasradial.com.br\/blog\/"},{"@type":"ListItem","position":2,"name":"MDF cortado sob medida: aposte em personaliza\u00e7\u00e3o e efici\u00eancia para o seu projeto"}]},{"@type":"WebSite","@id":"https:\/\/www.madeirasradial.com.br\/blog\/#website","url":"https:\/\/www.madeirasradial.com.br\/blog\/","name":"Madeiras Radial","description":"Blog","publisher":{"@id":"https:\/\/www.madeirasradial.com.br\/blog\/#organization"},"potentialAction":[{"@type":"SearchAction","target":{"@type":"EntryPoint","urlTemplate":"https:\/\/www.madeirasradial.com.br\/blog\/?s={search_term_string}"},"query-input":"required name=search_term_string"}],"inLanguage":"pt-BR"},{"@type":"Organization","@id":"https:\/\/www.madeirasradial.com.br\/blog\/#organization","name":"Madeiras Radial","url":"https:\/\/www.madeirasradial.com.br\/blog\/","logo":{"@type":"ImageObject","inLanguage":"pt-BR","@id":"https:\/\/www.madeirasradial.com.br\/blog\/#\/schema\/logo\/image\/","url":"https:\/\/www.madeirasradial.com.br\/blog\/wp-content\/uploads\/2022\/04\/logo-sas.png","contentUrl":"https:\/\/www.madeirasradial.com.br\/blog\/wp-content\/uploads\/2022\/04\/logo-sas.png","width":640,"height":123,"caption":"Madeiras Radial"},"image":{"@id":"https:\/\/www.madeirasradial.com.br\/blog\/#\/schema\/logo\/image\/"}},{"@type":"Person","@id":"https:\/\/www.madeirasradial.com.br\/blog\/#\/schema\/person\/112c22676c0df61d87d28e82ec250e9e","name":"admin","image":{"@type":"ImageObject","inLanguage":"pt-BR","@id":"https:\/\/www.madeirasradial.com.br\/blog\/#\/schema\/person\/image\/","url":"https:\/\/secure.gravatar.com\/avatar\/3813f53848958b8842eeafda91666185a90010f65ed554379b78794cde6f234a?s=96&d=mm&r=g","contentUrl":"https:\/\/secure.gravatar.com\/avatar\/3813f53848958b8842eeafda91666185a90010f65ed554379b78794cde6f234a?s=96&d=mm&r=g","caption":"admin"},"sameAs":["https:\/\/madeirasradial.com.br\/blog"],"url":"https:\/\/www.madeirasradial.com.br\/blog\/author\/admin\/"}]}},"_links":{"self":[{"href":"https:\/\/www.madeirasradial.com.br\/blog\/wp-json\/wp\/v2\/posts\/370","targetHints":{"allow":["GET"]}}],"collection":[{"href":"https:\/\/www.madeirasradial.com.br\/blog\/wp-json\/wp\/v2\/posts"}],"about":[{"href":"https:\/\/www.madeirasradial.com.br\/blog\/wp-json\/wp\/v2\/types\/post"}],"author":[{"embeddable":true,"href":"https:\/\/www.madeirasradial.com.br\/blog\/wp-json\/wp\/v2\/users\/1"}],"replies":[{"embeddable":true,"href":"https:\/\/www.madeirasradial.com.br\/blog\/wp-json\/wp\/v2\/comments?post=370"}],"version-history":[{"count":2,"href":"https:\/\/www.madeirasradial.com.br\/blog\/wp-json\/wp\/v2\/posts\/370\/revisions"}],"predecessor-version":[{"id":373,"href":"https:\/\/www.madeirasradial.com.br\/blog\/wp-json\/wp\/v2\/posts\/370\/revisions\/373"}],"wp:featuredmedia":[{"embeddable":true,"href":"https:\/\/www.madeirasradial.com.br\/blog\/wp-json\/wp\/v2\/media\/371"}],"wp:attachment":[{"href":"https:\/\/www.madeirasradial.com.br\/blog\/wp-json\/wp\/v2\/media?parent=370"}],"wp:term":[{"taxonomy":"category","embeddable":true,"href":"https:\/\/www.madeirasradial.com.br\/blog\/wp-json\/wp\/v2\/categories?post=370"},{"taxonomy":"post_tag","embeddable":true,"href":"https:\/\/www.madeirasradial.com.br\/blog\/wp-json\/wp\/v2\/tags?post=370"}],"curies":[{"name":"wp","href":"https:\/\/api.w.org\/{rel}","templated":true}]}}