{"id":380,"date":"2025-05-13T20:48:50","date_gmt":"2025-05-13T20:48:50","guid":{"rendered":"https:\/\/www.madeirasradial.com.br\/blog\/?p=380"},"modified":"2025-05-13T20:50:14","modified_gmt":"2025-05-13T20:50:14","slug":"projetos-de-construcao-com-qualidade-como-o-compensado-sumauma-faz-a-diferenca","status":"publish","type":"post","link":"https:\/\/www.madeirasradial.com.br\/blog\/compensados\/projetos-de-construcao-com-qualidade-como-o-compensado-sumauma-faz-a-diferenca\/","title":{"rendered":"Projetos de constru\u00e7\u00e3o com qualidade: como o compensado suma\u00fama faz a diferen\u00e7a"},"content":{"rendered":"<span class=\"rt-reading-time\" style=\"display: block;\"><span class=\"rt-label rt-prefix\">Tempo de leitura<\/span> <span class=\"rt-time\">4<\/span> <span class=\"rt-label rt-postfix\">minutos<\/span><\/span>\n<p class=\"has-medium-font-size\"><strong><em>Descubra como o compensado suma\u00fama pode elevar a qualidade dos seus projetos de constru\u00e7\u00e3o. Saiba por que ele \u00e9 resistente para marcenarias.<\/em><\/strong><\/p>\n\n\n\n<p>Come\u00e7ar um projeto de constru\u00e7\u00e3o \u00e9 como colocar uma ideia no mundo f\u00edsico. E para que essa ideia se transforme em algo s\u00f3lido, dur\u00e1vel e funcional, a escolha dos materiais \u00e9 crucial.<\/p>\n\n\n\n<p>Um dos materiais que v\u00eam ganhando destaque pela sua efici\u00eancia e custo-benef\u00edcio \u00e9 o compensado suma\u00fama. Muito mais que uma simples alternativa de madeira, ele entrega resist\u00eancia, leveza e versatilidade em diferentes aplica\u00e7\u00f5es da marcenaria e constru\u00e7\u00e3o civil.<\/p>\n\n\n\n<p>Neste artigo, vamos mostrar por que o compensado suma\u00fama se tornou essencial para projetos que priorizam qualidade, como ele \u00e9 produzido e quais s\u00e3o os diferenciais que s\u00f3 uma empresa com tradi\u00e7\u00e3o no setor, como a <strong>Madeiras Radial<\/strong>, pode oferecer.<\/p>\n\n\n\n<div id=\"ez-toc-container\" class=\"ez-toc-v2_0_67_1 counter-hierarchy ez-toc-counter ez-toc-grey ez-toc-container-direction\">\n<div class=\"ez-toc-title-container\">\n<p class=\"ez-toc-title \" >T&oacute;picos do artigo<\/p>\n<span class=\"ez-toc-title-toggle\"><a href=\"#\" class=\"ez-toc-pull-right ez-toc-btn ez-toc-btn-xs ez-toc-btn-default ez-toc-toggle\" aria-label=\"Toggle Table of Content\"><span class=\"ez-toc-js-icon-con\"><span class=\"\"><span class=\"eztoc-hide\" style=\"display:none;\">Toggle<\/span><span class=\"ez-toc-icon-toggle-span\"><svg style=\"fill: #999;color:#999\" xmlns=\"http:\/\/www.w3.org\/2000\/svg\" class=\"list-377408\" width=\"20px\" height=\"20px\" viewBox=\"0 0 24 24\" fill=\"none\"><path d=\"M6 6H4v2h2V6zm14 0H8v2h12V6zM4 11h2v2H4v-2zm16 0H8v2h12v-2zM4 16h2v2H4v-2zm16 0H8v2h12v-2z\" fill=\"currentColor\"><\/path><\/svg><svg style=\"fill: #999;color:#999\" class=\"arrow-unsorted-368013\" xmlns=\"http:\/\/www.w3.org\/2000\/svg\" width=\"10px\" height=\"10px\" viewBox=\"0 0 24 24\" version=\"1.2\" baseProfile=\"tiny\"><path d=\"M18.2 9.3l-6.2-6.3-6.2 6.3c-.2.2-.3.4-.3.7s.1.5.3.7c.2.2.4.3.7.3h11c.3 0 .5-.1.7-.3.2-.2.3-.5.3-.7s-.1-.5-.3-.7zM5.8 14.7l6.2 6.3 6.2-6.3c.2-.2.3-.5.3-.7s-.1-.5-.3-.7c-.2-.2-.4-.3-.7-.3h-11c-.3 0-.5.1-.7.3-.2.2-.3.5-.3.7s.1.5.3.7z\"\/><\/svg><\/span><\/span><\/span><\/a><\/span><\/div>\n<nav><ul class='ez-toc-list ez-toc-list-level-1 ' ><li class='ez-toc-page-1 ez-toc-heading-level-2'><a class=\"ez-toc-link ez-toc-heading-1\" href=\"https:\/\/www.madeirasradial.com.br\/blog\/compensados\/projetos-de-construcao-com-qualidade-como-o-compensado-sumauma-faz-a-diferenca\/#O_que_e_o_compensado_sumauma\" title=\"O que \u00e9 o compensado suma\u00fama?\">O que \u00e9 o compensado suma\u00fama?<\/a><\/li><li class='ez-toc-page-1 ez-toc-heading-level-2'><a class=\"ez-toc-link ez-toc-heading-2\" href=\"https:\/\/www.madeirasradial.com.br\/blog\/compensados\/projetos-de-construcao-com-qualidade-como-o-compensado-sumauma-faz-a-diferenca\/#Beneficios_do_compensado_sumauma_em_projetos_de_construcao\" title=\"Benef\u00edcios do compensado suma\u00fama em projetos de constru\u00e7\u00e3o\">Benef\u00edcios do compensado suma\u00fama em projetos de constru\u00e7\u00e3o<\/a><\/li><li class='ez-toc-page-1 ez-toc-heading-level-2'><a class=\"ez-toc-link ez-toc-heading-3\" href=\"https:\/\/www.madeirasradial.com.br\/blog\/compensados\/projetos-de-construcao-com-qualidade-como-o-compensado-sumauma-faz-a-diferenca\/#Aplicacoes_do_compensado_sumauma_na_pratica\" title=\"Aplica\u00e7\u00f5es do compensado suma\u00fama na pr\u00e1tica\">Aplica\u00e7\u00f5es do compensado suma\u00fama na pr\u00e1tica<\/a><\/li><li class='ez-toc-page-1 ez-toc-heading-level-2'><a class=\"ez-toc-link ez-toc-heading-4\" href=\"https:\/\/www.madeirasradial.com.br\/blog\/compensados\/projetos-de-construcao-com-qualidade-como-o-compensado-sumauma-faz-a-diferenca\/#Por_que_escolher_o_compensado_sumauma_em_vez_de_outras_madeiras\" title=\"Por que escolher o compensado suma\u00fama em vez de outras madeiras?\">Por que escolher o compensado suma\u00fama em vez de outras madeiras?<\/a><\/li><li class='ez-toc-page-1 ez-toc-heading-level-2'><a class=\"ez-toc-link ez-toc-heading-5\" href=\"https:\/\/www.madeirasradial.com.br\/blog\/compensados\/projetos-de-construcao-com-qualidade-como-o-compensado-sumauma-faz-a-diferenca\/#Por_que_escolher_o_compensado_sumauma_em_vez_de_outras_madeiras-2\" title=\"Por que escolher o compensado suma\u00fama em vez de outras madeiras?\">Por que escolher o compensado suma\u00fama em vez de outras madeiras?<\/a><\/li><li class='ez-toc-page-1 ez-toc-heading-level-2'><a class=\"ez-toc-link ez-toc-heading-6\" href=\"https:\/\/www.madeirasradial.com.br\/blog\/compensados\/projetos-de-construcao-com-qualidade-como-o-compensado-sumauma-faz-a-diferenca\/#O_papel_da_Madeiras_Radial_na_entrega_de_qualidade\" title=\"O papel da Madeiras Radial na entrega de qualidade\">O papel da Madeiras Radial na entrega de qualidade<\/a><\/li><\/ul><\/nav><\/div>\n<h2 class=\"wp-block-heading\"><span class=\"ez-toc-section\" id=\"O_que_e_o_compensado_sumauma\"><\/span><strong>O que \u00e9 o compensado suma\u00fama?<\/strong><span class=\"ez-toc-section-end\"><\/span><\/h2>\n\n\n\n<p>O compensado suma\u00fama \u00e9 um tipo de <strong>madeira engenheirada<\/strong> que combina l\u00e2minas finas da madeira suma\u00fama coladas entre si sob alta temperatura e press\u00e3o. Esse processo confere ao material <strong>resist\u00eancia mec\u00e2nica elevada<\/strong> e boa estabilidade dimensional.<\/p>\n\n\n\n<p>O nome \u201csuma\u00fama\u201d vem da \u00e1rvore utilizada, conhecida pela sua madeira clara e de densidade baixa a m\u00e9dia. Isso torna o compensado suma\u00fama <strong>mais leve<\/strong> que outros tipos de compensados, sem comprometer sua performance.<\/p>\n\n\n\n<p>Al\u00e9m disso, o compensado pode ser produzido a partir de madeiras provenientes de reflorestamento, contribuindo para um <strong>uso mais sustent\u00e1vel dos recursos naturais<\/strong>.<\/p>\n\n\n\n<ul class=\"wp-block-list\">\n<li><a href=\"https:\/\/www.madeirasradial.com.br\/blog\/chapa-de-mdf\/chapa-de-mdf-madeirado-o-acabamento-superior-que-seu-projeto-precisa\/\">Chapa de MDF madeirado: o acabamento superior que seu projeto precisa<\/a><\/li>\n<\/ul>\n\n\n\n<h2 class=\"wp-block-heading\"><span class=\"ez-toc-section\" id=\"Beneficios_do_compensado_sumauma_em_projetos_de_construcao\"><\/span><strong>Benef\u00edcios do compensado suma\u00fama em projetos de constru\u00e7\u00e3o<\/strong><span class=\"ez-toc-section-end\"><\/span><\/h2>\n\n\n\n<p>A principal vantagem do compensado suma\u00fama \u00e9 a <strong>combina\u00e7\u00e3o entre resist\u00eancia e leveza<\/strong>, o que facilita seu manuseio e aplica\u00e7\u00e3o em diferentes tipos de obra. A seguir, confira os benef\u00edcios que mais se destacam:<\/p>\n\n\n\n<ul class=\"wp-block-list\">\n<li><strong>Alta resist\u00eancia ao empenamento e rachaduras:<\/strong> A colagem cruzada das l\u00e2minas reduz significativamente a chance de deforma\u00e7\u00f5es, mesmo sob varia\u00e7\u00f5es de temperatura e umidade;<br><br><\/li>\n\n\n\n<li><strong>Versatilidade:<\/strong> Pode ser usado em divis\u00f3rias, m\u00f3veis planejados, estruturas tempor\u00e1rias e em aplica\u00e7\u00f5es onde o acabamento superficial ser\u00e1 posterior;<br><br><\/li>\n\n\n\n<li><strong>Facilidade de corte e moldagem:<\/strong> Por ser leve e uniforme, o compensado suma\u00fama permite cortes precisos com menor desgaste das ferramentas;<br><br><\/li>\n\n\n\n<li><strong>Custo-benef\u00edcio:<\/strong> Em compara\u00e7\u00e3o com madeiras maci\u00e7as e outros compensados, apresenta excelente rela\u00e7\u00e3o entre pre\u00e7o e desempenho;<strong><br><\/strong><strong><br><\/strong><\/li>\n\n\n\n<li><strong>Sustentabilidade:<\/strong> Quando proveniente de manejo respons\u00e1vel, \u00e9 uma alternativa alinhada \u00e0s pr\u00e1ticas construtivas modernas.<\/li>\n<\/ul>\n\n\n\n<p>Projetos bem-sucedidos exigem materiais que mantenham a qualidade a longo prazo. E nesse quesito, o compensado suma\u00fama se mostra uma escolha segura e inteligente.<\/p>\n\n\n\n<h2 class=\"wp-block-heading\"><span class=\"ez-toc-section\" id=\"Aplicacoes_do_compensado_sumauma_na_pratica\"><\/span><strong>Aplica\u00e7\u00f5es do compensado suma\u00fama na pr\u00e1tica<\/strong><span class=\"ez-toc-section-end\"><\/span><\/h2>\n\n\n\n<p>No dia a dia da constru\u00e7\u00e3o civil e da marcenaria, o compensado suma\u00fama encontra diversas aplica\u00e7\u00f5es. Entre as mais comuns est\u00e3o:<\/p>\n\n\n\n<ul class=\"wp-block-list\">\n<li><strong>Estruturas internas e forros;<\/strong><strong><br><\/strong><\/li>\n\n\n\n<li><strong>M\u00f3veis sob medida;<\/strong><strong><br><\/strong><\/li>\n\n\n\n<li><strong>Embalagens e caixarias tempor\u00e1rias;<\/strong><strong><br><\/strong><\/li>\n\n\n\n<li><strong>Montagens de estandes e displays promocionais;<\/strong><strong><br><\/strong><\/li>\n\n\n\n<li><strong>Pain\u00e9is decorativos, ap\u00f3s pintura ou revestimento.<\/strong><strong><br><\/strong><\/li>\n<\/ul>\n\n\n\n<p>A leveza do material tamb\u00e9m favorece o transporte e a instala\u00e7\u00e3o, reduzindo custos log\u00edsticos e otimizando o tempo de obra.<\/p>\n\n\n\n<h2 class=\"wp-block-heading\"><span class=\"ez-toc-section\" id=\"Por_que_escolher_o_compensado_sumauma_em_vez_de_outras_madeiras\"><\/span><strong>Por que escolher o compensado suma\u00fama em vez de outras madeiras?<\/strong><span class=\"ez-toc-section-end\"><\/span><\/h2>\n\n\n\n<p>Escolher o compensado suma\u00fama em vez de outras madeiras \u00e9 optar por efici\u00eancia, leveza e durabilidade. Ele oferece <strong>excelente resist\u00eancia ao empenamento, rachaduras e varia\u00e7\u00f5es de temperatura<\/strong>, se destacando frente a alternativas como MDF ou madeira maci\u00e7a.<\/p>\n\n\n<div class=\"wp-block-image\">\n<figure class=\"alignright size-full is-resized\"><img loading=\"lazy\" decoding=\"async\" width=\"548\" height=\"360\" src=\"https:\/\/www.madeirasradial.com.br\/blog\/wp-content\/uploads\/2025\/05\/Captura-de-Tela-2025-05-13-a\u0300s-17.47.35.png\" alt=\"Projetos de constru\u00e7\u00e3o com qualidade: como o compensado suma\u00fama faz a diferen\u00e7a\n\" class=\"wp-image-382\" style=\"width:354px;height:auto\"\/><\/figure>\n<\/div>\n\n\n<p>Al\u00e9m disso, sua superf\u00edcie lisa <strong>facilita acabamentos, pinturas e revestimentos<\/strong>, adaptando-se bem a diferentes tipos de projeto. Isso garante mais versatilidade na aplica\u00e7\u00e3o e um resultado final mais refinado.<\/p>\n\n\n\n<p>Outro diferencial est\u00e1 na <strong>sustentabilidade<\/strong>. A madeira suma\u00fama, de r\u00e1pido crescimento, representa uma escolha mais consciente do ponto de vista ambiental, especialmente quando comparada a esp\u00e9cies nativas de extra\u00e7\u00e3o lenta.<\/p>\n\n\n\n<p>Por fim, o compensado suma\u00fama apresenta maior <strong>uniformidade e padroniza\u00e7\u00e3o<\/strong>, o que agiliza cortes, encaixes e montagem. Para quem busca qualidade sem abrir m\u00e3o do custo-benef\u00edcio, ele \u00e9 uma escolha inteligente.<\/p>\n\n\n\n<ul class=\"wp-block-list\">\n<li><a href=\"https:\/\/www.madeirasradial.com.br\/blog\/tabuas-de-pinus\/tabua-de-madeira-de-pinus-a-solucao-ideal-para-projetos-que-requerem-versatilidade-e-alta-durabilidade\/\">T\u00e1bua de madeira de pinus: a solu\u00e7\u00e3o ideal para projetos que requerem versatilidade e alta durabilidade<\/a><\/li>\n<\/ul>\n\n\n\n<h2 class=\"wp-block-heading\"><span class=\"ez-toc-section\" id=\"Por_que_escolher_o_compensado_sumauma_em_vez_de_outras_madeiras-2\"><\/span><strong>Por que escolher o compensado suma\u00fama em vez de outras madeiras?<\/strong><span class=\"ez-toc-section-end\"><\/span><\/h2>\n\n\n\n<p>Muitos profissionais ainda t\u00eam d\u00favidas na hora de decidir entre o uso do compensado suma\u00fama e outras op\u00e7\u00f5es como MDF, OSB ou mesmo compensados de pinus. A seguir, mostramos o que torna o suma\u00fama uma escolha diferenciada:<\/p>\n\n\n\n<ul class=\"wp-block-list\">\n<li><strong>Durabilidade:<\/strong> A resina fen\u00f3lica usada na colagem das l\u00e2minas do compensado suma\u00fama garante resist\u00eancia superior \u00e0 umidade, mofo e ataque de cupins;<br><br><\/li>\n\n\n\n<li><strong>Est\u00e9tica personaliz\u00e1vel:<\/strong> Apesar de n\u00e3o ser um compensado com foco decorativo, sua superf\u00edcie aceita bem pinturas, l\u00e2minas ou revestimentos;<br><br><\/li>\n\n\n\n<li><strong>Sustentabilidade real:<\/strong> A suma\u00fama \u00e9 uma madeira de r\u00e1pido crescimento, o que torna seu uso mais ecol\u00f3gico quando comparado a esp\u00e9cies nativas de crescimento lento;<br><br><\/li>\n\n\n\n<li><strong>Alta disponibilidade e padroniza\u00e7\u00e3o:<\/strong> Enquanto madeiras maci\u00e7as podem ter varia\u00e7\u00f5es naturais imprevis\u00edveis, o compensado suma\u00fama oferece maior padroniza\u00e7\u00e3o em espessura, cor e textura.<\/li>\n<\/ul>\n\n\n\n<h2 class=\"wp-block-heading\"><span class=\"ez-toc-section\" id=\"O_papel_da_Madeiras_Radial_na_entrega_de_qualidade\"><\/span><strong>O papel da Madeiras Radial na entrega de qualidade<\/strong><span class=\"ez-toc-section-end\"><\/span><\/h2>\n\n\n\n<p>A <strong>Madeiras Radial<\/strong> n\u00e3o apenas comercializa compensado suma\u00fama de alto padr\u00e3o, como tamb\u00e9m \u00e9 reconhecida por sua <strong>tradi\u00e7\u00e3o e compromisso com a excel\u00eancia<\/strong>.<\/p>\n\n\n\n<p>Desde 1964 no mercado e localizada na Av. Cupec\u00ea desde 1970, a empresa mant\u00e9m um estoque diversificado em um dep\u00f3sito de 800m\u00b2 com amplo estacionamento \u2014 ideal para quem busca agilidade e atendimento especializado.<\/p>\n\n\n\n<p>Ao escolher a Madeiras Radial, voc\u00ea garante:<\/p>\n\n\n\n<ul class=\"wp-block-list\">\n<li><strong>Compensado suma\u00fama de proced\u00eancia confi\u00e1vel;<\/strong><strong><br><\/strong><\/li>\n\n\n\n<li>Atendimento por profissionais especializados em marcenaria;<br><\/li>\n\n\n\n<li>Produtos armazenados em condi\u00e7\u00f5es ideais, garantindo a integridade do material;<br><\/li>\n\n\n\n<li>Pre\u00e7os justos e competitivos para o padr\u00e3o de qualidade oferecido.<br><\/li>\n<\/ul>\n\n\n\n<p>Al\u00e9m disso, a empresa preza por oferecer <strong>solu\u00e7\u00f5es sob medida<\/strong> para cada cliente, seja para pequenas marcenarias ou grandes obras civis.<\/p>\n\n\n\n<p><strong>Em busca de compensado suma\u00fama de alta qualidade? <a href=\"https:\/\/www.madeirasradial.com.br\/contato\">Entre em contato<\/a> com a Madeiras Radial!<\/strong><\/p>\n","protected":false},"excerpt":{"rendered":"<p><span class=\"rt-reading-time\" style=\"display: block;\"><span class=\"rt-label rt-prefix\">Tempo de leitura<\/span> <span class=\"rt-time\">4<\/span> <span class=\"rt-label rt-postfix\">minutos<\/span><\/span> Descubra como o compensado suma\u00fama pode elevar a qualidade dos seus projetos de constru\u00e7\u00e3o. Saiba por que ele \u00e9 resistente para marcenarias. Come\u00e7ar um projeto de constru\u00e7\u00e3o \u00e9 como colocar uma ideia no mundo f\u00edsico. E para que essa ideia&#8230;<\/p>\n","protected":false},"author":1,"featured_media":381,"comment_status":"open","ping_status":"open","sticky":false,"template":"","format":"standard","meta":{"footnotes":""},"categories":[33],"tags":[1018,1007,1023,1015,1012,1006,1041,1035,1038,1034,1039,1032,1031,1033,1040,1036,1030,1037,1014,1028,1024,1025,1026,1027,1029,1022,1017,1009,1020,1021,618,1016,1008,1019,1011,1010,1013],"class_list":["post-380","post","type-post","status-publish","format-standard","has-post-thumbnail","hentry","category-compensados","tag-compensado-com-resina-fenolica","tag-compensado-de-sumauma-em-sp","tag-compensado-ecologico","tag-compensado-leve-e-resistente","tag-compensado-para-moveis-planejados","tag-compensado-sumauma","tag-compensado-sumauma-em-diadema","tag-compensado-sumauma-em-promocao","tag-compensado-sumauma-em-santo-andre","tag-compensado-sumauma-em-sao-bernardo","tag-compensado-sumauma-em-sao-caetano","tag-compensado-sumauma-em-sao-paulo","tag-compensado-sumauma-em-sp","tag-compensado-sumauma-no-abc","tag-compensado-sumauma-no-maua","tag-compensado-sumauma-perto-de-mim","tag-compensado-sumauma-preco","tag-compensado-sumauma-proximo-a-mim","tag-construcao-civil-sustentavel","tag-distribuidor-de-compensado-sumauma","tag-empresa-de-compensado-sumauma","tag-fabrica-de-compensado-sumauma","tag-fabricante-de-compensado-sumauma","tag-fornecedor-de-compensado-sumauma","tag-loja-de-compensado-sumauma","tag-loja-de-madeira-em-sp","tag-madeira-engenheirada","tag-madeira-sumauma","tag-madeiras-radial-compensado","tag-madeireira-na-av-cupece","tag-marcenaria-profissional","tag-melhor-compensado-para-marcenaria","tag-onde-comprar-compensado-sumauma","tag-projeto-com-compensado-sumauma","tag-tipos-de-compensado-para-marcenaria","tag-uso-do-compensado-na-construcao","tag-vantagens-do-compensado-sumauma"],"yoast_head":"<!-- This site is optimized with the Yoast SEO plugin v23.0 - https:\/\/yoast.com\/wordpress\/plugins\/seo\/ -->\n<title>Projetos de constru\u00e7\u00e3o com qualidade: como o compensado suma\u00fama faz a diferen\u00e7a - Madeiras Radial<\/title>\n<meta name=\"description\" content=\"Descubra como o compensado suma\u00fama pode elevar a qualidade dos seus projetos de constru\u00e7\u00e3o. Saiba por que ele \u00e9 resistente para marcenarias.\" \/>\n<meta name=\"robots\" content=\"index, follow, max-snippet:-1, max-image-preview:large, max-video-preview:-1\" \/>\n<link rel=\"canonical\" href=\"https:\/\/www.madeirasradial.com.br\/blog\/compensados\/projetos-de-construcao-com-qualidade-como-o-compensado-sumauma-faz-a-diferenca\/\" \/>\n<meta property=\"og:locale\" content=\"pt_BR\" \/>\n<meta property=\"og:type\" content=\"article\" \/>\n<meta property=\"og:title\" content=\"Projetos de constru\u00e7\u00e3o com qualidade: como o compensado suma\u00fama faz a diferen\u00e7a - Madeiras Radial\" \/>\n<meta property=\"og:description\" content=\"Descubra como o compensado suma\u00fama pode elevar a qualidade dos seus projetos de constru\u00e7\u00e3o. Saiba por que ele \u00e9 resistente para marcenarias.\" \/>\n<meta property=\"og:url\" content=\"https:\/\/www.madeirasradial.com.br\/blog\/compensados\/projetos-de-construcao-com-qualidade-como-o-compensado-sumauma-faz-a-diferenca\/\" \/>\n<meta property=\"og:site_name\" content=\"Madeiras Radial\" \/>\n<meta property=\"article:published_time\" content=\"2025-05-13T20:48:50+00:00\" \/>\n<meta property=\"article:modified_time\" content=\"2025-05-13T20:50:14+00:00\" \/>\n<meta property=\"og:image\" content=\"https:\/\/www.madeirasradial.com.br\/blog\/wp-content\/uploads\/2025\/05\/Captura-de-Tela-2025-05-13-a\u0300s-17.32.32.png\" \/>\n\t<meta property=\"og:image:width\" content=\"670\" \/>\n\t<meta property=\"og:image:height\" content=\"384\" \/>\n\t<meta property=\"og:image:type\" content=\"image\/png\" \/>\n<meta name=\"author\" content=\"admin\" \/>\n<meta name=\"twitter:card\" content=\"summary_large_image\" \/>\n<meta name=\"twitter:label1\" content=\"Escrito por\" \/>\n\t<meta name=\"twitter:data1\" content=\"admin\" \/>\n\t<meta name=\"twitter:label2\" content=\"Est. tempo de leitura\" \/>\n\t<meta name=\"twitter:data2\" content=\"6 minutos\" \/>\n<script type=\"application\/ld+json\" class=\"yoast-schema-graph\">{\"@context\":\"https:\/\/schema.org\",\"@graph\":[{\"@type\":\"Article\",\"@id\":\"https:\/\/www.madeirasradial.com.br\/blog\/compensados\/projetos-de-construcao-com-qualidade-como-o-compensado-sumauma-faz-a-diferenca\/#article\",\"isPartOf\":{\"@id\":\"https:\/\/www.madeirasradial.com.br\/blog\/compensados\/projetos-de-construcao-com-qualidade-como-o-compensado-sumauma-faz-a-diferenca\/\"},\"author\":{\"name\":\"admin\",\"@id\":\"https:\/\/www.madeirasradial.com.br\/blog\/#\/schema\/person\/112c22676c0df61d87d28e82ec250e9e\"},\"headline\":\"Projetos de constru\u00e7\u00e3o com qualidade: como o compensado suma\u00fama faz a diferen\u00e7a\",\"datePublished\":\"2025-05-13T20:48:50+00:00\",\"dateModified\":\"2025-05-13T20:50:14+00:00\",\"mainEntityOfPage\":{\"@id\":\"https:\/\/www.madeirasradial.com.br\/blog\/compensados\/projetos-de-construcao-com-qualidade-como-o-compensado-sumauma-faz-a-diferenca\/\"},\"wordCount\":1030,\"commentCount\":0,\"publisher\":{\"@id\":\"https:\/\/www.madeirasradial.com.br\/blog\/#organization\"},\"image\":{\"@id\":\"https:\/\/www.madeirasradial.com.br\/blog\/compensados\/projetos-de-construcao-com-qualidade-como-o-compensado-sumauma-faz-a-diferenca\/#primaryimage\"},\"thumbnailUrl\":\"https:\/\/www.madeirasradial.com.br\/blog\/wp-content\/uploads\/2025\/05\/Captura-de-Tela-2025-05-13-a\u0300s-17.32.32.png\",\"keywords\":[\"compensado com resina fen\u00f3lica\",\"compensado de suma\u00fama em SP\",\"compensado ecol\u00f3gico\",\"compensado leve e resistente\",\"compensado para m\u00f3veis planejados\",\"compensado suma\u00fama\",\"compensado suma\u00fama em Diadema\",\"compensado suma\u00fama em promo\u00e7\u00e3o\",\"compensado suma\u00fama em Santo Andr\u00e9\",\"compensado suma\u00fama em S\u00e3o Bernardo\",\"compensado suma\u00fama em S\u00e3o Caetano\",\"compensado suma\u00fama em s\u00e3o paulo\",\"compensado suma\u00fama em sp\",\"compensado suma\u00fama no ABC\",\"compensado suma\u00fama no Mau\u00e1\",\"compensado suma\u00fama perto de mim\",\"compensado suma\u00fama pre\u00e7o\",\"compensado suma\u00fama pr\u00f3ximo a mim\",\"constru\u00e7\u00e3o civil sustent\u00e1vel\",\"distribuidor de compensado suma\u00fama\",\"empresa de compensado suma\u00fama\",\"f\u00e1brica de compensado suma\u00fama\",\"fabricante de compensado suma\u00fama\",\"fornecedor de compensado suma\u00fama\",\"loja de compensado suma\u00fama\",\"loja de madeira em SP\",\"madeira engenheirada\",\"madeira suma\u00fama\",\"Madeiras Radial compensado\",\"madeireira na Av. Cupec\u00ea\",\"Marcenaria profissional\",\"melhor compensado para marcenaria\",\"onde comprar compensado suma\u00fama\",\"projeto com compensado suma\u00fama\",\"tipos de compensado para marcenaria\",\"uso do compensado na constru\u00e7\u00e3o\",\"vantagens do compensado suma\u00fama\"],\"articleSection\":[\"Compensados\"],\"inLanguage\":\"pt-BR\",\"potentialAction\":[{\"@type\":\"CommentAction\",\"name\":\"Comment\",\"target\":[\"https:\/\/www.madeirasradial.com.br\/blog\/compensados\/projetos-de-construcao-com-qualidade-como-o-compensado-sumauma-faz-a-diferenca\/#respond\"]}]},{\"@type\":\"WebPage\",\"@id\":\"https:\/\/www.madeirasradial.com.br\/blog\/compensados\/projetos-de-construcao-com-qualidade-como-o-compensado-sumauma-faz-a-diferenca\/\",\"url\":\"https:\/\/www.madeirasradial.com.br\/blog\/compensados\/projetos-de-construcao-com-qualidade-como-o-compensado-sumauma-faz-a-diferenca\/\",\"name\":\"Projetos de constru\u00e7\u00e3o com qualidade: como o compensado suma\u00fama faz a diferen\u00e7a - Madeiras Radial\",\"isPartOf\":{\"@id\":\"https:\/\/www.madeirasradial.com.br\/blog\/#website\"},\"primaryImageOfPage\":{\"@id\":\"https:\/\/www.madeirasradial.com.br\/blog\/compensados\/projetos-de-construcao-com-qualidade-como-o-compensado-sumauma-faz-a-diferenca\/#primaryimage\"},\"image\":{\"@id\":\"https:\/\/www.madeirasradial.com.br\/blog\/compensados\/projetos-de-construcao-com-qualidade-como-o-compensado-sumauma-faz-a-diferenca\/#primaryimage\"},\"thumbnailUrl\":\"https:\/\/www.madeirasradial.com.br\/blog\/wp-content\/uploads\/2025\/05\/Captura-de-Tela-2025-05-13-a\u0300s-17.32.32.png\",\"datePublished\":\"2025-05-13T20:48:50+00:00\",\"dateModified\":\"2025-05-13T20:50:14+00:00\",\"description\":\"Descubra como o compensado suma\u00fama pode elevar a qualidade dos seus projetos de constru\u00e7\u00e3o. Saiba por que ele \u00e9 resistente para marcenarias.\",\"breadcrumb\":{\"@id\":\"https:\/\/www.madeirasradial.com.br\/blog\/compensados\/projetos-de-construcao-com-qualidade-como-o-compensado-sumauma-faz-a-diferenca\/#breadcrumb\"},\"inLanguage\":\"pt-BR\",\"potentialAction\":[{\"@type\":\"ReadAction\",\"target\":[\"https:\/\/www.madeirasradial.com.br\/blog\/compensados\/projetos-de-construcao-com-qualidade-como-o-compensado-sumauma-faz-a-diferenca\/\"]}]},{\"@type\":\"ImageObject\",\"inLanguage\":\"pt-BR\",\"@id\":\"https:\/\/www.madeirasradial.com.br\/blog\/compensados\/projetos-de-construcao-com-qualidade-como-o-compensado-sumauma-faz-a-diferenca\/#primaryimage\",\"url\":\"https:\/\/www.madeirasradial.com.br\/blog\/wp-content\/uploads\/2025\/05\/Captura-de-Tela-2025-05-13-a\u0300s-17.32.32.png\",\"contentUrl\":\"https:\/\/www.madeirasradial.com.br\/blog\/wp-content\/uploads\/2025\/05\/Captura-de-Tela-2025-05-13-a\u0300s-17.32.32.png\",\"width\":670,\"height\":384,\"caption\":\"Projetos de constru\u00e7\u00e3o com qualidade: como o compensado suma\u00fama faz a diferen\u00e7a\"},{\"@type\":\"BreadcrumbList\",\"@id\":\"https:\/\/www.madeirasradial.com.br\/blog\/compensados\/projetos-de-construcao-com-qualidade-como-o-compensado-sumauma-faz-a-diferenca\/#breadcrumb\",\"itemListElement\":[{\"@type\":\"ListItem\",\"position\":1,\"name\":\"In\u00edcio\",\"item\":\"https:\/\/www.madeirasradial.com.br\/blog\/\"},{\"@type\":\"ListItem\",\"position\":2,\"name\":\"Projetos de constru\u00e7\u00e3o com qualidade: como o compensado suma\u00fama faz a diferen\u00e7a\"}]},{\"@type\":\"WebSite\",\"@id\":\"https:\/\/www.madeirasradial.com.br\/blog\/#website\",\"url\":\"https:\/\/www.madeirasradial.com.br\/blog\/\",\"name\":\"Madeiras Radial\",\"description\":\"Blog\",\"publisher\":{\"@id\":\"https:\/\/www.madeirasradial.com.br\/blog\/#organization\"},\"potentialAction\":[{\"@type\":\"SearchAction\",\"target\":{\"@type\":\"EntryPoint\",\"urlTemplate\":\"https:\/\/www.madeirasradial.com.br\/blog\/?s={search_term_string}\"},\"query-input\":\"required name=search_term_string\"}],\"inLanguage\":\"pt-BR\"},{\"@type\":\"Organization\",\"@id\":\"https:\/\/www.madeirasradial.com.br\/blog\/#organization\",\"name\":\"Madeiras Radial\",\"url\":\"https:\/\/www.madeirasradial.com.br\/blog\/\",\"logo\":{\"@type\":\"ImageObject\",\"inLanguage\":\"pt-BR\",\"@id\":\"https:\/\/www.madeirasradial.com.br\/blog\/#\/schema\/logo\/image\/\",\"url\":\"https:\/\/www.madeirasradial.com.br\/blog\/wp-content\/uploads\/2022\/04\/logo-sas.png\",\"contentUrl\":\"https:\/\/www.madeirasradial.com.br\/blog\/wp-content\/uploads\/2022\/04\/logo-sas.png\",\"width\":640,\"height\":123,\"caption\":\"Madeiras Radial\"},\"image\":{\"@id\":\"https:\/\/www.madeirasradial.com.br\/blog\/#\/schema\/logo\/image\/\"}},{\"@type\":\"Person\",\"@id\":\"https:\/\/www.madeirasradial.com.br\/blog\/#\/schema\/person\/112c22676c0df61d87d28e82ec250e9e\",\"name\":\"admin\",\"image\":{\"@type\":\"ImageObject\",\"inLanguage\":\"pt-BR\",\"@id\":\"https:\/\/www.madeirasradial.com.br\/blog\/#\/schema\/person\/image\/\",\"url\":\"https:\/\/secure.gravatar.com\/avatar\/3813f53848958b8842eeafda91666185a90010f65ed554379b78794cde6f234a?s=96&d=mm&r=g\",\"contentUrl\":\"https:\/\/secure.gravatar.com\/avatar\/3813f53848958b8842eeafda91666185a90010f65ed554379b78794cde6f234a?s=96&d=mm&r=g\",\"caption\":\"admin\"},\"sameAs\":[\"https:\/\/madeirasradial.com.br\/blog\"],\"url\":\"https:\/\/www.madeirasradial.com.br\/blog\/author\/admin\/\"}]}<\/script>\n<!-- \/ Yoast SEO plugin. -->","yoast_head_json":{"title":"Projetos de constru\u00e7\u00e3o com qualidade: como o compensado suma\u00fama faz a diferen\u00e7a - Madeiras Radial","description":"Descubra como o compensado suma\u00fama pode elevar a qualidade dos seus projetos de constru\u00e7\u00e3o. Saiba por que ele \u00e9 resistente para marcenarias.","robots":{"index":"index","follow":"follow","max-snippet":"max-snippet:-1","max-image-preview":"max-image-preview:large","max-video-preview":"max-video-preview:-1"},"canonical":"https:\/\/www.madeirasradial.com.br\/blog\/compensados\/projetos-de-construcao-com-qualidade-como-o-compensado-sumauma-faz-a-diferenca\/","og_locale":"pt_BR","og_type":"article","og_title":"Projetos de constru\u00e7\u00e3o com qualidade: como o compensado suma\u00fama faz a diferen\u00e7a - Madeiras Radial","og_description":"Descubra como o compensado suma\u00fama pode elevar a qualidade dos seus projetos de constru\u00e7\u00e3o. Saiba por que ele \u00e9 resistente para marcenarias.","og_url":"https:\/\/www.madeirasradial.com.br\/blog\/compensados\/projetos-de-construcao-com-qualidade-como-o-compensado-sumauma-faz-a-diferenca\/","og_site_name":"Madeiras Radial","article_published_time":"2025-05-13T20:48:50+00:00","article_modified_time":"2025-05-13T20:50:14+00:00","og_image":[{"width":670,"height":384,"url":"https:\/\/www.madeirasradial.com.br\/blog\/wp-content\/uploads\/2025\/05\/Captura-de-Tela-2025-05-13-a\u0300s-17.32.32.png","type":"image\/png"}],"author":"admin","twitter_card":"summary_large_image","twitter_misc":{"Escrito por":"admin","Est. tempo de leitura":"6 minutos"},"schema":{"@context":"https:\/\/schema.org","@graph":[{"@type":"Article","@id":"https:\/\/www.madeirasradial.com.br\/blog\/compensados\/projetos-de-construcao-com-qualidade-como-o-compensado-sumauma-faz-a-diferenca\/#article","isPartOf":{"@id":"https:\/\/www.madeirasradial.com.br\/blog\/compensados\/projetos-de-construcao-com-qualidade-como-o-compensado-sumauma-faz-a-diferenca\/"},"author":{"name":"admin","@id":"https:\/\/www.madeirasradial.com.br\/blog\/#\/schema\/person\/112c22676c0df61d87d28e82ec250e9e"},"headline":"Projetos de constru\u00e7\u00e3o com qualidade: como o compensado suma\u00fama faz a diferen\u00e7a","datePublished":"2025-05-13T20:48:50+00:00","dateModified":"2025-05-13T20:50:14+00:00","mainEntityOfPage":{"@id":"https:\/\/www.madeirasradial.com.br\/blog\/compensados\/projetos-de-construcao-com-qualidade-como-o-compensado-sumauma-faz-a-diferenca\/"},"wordCount":1030,"commentCount":0,"publisher":{"@id":"https:\/\/www.madeirasradial.com.br\/blog\/#organization"},"image":{"@id":"https:\/\/www.madeirasradial.com.br\/blog\/compensados\/projetos-de-construcao-com-qualidade-como-o-compensado-sumauma-faz-a-diferenca\/#primaryimage"},"thumbnailUrl":"https:\/\/www.madeirasradial.com.br\/blog\/wp-content\/uploads\/2025\/05\/Captura-de-Tela-2025-05-13-a\u0300s-17.32.32.png","keywords":["compensado com resina fen\u00f3lica","compensado de suma\u00fama em SP","compensado ecol\u00f3gico","compensado leve e resistente","compensado para m\u00f3veis planejados","compensado suma\u00fama","compensado suma\u00fama em Diadema","compensado suma\u00fama em promo\u00e7\u00e3o","compensado suma\u00fama em Santo Andr\u00e9","compensado suma\u00fama em S\u00e3o Bernardo","compensado suma\u00fama em S\u00e3o Caetano","compensado suma\u00fama em s\u00e3o paulo","compensado suma\u00fama em sp","compensado suma\u00fama no ABC","compensado suma\u00fama no Mau\u00e1","compensado suma\u00fama perto de mim","compensado suma\u00fama pre\u00e7o","compensado suma\u00fama pr\u00f3ximo a mim","constru\u00e7\u00e3o civil sustent\u00e1vel","distribuidor de compensado suma\u00fama","empresa de compensado suma\u00fama","f\u00e1brica de compensado suma\u00fama","fabricante de compensado suma\u00fama","fornecedor de compensado suma\u00fama","loja de compensado suma\u00fama","loja de madeira em SP","madeira engenheirada","madeira suma\u00fama","Madeiras Radial compensado","madeireira na Av. Cupec\u00ea","Marcenaria profissional","melhor compensado para marcenaria","onde comprar compensado suma\u00fama","projeto com compensado suma\u00fama","tipos de compensado para marcenaria","uso do compensado na constru\u00e7\u00e3o","vantagens do compensado suma\u00fama"],"articleSection":["Compensados"],"inLanguage":"pt-BR","potentialAction":[{"@type":"CommentAction","name":"Comment","target":["https:\/\/www.madeirasradial.com.br\/blog\/compensados\/projetos-de-construcao-com-qualidade-como-o-compensado-sumauma-faz-a-diferenca\/#respond"]}]},{"@type":"WebPage","@id":"https:\/\/www.madeirasradial.com.br\/blog\/compensados\/projetos-de-construcao-com-qualidade-como-o-compensado-sumauma-faz-a-diferenca\/","url":"https:\/\/www.madeirasradial.com.br\/blog\/compensados\/projetos-de-construcao-com-qualidade-como-o-compensado-sumauma-faz-a-diferenca\/","name":"Projetos de constru\u00e7\u00e3o com qualidade: como o compensado suma\u00fama faz a diferen\u00e7a - Madeiras Radial","isPartOf":{"@id":"https:\/\/www.madeirasradial.com.br\/blog\/#website"},"primaryImageOfPage":{"@id":"https:\/\/www.madeirasradial.com.br\/blog\/compensados\/projetos-de-construcao-com-qualidade-como-o-compensado-sumauma-faz-a-diferenca\/#primaryimage"},"image":{"@id":"https:\/\/www.madeirasradial.com.br\/blog\/compensados\/projetos-de-construcao-com-qualidade-como-o-compensado-sumauma-faz-a-diferenca\/#primaryimage"},"thumbnailUrl":"https:\/\/www.madeirasradial.com.br\/blog\/wp-content\/uploads\/2025\/05\/Captura-de-Tela-2025-05-13-a\u0300s-17.32.32.png","datePublished":"2025-05-13T20:48:50+00:00","dateModified":"2025-05-13T20:50:14+00:00","description":"Descubra como o compensado suma\u00fama pode elevar a qualidade dos seus projetos de constru\u00e7\u00e3o. Saiba por que ele \u00e9 resistente para marcenarias.","breadcrumb":{"@id":"https:\/\/www.madeirasradial.com.br\/blog\/compensados\/projetos-de-construcao-com-qualidade-como-o-compensado-sumauma-faz-a-diferenca\/#breadcrumb"},"inLanguage":"pt-BR","potentialAction":[{"@type":"ReadAction","target":["https:\/\/www.madeirasradial.com.br\/blog\/compensados\/projetos-de-construcao-com-qualidade-como-o-compensado-sumauma-faz-a-diferenca\/"]}]},{"@type":"ImageObject","inLanguage":"pt-BR","@id":"https:\/\/www.madeirasradial.com.br\/blog\/compensados\/projetos-de-construcao-com-qualidade-como-o-compensado-sumauma-faz-a-diferenca\/#primaryimage","url":"https:\/\/www.madeirasradial.com.br\/blog\/wp-content\/uploads\/2025\/05\/Captura-de-Tela-2025-05-13-a\u0300s-17.32.32.png","contentUrl":"https:\/\/www.madeirasradial.com.br\/blog\/wp-content\/uploads\/2025\/05\/Captura-de-Tela-2025-05-13-a\u0300s-17.32.32.png","width":670,"height":384,"caption":"Projetos de constru\u00e7\u00e3o com qualidade: como o compensado suma\u00fama faz a diferen\u00e7a"},{"@type":"BreadcrumbList","@id":"https:\/\/www.madeirasradial.com.br\/blog\/compensados\/projetos-de-construcao-com-qualidade-como-o-compensado-sumauma-faz-a-diferenca\/#breadcrumb","itemListElement":[{"@type":"ListItem","position":1,"name":"In\u00edcio","item":"https:\/\/www.madeirasradial.com.br\/blog\/"},{"@type":"ListItem","position":2,"name":"Projetos de constru\u00e7\u00e3o com qualidade: como o compensado suma\u00fama faz a diferen\u00e7a"}]},{"@type":"WebSite","@id":"https:\/\/www.madeirasradial.com.br\/blog\/#website","url":"https:\/\/www.madeirasradial.com.br\/blog\/","name":"Madeiras Radial","description":"Blog","publisher":{"@id":"https:\/\/www.madeirasradial.com.br\/blog\/#organization"},"potentialAction":[{"@type":"SearchAction","target":{"@type":"EntryPoint","urlTemplate":"https:\/\/www.madeirasradial.com.br\/blog\/?s={search_term_string}"},"query-input":"required name=search_term_string"}],"inLanguage":"pt-BR"},{"@type":"Organization","@id":"https:\/\/www.madeirasradial.com.br\/blog\/#organization","name":"Madeiras Radial","url":"https:\/\/www.madeirasradial.com.br\/blog\/","logo":{"@type":"ImageObject","inLanguage":"pt-BR","@id":"https:\/\/www.madeirasradial.com.br\/blog\/#\/schema\/logo\/image\/","url":"https:\/\/www.madeirasradial.com.br\/blog\/wp-content\/uploads\/2022\/04\/logo-sas.png","contentUrl":"https:\/\/www.madeirasradial.com.br\/blog\/wp-content\/uploads\/2022\/04\/logo-sas.png","width":640,"height":123,"caption":"Madeiras Radial"},"image":{"@id":"https:\/\/www.madeirasradial.com.br\/blog\/#\/schema\/logo\/image\/"}},{"@type":"Person","@id":"https:\/\/www.madeirasradial.com.br\/blog\/#\/schema\/person\/112c22676c0df61d87d28e82ec250e9e","name":"admin","image":{"@type":"ImageObject","inLanguage":"pt-BR","@id":"https:\/\/www.madeirasradial.com.br\/blog\/#\/schema\/person\/image\/","url":"https:\/\/secure.gravatar.com\/avatar\/3813f53848958b8842eeafda91666185a90010f65ed554379b78794cde6f234a?s=96&d=mm&r=g","contentUrl":"https:\/\/secure.gravatar.com\/avatar\/3813f53848958b8842eeafda91666185a90010f65ed554379b78794cde6f234a?s=96&d=mm&r=g","caption":"admin"},"sameAs":["https:\/\/madeirasradial.com.br\/blog"],"url":"https:\/\/www.madeirasradial.com.br\/blog\/author\/admin\/"}]}},"_links":{"self":[{"href":"https:\/\/www.madeirasradial.com.br\/blog\/wp-json\/wp\/v2\/posts\/380","targetHints":{"allow":["GET"]}}],"collection":[{"href":"https:\/\/www.madeirasradial.com.br\/blog\/wp-json\/wp\/v2\/posts"}],"about":[{"href":"https:\/\/www.madeirasradial.com.br\/blog\/wp-json\/wp\/v2\/types\/post"}],"author":[{"embeddable":true,"href":"https:\/\/www.madeirasradial.com.br\/blog\/wp-json\/wp\/v2\/users\/1"}],"replies":[{"embeddable":true,"href":"https:\/\/www.madeirasradial.com.br\/blog\/wp-json\/wp\/v2\/comments?post=380"}],"version-history":[{"count":1,"href":"https:\/\/www.madeirasradial.com.br\/blog\/wp-json\/wp\/v2\/posts\/380\/revisions"}],"predecessor-version":[{"id":383,"href":"https:\/\/www.madeirasradial.com.br\/blog\/wp-json\/wp\/v2\/posts\/380\/revisions\/383"}],"wp:featuredmedia":[{"embeddable":true,"href":"https:\/\/www.madeirasradial.com.br\/blog\/wp-json\/wp\/v2\/media\/381"}],"wp:attachment":[{"href":"https:\/\/www.madeirasradial.com.br\/blog\/wp-json\/wp\/v2\/media?parent=380"}],"wp:term":[{"taxonomy":"category","embeddable":true,"href":"https:\/\/www.madeirasradial.com.br\/blog\/wp-json\/wp\/v2\/categories?post=380"},{"taxonomy":"post_tag","embeddable":true,"href":"https:\/\/www.madeirasradial.com.br\/blog\/wp-json\/wp\/v2\/tags?post=380"}],"curies":[{"name":"wp","href":"https:\/\/api.w.org\/{rel}","templated":true}]}}