{"id":405,"date":"2025-10-15T16:38:57","date_gmt":"2025-10-15T16:38:57","guid":{"rendered":"https:\/\/www.madeirasradial.com.br\/blog\/?p=405"},"modified":"2025-10-15T16:45:15","modified_gmt":"2025-10-15T16:45:15","slug":"vantagens-do-corte-de-mdf-para-moveis-economia-design-e-durabilidade","status":"publish","type":"post","link":"https:\/\/www.madeirasradial.com.br\/blog\/corte-de-mdf\/vantagens-do-corte-de-mdf-para-moveis-economia-design-e-durabilidade\/","title":{"rendered":"Vantagens do corte de MDF para m\u00f3veis: economia, design e durabilidade"},"content":{"rendered":"<span class=\"rt-reading-time\" style=\"display: block;\"><span class=\"rt-label rt-prefix\">Tempo de leitura<\/span> <span class=\"rt-time\">4<\/span> <span class=\"rt-label rt-postfix\">minutos<\/span><\/span>\n<p class=\"has-medium-font-size\"><strong><em>Descubra as principais vantagens do corte de MDF para m\u00f3veis e como essa t\u00e9cnica garante economia, design sofisticado e durabilidade.<\/em><\/strong><\/p>\n\n\n\n<p>O <strong>corte de MDF para m\u00f3veis<\/strong> \u00e9 uma etapa essencial na produ\u00e7\u00e3o de mobili\u00e1rio sob medida. Ele define n\u00e3o apenas a <strong>precis\u00e3o das pe\u00e7as<\/strong>, mas tamb\u00e9m a <strong>qualidade, o design e a durabilidade<\/strong> do produto final.<\/p>\n\n\n\n<p>Quando feito com m\u00e1quinas e t\u00e9cnicas adequadas, o corte de MDF otimiza o aproveitamento das chapas, reduz desperd\u00edcios e assegura um encaixe perfeito entre as partes do m\u00f3vel.<\/p>\n\n\n\n<p>Mais do que um processo t\u00e9cnico, trata-se de uma <strong>etapa estrat\u00e9gica<\/strong> para quem busca unir est\u00e9tica, economia e funcionalidade em projetos de marcenaria e design de interiores.<\/p>\n\n\n\n<div id=\"ez-toc-container\" class=\"ez-toc-v2_0_67_1 counter-hierarchy ez-toc-counter ez-toc-grey ez-toc-container-direction\">\n<div class=\"ez-toc-title-container\">\n<p class=\"ez-toc-title \" >T&oacute;picos do artigo<\/p>\n<span class=\"ez-toc-title-toggle\"><a href=\"#\" class=\"ez-toc-pull-right ez-toc-btn ez-toc-btn-xs ez-toc-btn-default ez-toc-toggle\" aria-label=\"Toggle Table of Content\"><span class=\"ez-toc-js-icon-con\"><span class=\"\"><span class=\"eztoc-hide\" style=\"display:none;\">Toggle<\/span><span class=\"ez-toc-icon-toggle-span\"><svg style=\"fill: #999;color:#999\" xmlns=\"http:\/\/www.w3.org\/2000\/svg\" class=\"list-377408\" width=\"20px\" height=\"20px\" viewBox=\"0 0 24 24\" fill=\"none\"><path d=\"M6 6H4v2h2V6zm14 0H8v2h12V6zM4 11h2v2H4v-2zm16 0H8v2h12v-2zM4 16h2v2H4v-2zm16 0H8v2h12v-2z\" fill=\"currentColor\"><\/path><\/svg><svg style=\"fill: #999;color:#999\" class=\"arrow-unsorted-368013\" xmlns=\"http:\/\/www.w3.org\/2000\/svg\" width=\"10px\" height=\"10px\" viewBox=\"0 0 24 24\" version=\"1.2\" baseProfile=\"tiny\"><path d=\"M18.2 9.3l-6.2-6.3-6.2 6.3c-.2.2-.3.4-.3.7s.1.5.3.7c.2.2.4.3.7.3h11c.3 0 .5-.1.7-.3.2-.2.3-.5.3-.7s-.1-.5-.3-.7zM5.8 14.7l6.2 6.3 6.2-6.3c.2-.2.3-.5.3-.7s-.1-.5-.3-.7c-.2-.2-.4-.3-.7-.3h-11c-.3 0-.5.1-.7.3-.2.2-.3.5-.3.7s.1.5.3.7z\"\/><\/svg><\/span><\/span><\/span><\/a><\/span><\/div>\n<nav><ul class='ez-toc-list ez-toc-list-level-1 ' ><li class='ez-toc-page-1 ez-toc-heading-level-2'><a class=\"ez-toc-link ez-toc-heading-1\" href=\"https:\/\/www.madeirasradial.com.br\/blog\/corte-de-mdf\/vantagens-do-corte-de-mdf-para-moveis-economia-design-e-durabilidade\/#Corte_de_MDF_para_moveis_o_que_e_e_por_que_e_tao_importante\" title=\"Corte de MDF para m\u00f3veis: o que \u00e9 e por que \u00e9 t\u00e3o importante\">Corte de MDF para m\u00f3veis: o que \u00e9 e por que \u00e9 t\u00e3o importante<\/a><\/li><li class='ez-toc-page-1 ez-toc-heading-level-2'><a class=\"ez-toc-link ez-toc-heading-2\" href=\"https:\/\/www.madeirasradial.com.br\/blog\/corte-de-mdf\/vantagens-do-corte-de-mdf-para-moveis-economia-design-e-durabilidade\/#Vantagens_do_corte_de_MDF_para_moveis\" title=\"Vantagens do corte de MDF para m\u00f3veis\">Vantagens do corte de MDF para m\u00f3veis<\/a><ul class='ez-toc-list-level-3' ><li class='ez-toc-heading-level-3'><a class=\"ez-toc-link ez-toc-heading-3\" href=\"https:\/\/www.madeirasradial.com.br\/blog\/corte-de-mdf\/vantagens-do-corte-de-mdf-para-moveis-economia-design-e-durabilidade\/#1_Economia_e_melhor_aproveitamento_do_material\" title=\"1. Economia e melhor aproveitamento do material\">1. Economia e melhor aproveitamento do material<\/a><\/li><li class='ez-toc-page-1 ez-toc-heading-level-3'><a class=\"ez-toc-link ez-toc-heading-4\" href=\"https:\/\/www.madeirasradial.com.br\/blog\/corte-de-mdf\/vantagens-do-corte-de-mdf-para-moveis-economia-design-e-durabilidade\/#2_Design_moderno_e_personalizacao_total\" title=\"2. Design moderno e personaliza\u00e7\u00e3o total\">2. Design moderno e personaliza\u00e7\u00e3o total<\/a><\/li><li class='ez-toc-page-1 ez-toc-heading-level-3'><a class=\"ez-toc-link ez-toc-heading-5\" href=\"https:\/\/www.madeirasradial.com.br\/blog\/corte-de-mdf\/vantagens-do-corte-de-mdf-para-moveis-economia-design-e-durabilidade\/#3_Durabilidade_e_resistencia_ao_longo_dos_anos\" title=\"3. Durabilidade e resist\u00eancia ao longo dos anos\">3. Durabilidade e resist\u00eancia ao longo dos anos<\/a><\/li><\/ul><\/li><li class='ez-toc-page-1 ez-toc-heading-level-2'><a class=\"ez-toc-link ez-toc-heading-6\" href=\"https:\/\/www.madeirasradial.com.br\/blog\/corte-de-mdf\/vantagens-do-corte-de-mdf-para-moveis-economia-design-e-durabilidade\/#Como_escolher_o_melhor_servico_de_corte_de_MDF_para_moveis\" title=\"Como escolher o melhor servi\u00e7o de corte de MDF para m\u00f3veis\">Como escolher o melhor servi\u00e7o de corte de MDF para m\u00f3veis<\/a><\/li><li class='ez-toc-page-1 ez-toc-heading-level-2'><a class=\"ez-toc-link ez-toc-heading-7\" href=\"https:\/\/www.madeirasradial.com.br\/blog\/corte-de-mdf\/vantagens-do-corte-de-mdf-para-moveis-economia-design-e-durabilidade\/#Corte_de_MDF_para_moveis_da_Madeiras_Radial\" title=\"Corte de MDF para m\u00f3veis da Madeiras Radial\">Corte de MDF para m\u00f3veis da Madeiras Radial<\/a><\/li><\/ul><\/nav><\/div>\n<h2 class=\"wp-block-heading\"><span class=\"ez-toc-section\" id=\"Corte_de_MDF_para_moveis_o_que_e_e_por_que_e_tao_importante\"><\/span><strong>Corte de MDF para m\u00f3veis: o que \u00e9 e por que \u00e9 t\u00e3o importante<\/strong><span class=\"ez-toc-section-end\"><\/span><\/h2>\n\n\n\n<p>O <strong>corte de MDF para m\u00f3veis<\/strong> consiste em <strong>fatiar chapas de MDF (Medium Density Fiberboard)<\/strong> nas medidas e formatos exatos para montagem de m\u00f3veis planejados, prateleiras, gavetas, portas e outras pe\u00e7as.<\/p>\n\n\n\n<p>O MDF \u00e9 um material vers\u00e1til, de <strong>alta densidade e superf\u00edcie lisa<\/strong>, o que permite cortes precisos e acabamentos impec\u00e1veis.&nbsp;<\/p>\n\n\n\n<p>Esse tipo de corte \u00e9 realizado por meio de <strong>equipamentos automatizados<\/strong>, como <strong>m\u00e1quinas de serra circular e CNC (Comando Num\u00e9rico Computadorizado)<\/strong>, que garantem resultados uniformes e r\u00e1pidos.<\/p>\n\n\n\n<p>Al\u00e9m disso, o corte de MDF \u00e9 um processo que influencia diretamente a <strong>montagem e a durabilidade<\/strong> dos m\u00f3veis, j\u00e1 que <strong>bordas mal cortadas ou medidas imprecisas<\/strong> comprometem o encaixe e a resist\u00eancia das pe\u00e7as.<\/p>\n\n\n\n<ul class=\"wp-block-list\">\n<li><a href=\"https:\/\/www.madeirasradial.com.br\/blog\/corte-e-filetamento-de-chapas\/servico-de-corte-e-filetamento-de-madeira-para-multiplas-aplicacoes-onde-encontrar\/\">Servi\u00e7o de corte e filetamento de madeira para m\u00faltiplas aplica\u00e7\u00f5es: onde encontrar<\/a><\/li>\n<\/ul>\n\n\n\n<h2 class=\"wp-block-heading\"><span class=\"ez-toc-section\" id=\"Vantagens_do_corte_de_MDF_para_moveis\"><\/span><strong>Vantagens do corte de MDF para m\u00f3veis<\/strong><span class=\"ez-toc-section-end\"><\/span><\/h2>\n\n\n\n<p>O corte de MDF oferece <strong>diversos benef\u00edcios competitivos<\/strong> para marceneiros, arquitetos e clientes finais. A seguir, destacamos as principais vantagens dessa t\u00e9cnica que revolucionou o setor moveleiro.<\/p>\n\n\n\n<h3 class=\"wp-block-heading\"><span class=\"ez-toc-section\" id=\"1_Economia_e_melhor_aproveitamento_do_material\"><\/span><strong>1. Economia e melhor aproveitamento do material<\/strong><span class=\"ez-toc-section-end\"><\/span><\/h3>\n\n\n\n<p>Uma das maiores vantagens do <strong>corte de MDF para m\u00f3veis<\/strong> \u00e9 o <strong>aproveitamento m\u00e1ximo das chapas<\/strong>, reduzindo perdas e custos.<\/p>\n\n\n\n<p>Gra\u00e7as ao uso de softwares de <strong>otimiza\u00e7\u00e3o de corte<\/strong>, as medidas s\u00e3o calculadas de forma inteligente, organizando os recortes de modo que <strong>cada peda\u00e7o de MDF seja utilizado de forma eficiente<\/strong>.<\/p>\n\n\n\n<p>Isso resulta em:<\/p>\n\n\n\n<ul class=\"wp-block-list\">\n<li><strong>Redu\u00e7\u00e3o de desperd\u00edcio de material<\/strong>, o que impacta diretamente no custo final do projeto;<br><br><\/li>\n\n\n\n<li><strong>Mais agilidade na produ\u00e7\u00e3o<\/strong>, com cortes prontos e medidas exatas;<br><br><\/li>\n\n\n\n<li><strong>Menor tempo de montagem<\/strong>, j\u00e1 que todas as pe\u00e7as chegam prontas para o encaixe.<br><\/li>\n<\/ul>\n\n\n\n<p>Al\u00e9m da economia de material, h\u00e1 tamb\u00e9m <strong>redu\u00e7\u00e3o de custos com m\u00e3o de obra<\/strong>, j\u00e1 que o corte automatizado dispensa retrabalhos e ajustes manuais.<\/p>\n\n\n\n<h3 class=\"wp-block-heading\"><span class=\"ez-toc-section\" id=\"2_Design_moderno_e_personalizacao_total\"><\/span><strong>2. Design moderno e personaliza\u00e7\u00e3o total<\/strong><span class=\"ez-toc-section-end\"><\/span><\/h3>\n\n\n\n<p>O <strong>corte de MDF para m\u00f3veis<\/strong> permite uma <strong>liberdade criativa quase ilimitada<\/strong>. Por meio da tecnologia CNC, \u00e9 poss\u00edvel cortar o MDF em <strong>formatos complexos, curvas, recortes personalizados e encaixes especiais<\/strong>.<\/p>\n\n\n\n<p>Isso possibilita:<\/p>\n\n\n\n<ul class=\"wp-block-list\">\n<li><strong>Cria\u00e7\u00e3o de m\u00f3veis \u00fanicos<\/strong>, sob medida e adaptados ao espa\u00e7o do cliente;<br><br><\/li>\n\n\n\n<li><strong>Acabamentos diferenciados<\/strong>, com cortes milim\u00e9tricos e sim\u00e9tricos;<br><br><\/li>\n\n\n\n<li><strong>Versatilidade est\u00e9tica<\/strong>, permitindo desde linhas retas minimalistas at\u00e9 curvas org\u00e2nicas e detalhes decorativos.<br><\/li>\n<\/ul>\n\n\n\n<p>O resultado s\u00e3o m\u00f3veis que se destacam tanto pela <strong>beleza<\/strong> quanto pela <strong>funcionalidade<\/strong>. Em projetos residenciais ou corporativos, o corte de MDF \u00e9 essencial para entregar <strong>design moderno com precis\u00e3o artesanal<\/strong>.<\/p>\n\n\n\n<h3 class=\"wp-block-heading\"><span class=\"ez-toc-section\" id=\"3_Durabilidade_e_resistencia_ao_longo_dos_anos\"><\/span><strong>3. Durabilidade e resist\u00eancia ao longo dos anos<\/strong><span class=\"ez-toc-section-end\"><\/span><\/h3>\n\n\n\n<p>O MDF \u00e9 um material reconhecido por sua <strong>alta resist\u00eancia mec\u00e2nica<\/strong> e excelente estabilidade dimensional.<\/p>\n\n\n\n<p>Quando o <strong>corte de MDF para m\u00f3veis<\/strong> \u00e9 feito com ferramentas adequadas e l\u00e2minas afiadas, o resultado s\u00e3o bordas <strong>sem rebarbas, sem fissuras e com superf\u00edcie \u00edntegra<\/strong>, o que aumenta a vida \u00fatil da pe\u00e7a.<\/p>\n\n\n\n<p>Al\u00e9m disso, o corte profissional evita o <strong>esfarelamento e o desgaste precoce do material<\/strong>, problemas comuns quando o servi\u00e7o \u00e9 feito sem t\u00e9cnica.<\/p>\n\n\n\n<p>Portanto, um bom corte significa:<\/p>\n\n\n\n<ul class=\"wp-block-list\">\n<li><strong>Pe\u00e7as que se encaixam perfeitamente<\/strong>, garantindo maior rigidez estrutural;<br><br><\/li>\n\n\n\n<li><strong>Menor risco de trincas ou desalinhamentos<\/strong>;<br><br><\/li>\n\n\n\n<li><strong>M\u00f3veis dur\u00e1veis<\/strong>, que mant\u00eam apar\u00eancia nova mesmo ap\u00f3s anos de uso.<br><\/li>\n<\/ul>\n\n\n\n<p>Essa durabilidade \u00e9 um dos fatores que tornam o MDF uma escolha preferencial entre <strong>marceneiros e designers de interiores<\/strong>.<\/p>\n\n\n\n<h2 class=\"wp-block-heading\"><span class=\"ez-toc-section\" id=\"Como_escolher_o_melhor_servico_de_corte_de_MDF_para_moveis\"><\/span><strong>Como escolher o melhor servi\u00e7o de corte de MDF para m\u00f3veis<\/strong><span class=\"ez-toc-section-end\"><\/span><\/h2>\n\n\n\n<p>Escolher o <strong>melhor servi\u00e7o de corte de MDF para m\u00f3veis<\/strong> \u00e9 essencial para garantir qualidade, precis\u00e3o e durabilidade. O primeiro ponto a observar \u00e9 a <strong>tecnologia utilizada<\/strong>.&nbsp;<\/p>\n\n\n<div class=\"wp-block-image\">\n<figure class=\"alignright size-full is-resized\"><img loading=\"lazy\" decoding=\"async\" width=\"640\" height=\"480\" src=\"https:\/\/www.madeirasradial.com.br\/blog\/wp-content\/uploads\/2025\/10\/servicos.jpg\" alt=\"Vantagens do corte de MDF para m\u00f3veis: economia, design e durabilidade\n\" class=\"wp-image-407\" style=\"width:310px;height:auto\"\/><\/figure>\n<\/div>\n\n\n<p>Empresas que contam com <strong>m\u00e1quinas automatizadas, como o sistema CNC<\/strong>, realizam cortes precisos, sem desperd\u00edcio de material e com acabamento perfeito.<\/p>\n\n\n\n<p>Outro fator importante \u00e9 a <strong>variedade de chapas e espessuras<\/strong> oferecidas. Um bom fornecedor permite que o cliente escolha o <strong>tipo de MDF mais adequado<\/strong> para o projeto, garantindo personaliza\u00e7\u00e3o e efici\u00eancia no resultado.<\/p>\n\n\n\n<p>A <strong>qualidade da mat\u00e9ria-prima<\/strong> tamb\u00e9m faz toda diferen\u00e7a. Trabalhar com <strong>MDF de alta densidade e proced\u00eancia confi\u00e1vel<\/strong> assegura resist\u00eancia e durabilidade, evitando deforma\u00e7\u00f5es e falhas no encaixe das pe\u00e7as.<\/p>\n\n\n\n<p>Por fim, valorize a <strong>experi\u00eancia e o atendimento da empresa<\/strong>. Um fornecedor especializado oferece <strong>suporte t\u00e9cnico, prazos \u00e1geis e aten\u00e7\u00e3o aos detalhes<\/strong>, refletindo compromisso com o cliente e com o resultado final.<\/p>\n\n\n\n<p>Em resumo, o melhor servi\u00e7o de corte de MDF para m\u00f3veis \u00e9 aquele que une <strong>tecnologia, variedade, qualidade e atendimento profissional<\/strong>, entregando precis\u00e3o e acabamento de alto padr\u00e3o.<\/p>\n\n\n\n<ul class=\"wp-block-list\">\n<li><a href=\"https:\/\/www.madeirasradial.com.br\/blog\/corte-de-mdf\/mdf-cortado-sob-medida-aposte-em-personalizacao-e-eficiencia-para-o-seu-projeto\/\">MDF cortado sob medida: aposte em personaliza\u00e7\u00e3o e efici\u00eancia para o seu projeto<\/a><\/li>\n<\/ul>\n\n\n\n<h2 class=\"wp-block-heading\"><span class=\"ez-toc-section\" id=\"Corte_de_MDF_para_moveis_da_Madeiras_Radial\"><\/span><strong>Corte de MDF para m\u00f3veis da Madeiras Radial<\/strong><span class=\"ez-toc-section-end\"><\/span><\/h2>\n\n\n\n<p>Se voc\u00ea procura <strong>qualidade, tradi\u00e7\u00e3o e tecnologia<\/strong>, a <strong>Madeiras Radial<\/strong> \u00e9 refer\u00eancia em <strong>corte de MDF para m\u00f3veis<\/strong> desde 1964.<\/p>\n\n\n\n<p>Instalada na <strong>Av. Cupec\u00ea<\/strong>, a empresa conta com <strong>um amplo dep\u00f3sito de 800m\u00b2<\/strong>, estacionamento pr\u00f3prio e um time especializado no atendimento a marceneiros e profissionais do setor.<\/p>\n\n\n\n<p>A <strong>Madeiras Radial<\/strong> oferece:<\/p>\n\n\n\n<ul class=\"wp-block-list\">\n<li><strong>Servi\u00e7o de corte de MDF de alta precis\u00e3o<\/strong>, com m\u00e1quinas modernas e t\u00e9cnicos qualificados;<br><br><\/li>\n\n\n\n<li><strong>Ampla variedade de chapas e acabamentos<\/strong>, ideais para m\u00f3veis planejados e sob medida;<br><br><\/li>\n\n\n\n<li><strong>Mat\u00e9ria-prima premium<\/strong>, garantindo resist\u00eancia e acabamento perfeito;<br><br><\/li>\n\n\n\n<li><strong>Atendimento personalizado<\/strong>, com orienta\u00e7\u00e3o t\u00e9cnica e prazos \u00e1geis.<br><\/li>\n<\/ul>\n\n\n\n<p>Com d\u00e9cadas de experi\u00eancia, a Madeiras Radial \u00e9 reconhecida pela <strong>qualidade, pontualidade e comprometimento com o cliente<\/strong>, sendo parceira ideal para quem busca <strong>m\u00f3veis dur\u00e1veis, sofisticados e bem acabados<\/strong>.<\/p>\n\n\n\n<p><strong>Em busca de uma empresa especializada em corte de MDF para m\u00f3veis de alta qualidade? <a href=\"https:\/\/www.madeirasradial.com.br\/contato\">Entre em contato com a Madeiras Radial!<\/a><\/strong><\/p>\n","protected":false},"excerpt":{"rendered":"<p><span class=\"rt-reading-time\" style=\"display: block;\"><span class=\"rt-label rt-prefix\">Tempo de leitura<\/span> <span class=\"rt-time\">4<\/span> <span class=\"rt-label rt-postfix\">minutos<\/span><\/span> Descubra as principais vantagens do corte de MDF para m\u00f3veis e como essa t\u00e9cnica garante economia, design sofisticado e durabilidade. O corte de MDF para m\u00f3veis \u00e9 uma etapa essencial na produ\u00e7\u00e3o de mobili\u00e1rio sob medida. Ele define n\u00e3o apenas&#8230;<\/p>\n","protected":false},"author":1,"featured_media":406,"comment_status":"open","ping_status":"open","sticky":false,"template":"","format":"standard","meta":{"footnotes":""},"categories":[794],"tags":[1205,801,1218,1216,1223,1199,1208,1219,1238,1251,1248,1252,1244,1249,1246,1250,1234,1233,1240,1237,1245,1241,1239,1247,1243,1242,1231,1235,1232,1236,1198,955,1203,1224,1209,1210,1230,1202,1207,953,1221,1200,1204,950,1206,1215,1211,1225,1222,1214,1229,1226,1212,1227,1220,1217,1213,1201,1228,799],"class_list":["post-405","post","type-post","status-publish","format-standard","has-post-thumbnail","hentry","category-corte-de-mdf","tag-acabamento-mdf","tag-como-cortar-mdf","tag-como-escolher-empresa-de-corte-de-mdf","tag-como-garantir-precisao-no-corte-de-mdf","tag-como-o-corte-afeta-o-design-dos-moveis","tag-corte-cnc-mdf","tag-corte-de-mdf-av-cupece","tag-corte-de-mdf-e-sustentavel","tag-corte-de-mdf-para-moveis-em-americanopolis","tag-corte-de-mdf-para-moveis-em-diadema","tag-corte-de-mdf-para-moveis-em-guarulhos","tag-corte-de-mdf-para-moveis-em-osasco","tag-corte-de-mdf-para-moveis-em-santo-amaro","tag-corte-de-mdf-para-moveis-em-santo-andre","tag-corte-de-mdf-para-moveis-em-sao-bernardo","tag-corte-de-mdf-para-moveis-em-sao-caetano","tag-corte-de-mdf-para-moveis-em-sao-paulo","tag-corte-de-mdf-para-moveis-em-sp","tag-corte-de-mdf-para-moveis-na-vila-joaniza","tag-corte-de-mdf-para-moveis-na-zona-leste","tag-corte-de-mdf-para-moveis-na-zona-norte","tag-corte-de-mdf-para-moveis-na-zona-oeste","tag-corte-de-mdf-para-moveis-na-zona-sul","tag-corte-de-mdf-para-moveis-no-abc","tag-corte-de-mdf-para-moveis-no-centro","tag-corte-de-mdf-para-moveis-no-taboao","tag-corte-de-mdf-para-moveis-onde-encontrar","tag-corte-de-mdf-para-moveis-perto-de-mim","tag-corte-de-mdf-para-moveis-preco","tag-corte-de-mdf-para-moveis-proximo-a-mim","tag-corte-de-mdf-sob-medida","tag-corte-mdf-profissional","tag-design-mdf","tag-diferenca-entre-mdf-e-mdp-no-corte","tag-durabilidade-moveis-mdf","tag-economia-corte-mdf","tag-empresa-de-corte-de-mdf-para-moveis","tag-empresa-de-corte-mdf","tag-empresa-madeiras-radial","tag-marcenaria-mdf","tag-mdf-e-duravel","tag-mdf-sob-medida-sao-paulo","tag-moveis-de-mdf-duraveis","tag-moveis-planejados-mdf","tag-moveis-sob-medida","tag-o-que-e-corte-cnc-mdf","tag-o-que-e-corte-de-mdf-para-moveis","tag-o-que-e-mdf-de-alta-densidade","tag-onde-encontrar-corte-mdf-em-sao-paulo","tag-onde-fazer-corte-de-mdf-sob-medida","tag-onde-fica-a-madeiras-radial","tag-por-que-o-mdf-precisa-de-corte-profissional","tag-quais-as-vantagens-do-corte-de-mdf","tag-quais-maquinas-fazem-o-corte-de-mdf","tag-quais-sao-os-tipos-de-corte-mdf","tag-qual-mdf-usar-para-moveis-planejados","tag-quanto-custa-o-corte-de-mdf-para-moveis","tag-tecnologia-corte-mdf","tag-vantagens-do-cnc-no-mdf","tag-vantagens-do-corte-de-mdf"],"yoast_head":"<!-- This site is optimized with the Yoast SEO plugin v23.0 - https:\/\/yoast.com\/wordpress\/plugins\/seo\/ -->\n<title>Vantagens do corte de MDF para m\u00f3veis: economia, design e durabilidade - Madeiras Radial<\/title>\n<meta name=\"description\" content=\"Descubra as principais vantagens do corte de MDF para m\u00f3veis e como essa t\u00e9cnica garante economia, design sofisticado e durabilidade.\" \/>\n<meta name=\"robots\" content=\"index, follow, max-snippet:-1, max-image-preview:large, max-video-preview:-1\" \/>\n<link rel=\"canonical\" href=\"https:\/\/www.madeirasradial.com.br\/blog\/corte-de-mdf\/vantagens-do-corte-de-mdf-para-moveis-economia-design-e-durabilidade\/\" \/>\n<meta property=\"og:locale\" content=\"pt_BR\" \/>\n<meta property=\"og:type\" content=\"article\" \/>\n<meta property=\"og:title\" content=\"Vantagens do corte de MDF para m\u00f3veis: economia, design e durabilidade - Madeiras Radial\" \/>\n<meta property=\"og:description\" content=\"Descubra as principais vantagens do corte de MDF para m\u00f3veis e como essa t\u00e9cnica garante economia, design sofisticado e durabilidade.\" \/>\n<meta property=\"og:url\" content=\"https:\/\/www.madeirasradial.com.br\/blog\/corte-de-mdf\/vantagens-do-corte-de-mdf-para-moveis-economia-design-e-durabilidade\/\" \/>\n<meta property=\"og:site_name\" content=\"Madeiras Radial\" \/>\n<meta property=\"article:published_time\" content=\"2025-10-15T16:38:57+00:00\" \/>\n<meta property=\"article:modified_time\" content=\"2025-10-15T16:45:15+00:00\" \/>\n<meta property=\"og:image\" content=\"https:\/\/www.madeirasradial.com.br\/blog\/wp-content\/uploads\/2025\/10\/Captura-de-Tela-2025-10-15-a\u0300s-13.31.31.png\" \/>\n\t<meta property=\"og:image:width\" content=\"1039\" \/>\n\t<meta property=\"og:image:height\" content=\"680\" \/>\n\t<meta property=\"og:image:type\" content=\"image\/png\" \/>\n<meta name=\"author\" content=\"admin\" \/>\n<meta name=\"twitter:card\" content=\"summary_large_image\" \/>\n<meta name=\"twitter:label1\" content=\"Escrito por\" \/>\n\t<meta name=\"twitter:data1\" content=\"admin\" \/>\n\t<meta name=\"twitter:label2\" content=\"Est. tempo de leitura\" \/>\n\t<meta name=\"twitter:data2\" content=\"6 minutos\" \/>\n<script type=\"application\/ld+json\" class=\"yoast-schema-graph\">{\"@context\":\"https:\/\/schema.org\",\"@graph\":[{\"@type\":\"Article\",\"@id\":\"https:\/\/www.madeirasradial.com.br\/blog\/corte-de-mdf\/vantagens-do-corte-de-mdf-para-moveis-economia-design-e-durabilidade\/#article\",\"isPartOf\":{\"@id\":\"https:\/\/www.madeirasradial.com.br\/blog\/corte-de-mdf\/vantagens-do-corte-de-mdf-para-moveis-economia-design-e-durabilidade\/\"},\"author\":{\"name\":\"admin\",\"@id\":\"https:\/\/www.madeirasradial.com.br\/blog\/#\/schema\/person\/112c22676c0df61d87d28e82ec250e9e\"},\"headline\":\"Vantagens do corte de MDF para m\u00f3veis: economia, design e durabilidade\",\"datePublished\":\"2025-10-15T16:38:57+00:00\",\"dateModified\":\"2025-10-15T16:45:15+00:00\",\"mainEntityOfPage\":{\"@id\":\"https:\/\/www.madeirasradial.com.br\/blog\/corte-de-mdf\/vantagens-do-corte-de-mdf-para-moveis-economia-design-e-durabilidade\/\"},\"wordCount\":1105,\"commentCount\":0,\"publisher\":{\"@id\":\"https:\/\/www.madeirasradial.com.br\/blog\/#organization\"},\"image\":{\"@id\":\"https:\/\/www.madeirasradial.com.br\/blog\/corte-de-mdf\/vantagens-do-corte-de-mdf-para-moveis-economia-design-e-durabilidade\/#primaryimage\"},\"thumbnailUrl\":\"https:\/\/www.madeirasradial.com.br\/blog\/wp-content\/uploads\/2025\/10\/Captura-de-Tela-2025-10-15-a\u0300s-13.31.31.png\",\"keywords\":[\"acabamento MDF\",\"como cortar MDF\",\"como escolher empresa de corte de MDF?\",\"como garantir precis\u00e3o no corte de MDF?\",\"como o corte afeta o design dos m\u00f3veis?\",\"corte CNC MDF\",\"corte de MDF Av. Cupec\u00ea\",\"corte de MDF \u00e9 sustent\u00e1vel?\",\"corte de MDF para m\u00f3veis em American\u00f3polis\",\"corte de MDF para m\u00f3veis em Diadema\",\"corte de MDF para m\u00f3veis em Guarulhos\",\"corte de MDF para m\u00f3veis em Osasco\",\"corte de MDF para m\u00f3veis em Santo Amaro\",\"corte de MDF para m\u00f3veis em Santo Andr\u00e9\",\"corte de MDF para m\u00f3veis em S\u00e3o Bernardo\",\"corte de MDF para m\u00f3veis em S\u00e3o Caetano\",\"corte de MDF para m\u00f3veis em s\u00e3o paulo\",\"corte de MDF para m\u00f3veis em sp\",\"corte de MDF para m\u00f3veis na Vila Joaniza\",\"corte de MDF para m\u00f3veis na zona leste\",\"corte de MDF para m\u00f3veis na zona norte\",\"corte de MDF para m\u00f3veis na zona oeste\",\"corte de MDF para m\u00f3veis na zona sul\",\"corte de MDF para m\u00f3veis no ABC\",\"corte de MDF para m\u00f3veis no centro\",\"corte de MDF para m\u00f3veis no Tabo\u00e3o\",\"corte de MDF para m\u00f3veis onde encontrar\",\"corte de MDF para m\u00f3veis perto de mim\",\"corte de MDF para m\u00f3veis pre\u00e7o\",\"corte de MDF para m\u00f3veis pr\u00f3ximo a mim\",\"corte de MDF sob medida\",\"corte MDF profissional\",\"design MDF\",\"diferen\u00e7a entre MDF e MDP no corte?\",\"durabilidade m\u00f3veis MDF\",\"economia corte MDF\",\"empresa de corte de MDF para m\u00f3veis\",\"empresa de corte MDF\",\"empresa Madeiras Radial\",\"marcenaria MDF\",\"MDF \u00e9 dur\u00e1vel?\",\"MDF sob medida S\u00e3o Paulo\",\"m\u00f3veis de MDF dur\u00e1veis\",\"m\u00f3veis planejados MDF\",\"m\u00f3veis sob medida\",\"o que \u00e9 corte CNC MDF?\",\"o que \u00e9 corte de MDF para m\u00f3veis?\",\"o que \u00e9 MDF de alta densidade?\",\"onde encontrar corte MDF em S\u00e3o Paulo?\",\"onde fazer corte de MDF sob medida?\",\"onde fica a Madeiras Radial?\",\"por que o MDF precisa de corte profissional?\",\"quais as vantagens do corte de MDF?\",\"quais m\u00e1quinas fazem o corte de MDF?\",\"quais s\u00e3o os tipos de corte MDF?\",\"qual MDF usar para m\u00f3veis planejados?\",\"quanto custa o corte de MDF para m\u00f3veis?\",\"tecnologia corte MDF\",\"vantagens do CNC no MDF?\",\"vantagens do corte de MDF\"],\"articleSection\":[\"Corte de MDF\"],\"inLanguage\":\"pt-BR\",\"potentialAction\":[{\"@type\":\"CommentAction\",\"name\":\"Comment\",\"target\":[\"https:\/\/www.madeirasradial.com.br\/blog\/corte-de-mdf\/vantagens-do-corte-de-mdf-para-moveis-economia-design-e-durabilidade\/#respond\"]}]},{\"@type\":\"WebPage\",\"@id\":\"https:\/\/www.madeirasradial.com.br\/blog\/corte-de-mdf\/vantagens-do-corte-de-mdf-para-moveis-economia-design-e-durabilidade\/\",\"url\":\"https:\/\/www.madeirasradial.com.br\/blog\/corte-de-mdf\/vantagens-do-corte-de-mdf-para-moveis-economia-design-e-durabilidade\/\",\"name\":\"Vantagens do corte de MDF para m\u00f3veis: economia, design e durabilidade - Madeiras Radial\",\"isPartOf\":{\"@id\":\"https:\/\/www.madeirasradial.com.br\/blog\/#website\"},\"primaryImageOfPage\":{\"@id\":\"https:\/\/www.madeirasradial.com.br\/blog\/corte-de-mdf\/vantagens-do-corte-de-mdf-para-moveis-economia-design-e-durabilidade\/#primaryimage\"},\"image\":{\"@id\":\"https:\/\/www.madeirasradial.com.br\/blog\/corte-de-mdf\/vantagens-do-corte-de-mdf-para-moveis-economia-design-e-durabilidade\/#primaryimage\"},\"thumbnailUrl\":\"https:\/\/www.madeirasradial.com.br\/blog\/wp-content\/uploads\/2025\/10\/Captura-de-Tela-2025-10-15-a\u0300s-13.31.31.png\",\"datePublished\":\"2025-10-15T16:38:57+00:00\",\"dateModified\":\"2025-10-15T16:45:15+00:00\",\"description\":\"Descubra as principais vantagens do corte de MDF para m\u00f3veis e como essa t\u00e9cnica garante economia, design sofisticado e durabilidade.\",\"breadcrumb\":{\"@id\":\"https:\/\/www.madeirasradial.com.br\/blog\/corte-de-mdf\/vantagens-do-corte-de-mdf-para-moveis-economia-design-e-durabilidade\/#breadcrumb\"},\"inLanguage\":\"pt-BR\",\"potentialAction\":[{\"@type\":\"ReadAction\",\"target\":[\"https:\/\/www.madeirasradial.com.br\/blog\/corte-de-mdf\/vantagens-do-corte-de-mdf-para-moveis-economia-design-e-durabilidade\/\"]}]},{\"@type\":\"ImageObject\",\"inLanguage\":\"pt-BR\",\"@id\":\"https:\/\/www.madeirasradial.com.br\/blog\/corte-de-mdf\/vantagens-do-corte-de-mdf-para-moveis-economia-design-e-durabilidade\/#primaryimage\",\"url\":\"https:\/\/www.madeirasradial.com.br\/blog\/wp-content\/uploads\/2025\/10\/Captura-de-Tela-2025-10-15-a\u0300s-13.31.31.png\",\"contentUrl\":\"https:\/\/www.madeirasradial.com.br\/blog\/wp-content\/uploads\/2025\/10\/Captura-de-Tela-2025-10-15-a\u0300s-13.31.31.png\",\"width\":1039,\"height\":680,\"caption\":\"Vantagens do corte de MDF para m\u00f3veis: economia, design e durabilidade\"},{\"@type\":\"BreadcrumbList\",\"@id\":\"https:\/\/www.madeirasradial.com.br\/blog\/corte-de-mdf\/vantagens-do-corte-de-mdf-para-moveis-economia-design-e-durabilidade\/#breadcrumb\",\"itemListElement\":[{\"@type\":\"ListItem\",\"position\":1,\"name\":\"In\u00edcio\",\"item\":\"https:\/\/www.madeirasradial.com.br\/blog\/\"},{\"@type\":\"ListItem\",\"position\":2,\"name\":\"Vantagens do corte de MDF para m\u00f3veis: economia, design e durabilidade\"}]},{\"@type\":\"WebSite\",\"@id\":\"https:\/\/www.madeirasradial.com.br\/blog\/#website\",\"url\":\"https:\/\/www.madeirasradial.com.br\/blog\/\",\"name\":\"Madeiras Radial\",\"description\":\"Blog\",\"publisher\":{\"@id\":\"https:\/\/www.madeirasradial.com.br\/blog\/#organization\"},\"potentialAction\":[{\"@type\":\"SearchAction\",\"target\":{\"@type\":\"EntryPoint\",\"urlTemplate\":\"https:\/\/www.madeirasradial.com.br\/blog\/?s={search_term_string}\"},\"query-input\":\"required name=search_term_string\"}],\"inLanguage\":\"pt-BR\"},{\"@type\":\"Organization\",\"@id\":\"https:\/\/www.madeirasradial.com.br\/blog\/#organization\",\"name\":\"Madeiras Radial\",\"url\":\"https:\/\/www.madeirasradial.com.br\/blog\/\",\"logo\":{\"@type\":\"ImageObject\",\"inLanguage\":\"pt-BR\",\"@id\":\"https:\/\/www.madeirasradial.com.br\/blog\/#\/schema\/logo\/image\/\",\"url\":\"https:\/\/www.madeirasradial.com.br\/blog\/wp-content\/uploads\/2022\/04\/logo-sas.png\",\"contentUrl\":\"https:\/\/www.madeirasradial.com.br\/blog\/wp-content\/uploads\/2022\/04\/logo-sas.png\",\"width\":640,\"height\":123,\"caption\":\"Madeiras Radial\"},\"image\":{\"@id\":\"https:\/\/www.madeirasradial.com.br\/blog\/#\/schema\/logo\/image\/\"}},{\"@type\":\"Person\",\"@id\":\"https:\/\/www.madeirasradial.com.br\/blog\/#\/schema\/person\/112c22676c0df61d87d28e82ec250e9e\",\"name\":\"admin\",\"image\":{\"@type\":\"ImageObject\",\"inLanguage\":\"pt-BR\",\"@id\":\"https:\/\/www.madeirasradial.com.br\/blog\/#\/schema\/person\/image\/\",\"url\":\"https:\/\/secure.gravatar.com\/avatar\/3813f53848958b8842eeafda91666185a90010f65ed554379b78794cde6f234a?s=96&d=mm&r=g\",\"contentUrl\":\"https:\/\/secure.gravatar.com\/avatar\/3813f53848958b8842eeafda91666185a90010f65ed554379b78794cde6f234a?s=96&d=mm&r=g\",\"caption\":\"admin\"},\"sameAs\":[\"https:\/\/madeirasradial.com.br\/blog\"],\"url\":\"https:\/\/www.madeirasradial.com.br\/blog\/author\/admin\/\"}]}<\/script>\n<!-- \/ Yoast SEO plugin. -->","yoast_head_json":{"title":"Vantagens do corte de MDF para m\u00f3veis: economia, design e durabilidade - Madeiras Radial","description":"Descubra as principais vantagens do corte de MDF para m\u00f3veis e como essa t\u00e9cnica garante economia, design sofisticado e durabilidade.","robots":{"index":"index","follow":"follow","max-snippet":"max-snippet:-1","max-image-preview":"max-image-preview:large","max-video-preview":"max-video-preview:-1"},"canonical":"https:\/\/www.madeirasradial.com.br\/blog\/corte-de-mdf\/vantagens-do-corte-de-mdf-para-moveis-economia-design-e-durabilidade\/","og_locale":"pt_BR","og_type":"article","og_title":"Vantagens do corte de MDF para m\u00f3veis: economia, design e durabilidade - Madeiras Radial","og_description":"Descubra as principais vantagens do corte de MDF para m\u00f3veis e como essa t\u00e9cnica garante economia, design sofisticado e durabilidade.","og_url":"https:\/\/www.madeirasradial.com.br\/blog\/corte-de-mdf\/vantagens-do-corte-de-mdf-para-moveis-economia-design-e-durabilidade\/","og_site_name":"Madeiras Radial","article_published_time":"2025-10-15T16:38:57+00:00","article_modified_time":"2025-10-15T16:45:15+00:00","og_image":[{"width":1039,"height":680,"url":"https:\/\/www.madeirasradial.com.br\/blog\/wp-content\/uploads\/2025\/10\/Captura-de-Tela-2025-10-15-a\u0300s-13.31.31.png","type":"image\/png"}],"author":"admin","twitter_card":"summary_large_image","twitter_misc":{"Escrito por":"admin","Est. tempo de leitura":"6 minutos"},"schema":{"@context":"https:\/\/schema.org","@graph":[{"@type":"Article","@id":"https:\/\/www.madeirasradial.com.br\/blog\/corte-de-mdf\/vantagens-do-corte-de-mdf-para-moveis-economia-design-e-durabilidade\/#article","isPartOf":{"@id":"https:\/\/www.madeirasradial.com.br\/blog\/corte-de-mdf\/vantagens-do-corte-de-mdf-para-moveis-economia-design-e-durabilidade\/"},"author":{"name":"admin","@id":"https:\/\/www.madeirasradial.com.br\/blog\/#\/schema\/person\/112c22676c0df61d87d28e82ec250e9e"},"headline":"Vantagens do corte de MDF para m\u00f3veis: economia, design e durabilidade","datePublished":"2025-10-15T16:38:57+00:00","dateModified":"2025-10-15T16:45:15+00:00","mainEntityOfPage":{"@id":"https:\/\/www.madeirasradial.com.br\/blog\/corte-de-mdf\/vantagens-do-corte-de-mdf-para-moveis-economia-design-e-durabilidade\/"},"wordCount":1105,"commentCount":0,"publisher":{"@id":"https:\/\/www.madeirasradial.com.br\/blog\/#organization"},"image":{"@id":"https:\/\/www.madeirasradial.com.br\/blog\/corte-de-mdf\/vantagens-do-corte-de-mdf-para-moveis-economia-design-e-durabilidade\/#primaryimage"},"thumbnailUrl":"https:\/\/www.madeirasradial.com.br\/blog\/wp-content\/uploads\/2025\/10\/Captura-de-Tela-2025-10-15-a\u0300s-13.31.31.png","keywords":["acabamento MDF","como cortar MDF","como escolher empresa de corte de MDF?","como garantir precis\u00e3o no corte de MDF?","como o corte afeta o design dos m\u00f3veis?","corte CNC MDF","corte de MDF Av. Cupec\u00ea","corte de MDF \u00e9 sustent\u00e1vel?","corte de MDF para m\u00f3veis em American\u00f3polis","corte de MDF para m\u00f3veis em Diadema","corte de MDF para m\u00f3veis em Guarulhos","corte de MDF para m\u00f3veis em Osasco","corte de MDF para m\u00f3veis em Santo Amaro","corte de MDF para m\u00f3veis em Santo Andr\u00e9","corte de MDF para m\u00f3veis em S\u00e3o Bernardo","corte de MDF para m\u00f3veis em S\u00e3o Caetano","corte de MDF para m\u00f3veis em s\u00e3o paulo","corte de MDF para m\u00f3veis em sp","corte de MDF para m\u00f3veis na Vila Joaniza","corte de MDF para m\u00f3veis na zona leste","corte de MDF para m\u00f3veis na zona norte","corte de MDF para m\u00f3veis na zona oeste","corte de MDF para m\u00f3veis na zona sul","corte de MDF para m\u00f3veis no ABC","corte de MDF para m\u00f3veis no centro","corte de MDF para m\u00f3veis no Tabo\u00e3o","corte de MDF para m\u00f3veis onde encontrar","corte de MDF para m\u00f3veis perto de mim","corte de MDF para m\u00f3veis pre\u00e7o","corte de MDF para m\u00f3veis pr\u00f3ximo a mim","corte de MDF sob medida","corte MDF profissional","design MDF","diferen\u00e7a entre MDF e MDP no corte?","durabilidade m\u00f3veis MDF","economia corte MDF","empresa de corte de MDF para m\u00f3veis","empresa de corte MDF","empresa Madeiras Radial","marcenaria MDF","MDF \u00e9 dur\u00e1vel?","MDF sob medida S\u00e3o Paulo","m\u00f3veis de MDF dur\u00e1veis","m\u00f3veis planejados MDF","m\u00f3veis sob medida","o que \u00e9 corte CNC MDF?","o que \u00e9 corte de MDF para m\u00f3veis?","o que \u00e9 MDF de alta densidade?","onde encontrar corte MDF em S\u00e3o Paulo?","onde fazer corte de MDF sob medida?","onde fica a Madeiras Radial?","por que o MDF precisa de corte profissional?","quais as vantagens do corte de MDF?","quais m\u00e1quinas fazem o corte de MDF?","quais s\u00e3o os tipos de corte MDF?","qual MDF usar para m\u00f3veis planejados?","quanto custa o corte de MDF para m\u00f3veis?","tecnologia corte MDF","vantagens do CNC no MDF?","vantagens do corte de MDF"],"articleSection":["Corte de MDF"],"inLanguage":"pt-BR","potentialAction":[{"@type":"CommentAction","name":"Comment","target":["https:\/\/www.madeirasradial.com.br\/blog\/corte-de-mdf\/vantagens-do-corte-de-mdf-para-moveis-economia-design-e-durabilidade\/#respond"]}]},{"@type":"WebPage","@id":"https:\/\/www.madeirasradial.com.br\/blog\/corte-de-mdf\/vantagens-do-corte-de-mdf-para-moveis-economia-design-e-durabilidade\/","url":"https:\/\/www.madeirasradial.com.br\/blog\/corte-de-mdf\/vantagens-do-corte-de-mdf-para-moveis-economia-design-e-durabilidade\/","name":"Vantagens do corte de MDF para m\u00f3veis: economia, design e durabilidade - Madeiras Radial","isPartOf":{"@id":"https:\/\/www.madeirasradial.com.br\/blog\/#website"},"primaryImageOfPage":{"@id":"https:\/\/www.madeirasradial.com.br\/blog\/corte-de-mdf\/vantagens-do-corte-de-mdf-para-moveis-economia-design-e-durabilidade\/#primaryimage"},"image":{"@id":"https:\/\/www.madeirasradial.com.br\/blog\/corte-de-mdf\/vantagens-do-corte-de-mdf-para-moveis-economia-design-e-durabilidade\/#primaryimage"},"thumbnailUrl":"https:\/\/www.madeirasradial.com.br\/blog\/wp-content\/uploads\/2025\/10\/Captura-de-Tela-2025-10-15-a\u0300s-13.31.31.png","datePublished":"2025-10-15T16:38:57+00:00","dateModified":"2025-10-15T16:45:15+00:00","description":"Descubra as principais vantagens do corte de MDF para m\u00f3veis e como essa t\u00e9cnica garante economia, design sofisticado e durabilidade.","breadcrumb":{"@id":"https:\/\/www.madeirasradial.com.br\/blog\/corte-de-mdf\/vantagens-do-corte-de-mdf-para-moveis-economia-design-e-durabilidade\/#breadcrumb"},"inLanguage":"pt-BR","potentialAction":[{"@type":"ReadAction","target":["https:\/\/www.madeirasradial.com.br\/blog\/corte-de-mdf\/vantagens-do-corte-de-mdf-para-moveis-economia-design-e-durabilidade\/"]}]},{"@type":"ImageObject","inLanguage":"pt-BR","@id":"https:\/\/www.madeirasradial.com.br\/blog\/corte-de-mdf\/vantagens-do-corte-de-mdf-para-moveis-economia-design-e-durabilidade\/#primaryimage","url":"https:\/\/www.madeirasradial.com.br\/blog\/wp-content\/uploads\/2025\/10\/Captura-de-Tela-2025-10-15-a\u0300s-13.31.31.png","contentUrl":"https:\/\/www.madeirasradial.com.br\/blog\/wp-content\/uploads\/2025\/10\/Captura-de-Tela-2025-10-15-a\u0300s-13.31.31.png","width":1039,"height":680,"caption":"Vantagens do corte de MDF para m\u00f3veis: economia, design e durabilidade"},{"@type":"BreadcrumbList","@id":"https:\/\/www.madeirasradial.com.br\/blog\/corte-de-mdf\/vantagens-do-corte-de-mdf-para-moveis-economia-design-e-durabilidade\/#breadcrumb","itemListElement":[{"@type":"ListItem","position":1,"name":"In\u00edcio","item":"https:\/\/www.madeirasradial.com.br\/blog\/"},{"@type":"ListItem","position":2,"name":"Vantagens do corte de MDF para m\u00f3veis: economia, design e durabilidade"}]},{"@type":"WebSite","@id":"https:\/\/www.madeirasradial.com.br\/blog\/#website","url":"https:\/\/www.madeirasradial.com.br\/blog\/","name":"Madeiras Radial","description":"Blog","publisher":{"@id":"https:\/\/www.madeirasradial.com.br\/blog\/#organization"},"potentialAction":[{"@type":"SearchAction","target":{"@type":"EntryPoint","urlTemplate":"https:\/\/www.madeirasradial.com.br\/blog\/?s={search_term_string}"},"query-input":"required name=search_term_string"}],"inLanguage":"pt-BR"},{"@type":"Organization","@id":"https:\/\/www.madeirasradial.com.br\/blog\/#organization","name":"Madeiras Radial","url":"https:\/\/www.madeirasradial.com.br\/blog\/","logo":{"@type":"ImageObject","inLanguage":"pt-BR","@id":"https:\/\/www.madeirasradial.com.br\/blog\/#\/schema\/logo\/image\/","url":"https:\/\/www.madeirasradial.com.br\/blog\/wp-content\/uploads\/2022\/04\/logo-sas.png","contentUrl":"https:\/\/www.madeirasradial.com.br\/blog\/wp-content\/uploads\/2022\/04\/logo-sas.png","width":640,"height":123,"caption":"Madeiras Radial"},"image":{"@id":"https:\/\/www.madeirasradial.com.br\/blog\/#\/schema\/logo\/image\/"}},{"@type":"Person","@id":"https:\/\/www.madeirasradial.com.br\/blog\/#\/schema\/person\/112c22676c0df61d87d28e82ec250e9e","name":"admin","image":{"@type":"ImageObject","inLanguage":"pt-BR","@id":"https:\/\/www.madeirasradial.com.br\/blog\/#\/schema\/person\/image\/","url":"https:\/\/secure.gravatar.com\/avatar\/3813f53848958b8842eeafda91666185a90010f65ed554379b78794cde6f234a?s=96&d=mm&r=g","contentUrl":"https:\/\/secure.gravatar.com\/avatar\/3813f53848958b8842eeafda91666185a90010f65ed554379b78794cde6f234a?s=96&d=mm&r=g","caption":"admin"},"sameAs":["https:\/\/madeirasradial.com.br\/blog"],"url":"https:\/\/www.madeirasradial.com.br\/blog\/author\/admin\/"}]}},"_links":{"self":[{"href":"https:\/\/www.madeirasradial.com.br\/blog\/wp-json\/wp\/v2\/posts\/405","targetHints":{"allow":["GET"]}}],"collection":[{"href":"https:\/\/www.madeirasradial.com.br\/blog\/wp-json\/wp\/v2\/posts"}],"about":[{"href":"https:\/\/www.madeirasradial.com.br\/blog\/wp-json\/wp\/v2\/types\/post"}],"author":[{"embeddable":true,"href":"https:\/\/www.madeirasradial.com.br\/blog\/wp-json\/wp\/v2\/users\/1"}],"replies":[{"embeddable":true,"href":"https:\/\/www.madeirasradial.com.br\/blog\/wp-json\/wp\/v2\/comments?post=405"}],"version-history":[{"count":1,"href":"https:\/\/www.madeirasradial.com.br\/blog\/wp-json\/wp\/v2\/posts\/405\/revisions"}],"predecessor-version":[{"id":408,"href":"https:\/\/www.madeirasradial.com.br\/blog\/wp-json\/wp\/v2\/posts\/405\/revisions\/408"}],"wp:featuredmedia":[{"embeddable":true,"href":"https:\/\/www.madeirasradial.com.br\/blog\/wp-json\/wp\/v2\/media\/406"}],"wp:attachment":[{"href":"https:\/\/www.madeirasradial.com.br\/blog\/wp-json\/wp\/v2\/media?parent=405"}],"wp:term":[{"taxonomy":"category","embeddable":true,"href":"https:\/\/www.madeirasradial.com.br\/blog\/wp-json\/wp\/v2\/categories?post=405"},{"taxonomy":"post_tag","embeddable":true,"href":"https:\/\/www.madeirasradial.com.br\/blog\/wp-json\/wp\/v2\/tags?post=405"}],"curies":[{"name":"wp","href":"https:\/\/api.w.org\/{rel}","templated":true}]}}